{"id":204430,"date":"2023-12-05T10:00:00","date_gmt":"2023-12-05T09:00:00","guid":{"rendered":"https:\/\/www.tucomarca.com\/wordpress\/segunda\/?p=204430"},"modified":"2023-12-05T12:26:20","modified_gmt":"2023-12-05T11:26:20","slug":"lagrupacio-de-proteccio-civil-de-requena-rep-un-premi-per-la-seua-labor","status":"publish","type":"post","link":"https:\/\/www.tucomarca.com\/wordpress\/segunda\/ca\/lagrupacio-de-proteccio-civil-de-requena-rep-un-premi-per-la-seua-labor\/","title":{"rendered":"L&#8217;agrupaci\u00f3 de Protecci\u00f3 Civil de Requena rep un premi per la seua labor"},"content":{"rendered":"\n<h4 class=\"wp-block-heading\">L&#8217;agrupaci\u00f3 de Protecci\u00f3 Civil de Requena rep un premi per la seua labor, en la celebraci\u00f3 del Dia de la Policia Local, commemorant 170 anys de servei ciutad\u00e0.<\/h4>\n\n\n\n<p>En un emotiu esdeveniment, la ciutat de Paterna va celebrar el Dia de la Policia Local, retent homenatge als 170 anys d&#8217;indestructible servei al ciutad\u00e0. Es va destacar la dedicaci\u00f3 i el comprom\u00eds dels agents que han contribu\u00eft a mantindre la seguretat i l&#8217;ordre en la comunitat al llarg de les d\u00e8cades. En aquest significatiu acte, es va atorgar un especial reconeixement als agents i agrupacions de Protecci\u00f3 Civil, la labor essencial de la qual ha sigut fonamental en situacions d&#8217;emerg\u00e8ncia i protecci\u00f3 ciutadana.<\/p>\n\n\n\n<p>Entre els destacats, l&#8217;agrupaci\u00f3 de Protecci\u00f3 Civil de Requena va rebre un merescut premi en reconeixement a la seua destacada labor. Aquest guard\u00f3 reflecteix el comprom\u00eds i l&#8217;excel\u00b7l\u00e8ncia demostrats per aquesta agrupaci\u00f3 en el seu servei.<\/p>\n\n\n\n<p>Des de l&#8217;Ajuntament de Requena, \u201cvolem expressar nostres m\u00e9s sinceres felicitacions i profund agra\u00efment a tots els agents de la Policia Local i a les agrupacions de Protecci\u00f3 Civil. La seua dedicaci\u00f3 i sacrifici contribueixen de manera inavaluable a la seguretat i benestar dels nostres ciutadans\u201d han manifestat des del consistori. Informa<strong>, Luis Ib\u00e1\u00f1ez.<\/strong><\/p>\n","protected":false},"excerpt":{"rendered":"<div class=\"mh-excerpt\">L&#8217;agrupaci\u00f3 de Protecci\u00f3 Civil de Requena rep un premi per la seua labor, en la celebraci\u00f3 del Dia de la Policia Local, commemorant 170 anys de servei ciutad\u00e0. En un emotiu esdeveniment, la ciutat de <a class=\"mh-excerpt-more\" href=\"https:\/\/www.tucomarca.com\/wordpress\/segunda\/ca\/lagrupacio-de-proteccio-civil-de-requena-rep-un-premi-per-la-seua-labor\/\" title=\"L&#8217;agrupaci\u00f3 de Protecci\u00f3 Civil de Requena rep un premi per la seua labor\">[+] <\/a><\/div>\n","protected":false},"author":12,"featured_media":204429,"comment_status":"open","ping_status":"open","sticky":false,"template":"","format":"standard","meta":{"footnotes":""},"categories":[10948,10894,10904,10947,10908,10909,10896],"tags":[19980,11099,10910],"class_list":{"0":"post-204430","1":"post","2":"type-post","3":"status-publish","4":"format-standard","5":"has-post-thumbnail","7":"category-infraestructuras-ca","8":"category-la-comarca-ca","9":"category-sin-categorizar-ca","10":"category-politica","11":"category-requena-ca","12":"category-requena-utiel-ca","13":"category-seccion-ca","14":"tag-proteccion-civil-de-requena-ca","15":"tag-requena-ca","16":"tag-requena-utiel-ca"},"_links":{"self":[{"href":"https:\/\/www.tucomarca.com\/wordpress\/segunda\/ca\/wp-json\/wp\/v2\/posts\/204430","targetHints":{"allow":["GET"]}}],"collection":[{"href":"https:\/\/www.tucomarca.com\/wordpress\/segunda\/ca\/wp-json\/wp\/v2\/posts"}],"about":[{"href":"https:\/\/www.tucomarca.com\/wordpress\/segunda\/ca\/wp-json\/wp\/v2\/types\/post"}],"author":[{"embeddable":true,"href":"https:\/\/www.tucomarca.com\/wordpress\/segunda\/ca\/wp-json\/wp\/v2\/users\/12"}],"replies":[{"embeddable":true,"href":"https:\/\/www.tucomarca.com\/wordpress\/segunda\/ca\/wp-json\/wp\/v2\/comments?post=204430"}],"version-history":[{"count":0,"href":"https:\/\/www.tucomarca.com\/wordpress\/segunda\/ca\/wp-json\/wp\/v2\/posts\/204430\/revisions"}],"wp:featuredmedia":[{"embeddable":true,"href":"https:\/\/www.tucomarca.com\/wordpress\/segunda\/ca\/wp-json\/wp\/v2\/media\/204429"}],"wp:attachment":[{"href":"https:\/\/www.tucomarca.com\/wordpress\/segunda\/ca\/wp-json\/wp\/v2\/media?parent=204430"}],"wp:term":[{"taxonomy":"category","embeddable":true,"href":"https:\/\/www.tucomarca.com\/wordpress\/segunda\/ca\/wp-json\/wp\/v2\/categories?post=204430"},{"taxonomy":"post_tag","embeddable":true,"href":"https:\/\/www.tucomarca.com\/wordpress\/segunda\/ca\/wp-json\/wp\/v2\/tags?post=204430"}],"curies":[{"name":"wp","href":"https:\/\/api.w.org\/{rel}","templated":true}]}}