{"id":204726,"date":"2023-12-07T13:00:00","date_gmt":"2023-12-07T12:00:00","guid":{"rendered":"https:\/\/www.tucomarca.com\/wordpress\/segunda\/?p=204726"},"modified":"2023-12-08T14:05:00","modified_gmt":"2023-12-08T13:05:00","slug":"alborache-treballa-ja-per-al-zorricos-fest-primer-festival-de-circ-de-carrer-art-urba-i-fotografia-de-la-comunitat-valenciana-que-acollira-al-maig","status":"publish","type":"post","link":"https:\/\/www.tucomarca.com\/wordpress\/segunda\/ca\/alborache-treballa-ja-per-al-zorricos-fest-primer-festival-de-circ-de-carrer-art-urba-i-fotografia-de-la-comunitat-valenciana-que-acollira-al-maig\/","title":{"rendered":"Alborache treballa ja per al \u201cZorricos Fest\u201d primer festival de circ de carrer, art urb\u00e0 i fotografia de la Comunitat Valenciana que acollir\u00e0 al maig"},"content":{"rendered":"\n<p>Com ja informava&nbsp;<strong>tucomarca.com<\/strong>&nbsp;el passat 25 de novembre, els pr\u00f2xims 11 i 12 de maig, el municipi d&#8217;Alborache es convertir\u00e0 en un escenari de circ a l&#8217;aire lliure, on es donaran cita artistes regionals i nacionals per a mostrar els seus espectacles de malabars, acrob\u00e0cies, clown, m\u00e0gia i altres disciplines circenses. El festival d&#8217;art urb\u00e0, organitzat per Dinamic Show, t\u00e9 com a objectiu promoure el circ com una forma d&#8217;expressi\u00f3 art\u00edstica i social, aix\u00ed com fomentar la participaci\u00f3 ciutadana i el desenvolupament tur\u00edstic local.&nbsp;<\/p>\n\n\n\n<p>Zorricos Fest, com s&#8217;ha batejat a l&#8217;esdeveniment, comptar\u00e0 amb una programaci\u00f3 variada i principalment gratu\u00efta, que inclour\u00e0 actuacions de circ de carrer, tallers d&#8217;iniciaci\u00f3 al m\u00f3n de l&#8217;espectacle i a les arts pl\u00e0stiques, exposicions d&#8217;art urb\u00e0, concurs de fotografia, taules redones i \u201cspeed meetings\u201d amb programadors d&#8217;espectacles de la Comunitat Valenciana. D&#8217;aquesta manera, el festival pret\u00e9n ser, a m\u00e9s d&#8217;un projecte l\u00fadic per a la poblaci\u00f3 general, un aparador del sector i un possible trampol\u00ed per als artistes.&nbsp;<\/p>\n\n\n\n<p>L&#8217;ajuntament d&#8217;Alborache crea aquesta iniciativa amb la intenci\u00f3 de formar un espai de trobada, intercanvi i difusi\u00f3 de la cultura circense, aix\u00ed com generar un impacte positiu a nivell cultural i tur\u00edstic en el territori i en els seus habitants. Mostra del comprom\u00eds del municipi amb el festival \u00e9s l&#8217;adequaci\u00f3, per als artistes assistents, d&#8217;instal\u00b7lacions en les quals puguen allotjar-se durant el cap de setmana en el qual tindr\u00e0 lloc l&#8217;esdeveniment, a m\u00e9s de diverses activitats complement\u00e0ries.&nbsp;<\/p>\n\n\n\n<p>Dinamic Xou, l&#8217;empresa organitzadora d&#8217;aquest festival, ha col\u00b7laborat en diverses ocasions amb el Circ del Sol, i aporta a aquest projecte m\u00e9s de 20 anys d&#8217;experi\u00e8ncia en el m\u00f3n del circ contemporani, juntament amb un gran elenc d&#8217;artistes propis que participaran en el n\u00famero final que clausurar\u00e0 el certamen.&nbsp;<\/p>\n\n\n\n<p>Per a m\u00e9s informaci\u00f3 i actualitzacions es pot consultar a l&#8217;ajuntament d&#8217;Alborache, l&#8217;empresa Dinamic Show, la p\u00e0gina web del festival, o les seues xarxes socials:&nbsp;<\/p>\n\n\n\n<ul class=\"wp-block-list\"><li>www.zorricosfest.com<\/li><li>@zorricosfest&nbsp;<\/li><\/ul>\n\n\n\n<p><\/p>\n","protected":false},"excerpt":{"rendered":"<div class=\"mh-excerpt\">Com ja informava&nbsp;tucomarca.com&nbsp;el passat 25 de novembre, els pr\u00f2xims 11 i 12 de maig, el municipi d&#8217;Alborache es convertir\u00e0 en un escenari de circ a l&#8217;aire lliure, on es donaran cita artistes regionals i nacionals <a class=\"mh-excerpt-more\" href=\"https:\/\/www.tucomarca.com\/wordpress\/segunda\/ca\/alborache-treballa-ja-per-al-zorricos-fest-primer-festival-de-circ-de-carrer-art-urba-i-fotografia-de-la-comunitat-valenciana-que-acollira-al-maig\/\" title=\"Alborache treballa ja per al \u201cZorricos Fest\u201d primer festival de circ de carrer, art urb\u00e0 i fotografia de la Comunitat Valenciana que acollir\u00e0 al maig\">[+] <\/a><\/div>\n","protected":false},"author":12,"featured_media":203690,"comment_status":"open","ping_status":"open","sticky":false,"template":"","format":"standard","meta":{"footnotes":""},"categories":[11019,10973,10894,10912,11007,10896],"tags":[11224,10914,19925],"class_list":{"0":"post-204726","1":"post","2":"type-post","3":"status-publish","4":"format-standard","5":"has-post-thumbnail","7":"category-agenda-ca","8":"category-alborache-ca","9":"category-la-comarca-ca","10":"category-la-hoya-ca","11":"category-ocio-y-cultura-ca","12":"category-seccion-ca","13":"tag-alborache-ca","14":"tag-la-hoya-de-bunol-chiva-ca","15":"tag-zorricos-fest-ca"},"_links":{"self":[{"href":"https:\/\/www.tucomarca.com\/wordpress\/segunda\/ca\/wp-json\/wp\/v2\/posts\/204726","targetHints":{"allow":["GET"]}}],"collection":[{"href":"https:\/\/www.tucomarca.com\/wordpress\/segunda\/ca\/wp-json\/wp\/v2\/posts"}],"about":[{"href":"https:\/\/www.tucomarca.com\/wordpress\/segunda\/ca\/wp-json\/wp\/v2\/types\/post"}],"author":[{"embeddable":true,"href":"https:\/\/www.tucomarca.com\/wordpress\/segunda\/ca\/wp-json\/wp\/v2\/users\/12"}],"replies":[{"embeddable":true,"href":"https:\/\/www.tucomarca.com\/wordpress\/segunda\/ca\/wp-json\/wp\/v2\/comments?post=204726"}],"version-history":[{"count":0,"href":"https:\/\/www.tucomarca.com\/wordpress\/segunda\/ca\/wp-json\/wp\/v2\/posts\/204726\/revisions"}],"wp:featuredmedia":[{"embeddable":true,"href":"https:\/\/www.tucomarca.com\/wordpress\/segunda\/ca\/wp-json\/wp\/v2\/media\/203690"}],"wp:attachment":[{"href":"https:\/\/www.tucomarca.com\/wordpress\/segunda\/ca\/wp-json\/wp\/v2\/media?parent=204726"}],"wp:term":[{"taxonomy":"category","embeddable":true,"href":"https:\/\/www.tucomarca.com\/wordpress\/segunda\/ca\/wp-json\/wp\/v2\/categories?post=204726"},{"taxonomy":"post_tag","embeddable":true,"href":"https:\/\/www.tucomarca.com\/wordpress\/segunda\/ca\/wp-json\/wp\/v2\/tags?post=204726"}],"curies":[{"name":"wp","href":"https:\/\/api.w.org\/{rel}","templated":true}]}}