{"id":204749,"date":"2023-12-08T11:00:00","date_gmt":"2023-12-08T10:00:00","guid":{"rendered":"https:\/\/www.tucomarca.com\/wordpress\/segunda\/?p=204749"},"modified":"2023-12-08T14:19:10","modified_gmt":"2023-12-08T13:19:10","slug":"els-bombers-rescaten-en-helicopter-a-un-ciclista-accidentat-en-una-pista-forestal-de-lliria","status":"publish","type":"post","link":"https:\/\/www.tucomarca.com\/wordpress\/segunda\/ca\/els-bombers-rescaten-en-helicopter-a-un-ciclista-accidentat-en-una-pista-forestal-de-lliria\/","title":{"rendered":"Els bombers rescaten en helic\u00f2pter a un ciclista accidentat en una pista forestal de Ll\u00edria"},"content":{"rendered":"\n<p>Efectius del Consorci Provincial de Bombers de Val\u00e8ncia han rescatat a un ciclista que havia caigut aquest divendres al mat\u00ed en una pista forestal del terme municipal de Ll\u00edria.<\/p>\n\n\n\n<p>Concretament, a les 10,44 hores s&#8217;han mobilitzat efectius del Grup Especial de Rescat a Altura, GERA, amb l&#8217;helic\u00f2pter V-990 del Consorci dotat d&#8217;un metge, del sergent de Paterna, els bombers de l&#8217;Eliana i una unitat de bombers forestals de GVA.\u00a0<\/p>\n\n\n\n<p>Una vegada realitzades les primeres atencions m\u00e8diques, els rescatadors del GERA han realitzat extracci\u00f3 a\u00e8ria i ha sigut evacuat amb helic\u00f2pter fins a l&#8217;hospital de Ll\u00edria.<\/p>\n\n\n\n<figure class=\"wp-block-image size-large\"><img loading=\"lazy\" decoding=\"async\" width=\"754\" height=\"1024\" src=\"http:\/\/www.tucomarca.com\/wordpress\/segunda\/wp-content\/uploads\/2023\/12\/BombersLliria2-754x1024.jpg\" alt=\"\" class=\"wp-image-204752\" srcset=\"https:\/\/www.tucomarca.com\/wordpress\/segunda\/wp-content\/uploads\/2023\/12\/BombersLliria2-754x1024.jpg 754w, https:\/\/www.tucomarca.com\/wordpress\/segunda\/wp-content\/uploads\/2023\/12\/BombersLliria2-221x300.jpg 221w, https:\/\/www.tucomarca.com\/wordpress\/segunda\/wp-content\/uploads\/2023\/12\/BombersLliria2-768x1044.jpg 768w, https:\/\/www.tucomarca.com\/wordpress\/segunda\/wp-content\/uploads\/2023\/12\/BombersLliria2-1130x1536.jpg 1130w, https:\/\/www.tucomarca.com\/wordpress\/segunda\/wp-content\/uploads\/2023\/12\/BombersLliria2.jpg 1413w\" sizes=\"auto, (max-width: 754px) 100vw, 754px\" \/><\/figure>\n","protected":false},"excerpt":{"rendered":"<div class=\"mh-excerpt\">Efectius del Consorci Provincial de Bombers de Val\u00e8ncia han rescatat a un ciclista que havia caigut aquest divendres al mat\u00ed en una pista forestal del terme municipal de Ll\u00edria. Concretament, a les 10,44 hores s&#8217;han <a class=\"mh-excerpt-more\" href=\"https:\/\/www.tucomarca.com\/wordpress\/segunda\/ca\/els-bombers-rescaten-en-helicopter-a-un-ciclista-accidentat-en-una-pista-forestal-de-lliria\/\" title=\"Els bombers rescaten en helic\u00f2pter a un ciclista accidentat en una pista forestal de Ll\u00edria\">[+] <\/a><\/div>\n","protected":false},"author":1,"featured_media":204747,"comment_status":"open","ping_status":"open","sticky":false,"template":"","format":"image","meta":{"footnotes":""},"categories":[10892,10898,10894,10904,10928,10903,10896,10897],"tags":[10899,11070],"class_list":{"0":"post-204749","1":"post","2":"type-post","3":"status-publish","4":"format-image","5":"has-post-thumbnail","7":"category-camp-de-turia-ca","8":"category-ventana-ca","9":"category-la-comarca-ca","10":"category-sin-categorizar-ca","11":"category-lliria-ca","12":"category-medio-ambiente-la-comarca-ca","13":"category-seccion-ca","14":"category-sucesos-la-comarca-ca","15":"tag-camp-de-turia-ca","16":"tag-lliria-ca","17":"post_format-post-format-image"},"_links":{"self":[{"href":"https:\/\/www.tucomarca.com\/wordpress\/segunda\/ca\/wp-json\/wp\/v2\/posts\/204749","targetHints":{"allow":["GET"]}}],"collection":[{"href":"https:\/\/www.tucomarca.com\/wordpress\/segunda\/ca\/wp-json\/wp\/v2\/posts"}],"about":[{"href":"https:\/\/www.tucomarca.com\/wordpress\/segunda\/ca\/wp-json\/wp\/v2\/types\/post"}],"author":[{"embeddable":true,"href":"https:\/\/www.tucomarca.com\/wordpress\/segunda\/ca\/wp-json\/wp\/v2\/users\/1"}],"replies":[{"embeddable":true,"href":"https:\/\/www.tucomarca.com\/wordpress\/segunda\/ca\/wp-json\/wp\/v2\/comments?post=204749"}],"version-history":[{"count":0,"href":"https:\/\/www.tucomarca.com\/wordpress\/segunda\/ca\/wp-json\/wp\/v2\/posts\/204749\/revisions"}],"wp:featuredmedia":[{"embeddable":true,"href":"https:\/\/www.tucomarca.com\/wordpress\/segunda\/ca\/wp-json\/wp\/v2\/media\/204747"}],"wp:attachment":[{"href":"https:\/\/www.tucomarca.com\/wordpress\/segunda\/ca\/wp-json\/wp\/v2\/media?parent=204749"}],"wp:term":[{"taxonomy":"category","embeddable":true,"href":"https:\/\/www.tucomarca.com\/wordpress\/segunda\/ca\/wp-json\/wp\/v2\/categories?post=204749"},{"taxonomy":"post_tag","embeddable":true,"href":"https:\/\/www.tucomarca.com\/wordpress\/segunda\/ca\/wp-json\/wp\/v2\/tags?post=204749"}],"curies":[{"name":"wp","href":"https:\/\/api.w.org\/{rel}","templated":true}]}}