{"id":204819,"date":"2023-12-08T11:45:00","date_gmt":"2023-12-08T10:45:00","guid":{"rendered":"https:\/\/www.tucomarca.com\/wordpress\/segunda\/?p=204819"},"modified":"2023-12-08T19:14:38","modified_gmt":"2023-12-08T18:14:38","slug":"bunyol-acollira-la-nova-oficina-comarcal-de-la-diputacio-per-a-acostar-els-serveis-als-municipis-de-la-foia","status":"publish","type":"post","link":"https:\/\/www.tucomarca.com\/wordpress\/segunda\/ca\/bunyol-acollira-la-nova-oficina-comarcal-de-la-diputacio-per-a-acostar-els-serveis-als-municipis-de-la-foia\/","title":{"rendered":"Bunyol acollir\u00e0 la nova oficina comarcal de la Diputaci\u00f3 per a acostar els serveis als municipis de la Foia"},"content":{"rendered":"\n<h3 class=\"wp-block-heading\"><strong><strong>La vicepresidenta primera, Nat\u00e0lia Enguix, responsable de Cooperaci\u00f3, visita diversos empla\u00e7aments junt amb l&#8217;alcaldessa, Virginia Sanz, i la vicepresidenta segona, Reme Mazzolari, amb la intenci\u00f3 d&#8217;acostar la corporaci\u00f3 als ve\u00efns i ve\u00efnes en un espai c\u00e8ntric i accessible<\/strong><\/strong><\/h3>\n\n\n\n<p>Bu\u00f1ol acollir\u00e0 la nova oficina comarcal de la Diputaci\u00f3 de Val\u00e8ncia per a acostar els serveis que presta la corporaci\u00f3 als municipis de la Foia. Aix\u00ed ho ha explicat la vicepresidenta primera i responsable de Comarcalitzaci\u00f3, Nat\u00e0lia Enguix, despr\u00e9s de la seua visita a Bunyol, on acompanyada per l&#8217;alcaldessa, Virginia Sanz, i la vicepresidenta segona i diputada d&#8217;Infraestructures, Reme Mazzolari, va rec\u00f3rrer diferents empla\u00e7aments que puguen destinar-se a este efecte en un espai c\u00e8ntric i accessible.<\/p>\n\n\n\n<p>Enguix est\u00e0 traslladant a les comarques el projecte iniciat per la Diputaci\u00f3 fa huit anys amb Jorge Rodr\u00edguez com a president, i que ara \u201crecuperarem amb el president Momp\u00f3 i amb un govern provincial que compartix la mateixa visi\u00f3 del municipalisme\u201d. La titular de Cooperaci\u00f3 assenyala que l\u2019objectiu \u00e9s \u201cacostar la instituci\u00f3 als municipis i que cada vegada estiga m\u00e9s pr\u00f2xima a les comarques valencianes, amb un major grau d&#8217;efici\u00e8ncia en la prestaci\u00f3 dels serveis\u201d.<\/p>\n\n\n\n<p>La vicepresidenta primera va avan\u00e7ar a l&#8217;alcaldessa de Bunyol, Virg\u00ednia Sanz, que la intenci\u00f3 de l&#8217;\u00e0rea que dirigix \u00e9s \u201ccentralitzar en estes oficines comarcals el servei de gesti\u00f3 tribut\u00e0ria que ja presta la Diputaci\u00f3, per\u00f2 completar-lo amb l&#8217;assist\u00e8ncia de professionals, el treball dels quals \u00e9s de gran rellev\u00e0ncia per als ajuntaments, cas d&#8217;arquitectes, enginyers i t\u00e8cnics d&#8217;Administraci\u00f3 General\u201d.<\/p>\n\n\n\n<p>Per part seua, l&#8217;alcaldessa ha mostrat la seua satisfacci\u00f3 perqu\u00e8 la Diputaci\u00f3 \u201cdemostra que confia en el creixement de Bunyol i tamb\u00e9 vol acostar la instituci\u00f3 a la ciutadania, una cosa molt important per la confian\u00e7a que es transmet als ve\u00efns, ja que moltes vegades hem sigut el gran oblidat de la comarca. Bunyol vol ser capital de comarca amb maj\u00fascules\u201d, ha afegit Virginia Sanz.<\/p>\n\n\n\n<p>Nat\u00e0lia Enguix ha visitat Bunyol despr\u00e9s d&#8217;haver fet el propi a Utiel, on la Diputaci\u00f3 t\u00e9 previst igualment instal\u00b7lar una oficina comarcal que amplie els serveis que es presta als municipis, i que en l&#8217;actualitat se centren en la gesti\u00f3 tribut\u00e0ria. Les oficines d&#8217;Utiel i Bu\u00f1ol formen part del projecte global que l&#8217;\u00e0rea de Cooperaci\u00f3 Municipal que dirigix Enguix pret\u00e9n implantar en la present legislatura, incloent-hi instal\u00b7lacions provincials d&#8217;atenci\u00f3 als ajuntaments i els ciutadans a Ll\u00edria, Ontinyent, Sagunt, Gandia, X\u00e0tiva, Xiva i Aiora, entre altres municipis.<\/p>\n","protected":false},"excerpt":{"rendered":"<div class=\"mh-excerpt\">La vicepresidenta primera, Nat\u00e0lia Enguix, responsable de Cooperaci\u00f3, visita diversos empla\u00e7aments junt amb l&#8217;alcaldessa, Virginia Sanz, i la vicepresidenta segona, Reme Mazzolari, amb la intenci\u00f3 d&#8217;acostar la corporaci\u00f3 als ve\u00efns i ve\u00efnes en un espai <a class=\"mh-excerpt-more\" href=\"https:\/\/www.tucomarca.com\/wordpress\/segunda\/ca\/bunyol-acollira-la-nova-oficina-comarcal-de-la-diputacio-per-a-acostar-els-serveis-als-municipis-de-la-foia\/\" title=\"Bunyol acollir\u00e0 la nova oficina comarcal de la Diputaci\u00f3 per a acostar els serveis als municipis de la Foia\">[+] <\/a><\/div>\n","protected":false},"author":1,"featured_media":204816,"comment_status":"open","ping_status":"open","sticky":false,"template":"","format":"standard","meta":{"footnotes":""},"categories":[10911,10898,10948,10894,10904,10912,10947,10896],"tags":[10913,11246,11401,10914],"class_list":{"0":"post-204819","1":"post","2":"type-post","3":"status-publish","4":"format-standard","5":"has-post-thumbnail","7":"category-bunol-ca","8":"category-ventana-ca","9":"category-infraestructuras-ca","10":"category-la-comarca-ca","11":"category-sin-categorizar-ca","12":"category-la-hoya-ca","13":"category-politica","14":"category-seccion-ca","15":"tag-bunol-ca","16":"tag-diputacio-de-valencia-ca","17":"tag-diputacion-de-valencia-ca","18":"tag-la-hoya-de-bunol-chiva-ca"},"_links":{"self":[{"href":"https:\/\/www.tucomarca.com\/wordpress\/segunda\/ca\/wp-json\/wp\/v2\/posts\/204819","targetHints":{"allow":["GET"]}}],"collection":[{"href":"https:\/\/www.tucomarca.com\/wordpress\/segunda\/ca\/wp-json\/wp\/v2\/posts"}],"about":[{"href":"https:\/\/www.tucomarca.com\/wordpress\/segunda\/ca\/wp-json\/wp\/v2\/types\/post"}],"author":[{"embeddable":true,"href":"https:\/\/www.tucomarca.com\/wordpress\/segunda\/ca\/wp-json\/wp\/v2\/users\/1"}],"replies":[{"embeddable":true,"href":"https:\/\/www.tucomarca.com\/wordpress\/segunda\/ca\/wp-json\/wp\/v2\/comments?post=204819"}],"version-history":[{"count":0,"href":"https:\/\/www.tucomarca.com\/wordpress\/segunda\/ca\/wp-json\/wp\/v2\/posts\/204819\/revisions"}],"wp:featuredmedia":[{"embeddable":true,"href":"https:\/\/www.tucomarca.com\/wordpress\/segunda\/ca\/wp-json\/wp\/v2\/media\/204816"}],"wp:attachment":[{"href":"https:\/\/www.tucomarca.com\/wordpress\/segunda\/ca\/wp-json\/wp\/v2\/media?parent=204819"}],"wp:term":[{"taxonomy":"category","embeddable":true,"href":"https:\/\/www.tucomarca.com\/wordpress\/segunda\/ca\/wp-json\/wp\/v2\/categories?post=204819"},{"taxonomy":"post_tag","embeddable":true,"href":"https:\/\/www.tucomarca.com\/wordpress\/segunda\/ca\/wp-json\/wp\/v2\/tags?post=204819"}],"curies":[{"name":"wp","href":"https:\/\/api.w.org\/{rel}","templated":true}]}}