{"id":205167,"date":"2023-12-13T09:00:00","date_gmt":"2023-12-13T08:00:00","guid":{"rendered":"https:\/\/www.tucomarca.com\/wordpress\/segunda\/?p=205167"},"modified":"2023-12-13T10:43:30","modified_gmt":"2023-12-13T09:43:30","slug":"lalcalde-de-la-pobla-de-vallbona-sollicita-a-sanitat-la-construccio-dun-nou-centre-de-salut","status":"publish","type":"post","link":"https:\/\/www.tucomarca.com\/wordpress\/segunda\/ca\/lalcalde-de-la-pobla-de-vallbona-sollicita-a-sanitat-la-construccio-dun-nou-centre-de-salut\/","title":{"rendered":"<strong>L&#8217;alcalde de la Pobla de Vallbona sol\u00b7licita a Sanitat la construcci\u00f3 d&#8217;un nou centre de salut<\/strong>"},"content":{"rendered":"\n<h3 class=\"wp-block-heading\"><strong>Abel Mart\u00ed: \u201cTreballem perqu\u00e8 el segon centre de salut de la Pobla de Vallbona siga una realitat al m\u00e9s prompte possible\u201d<\/strong><\/h3>\n\n\n\n<h3 class=\"wp-block-heading\"><strong>L&#8217;alcalde i el regidor de sanitat s&#8217;han reunit amb el conseller de Sanitat, Marciano G\u00f3mez<\/strong><\/h3>\n\n\n\n<p>L&#8217;alcalde de la Pobla de Vallbona, Abel Mart\u00ed, i el regidor de Sanitat, Jaime Ruix, han mantingut una reuni\u00f3 de treball amb el conseller de Sanitat, Marciano G\u00f3mez. Durant la reuni\u00f3 s&#8217;ha traslladat al mandatari auton\u00f2mic les necessitats sanit\u00e0ries del municipi despr\u00e9s del gran creixement demogr\u00e0fic dels \u00faltims anys, entre els quals destaca la construcci\u00f3 d&#8217;un nou centre de salut.<\/p>\n\n\n\n<p>\u201cTornem satisfets pels passos que hem donat en esta primera presa de contacte\u201d, ha afirmat Abel Mart\u00ed, qui considera que el conseller \u201cha demostrat gran empatia i serietat respecte a la situaci\u00f3 que vivim des de fa anys a la Pobla. Ens ha informat que vindr\u00e0 al m\u00e9s prompte possible per a con\u00e9ixer de primera m\u00e0 la situaci\u00f3 del nostre servici sanitari i, a partir d&#8217;ac\u00ed, estudiar la possibilitat d&#8217;ampliar la nostra infraestructura sanit\u00e0ria\u201d.<\/p>\n\n\n\n<p>La construcci\u00f3 d&#8217;un segon centre de salut en el municipi \u00e9s la via a trav\u00e9s de la qual es podria donar eixida a la massificaci\u00f3 que es viu en l&#8217;actualitat. Alguna cosa que, segons el primer edil de la Pobla de Vallbona, \u201ctreballem perqu\u00e8 siga una realitat, i davant el que el conseller ha mostrat gran inter\u00e9s, motiu pel qual es produir\u00e0 prompte eixa visita a l&#8217;actual centre de salut, perqu\u00e8 puga tindre tota la informaci\u00f3 de primera m\u00e0 i, d&#8217;eixe mode, avan\u00e7ar per a complir els requisits perqu\u00e8 el nostre municipi tinga una infraestructura vital per al seu futur\u201d.<\/p>\n\n\n\n<p>Falta d&#8217;espai<\/p>\n\n\n\n<p>El conseller de Sanitat ha pogut con\u00e9ixer, i fins i tot veure a trav\u00e9s de fotografies recents, que la falta d&#8217;espai en el centre sanitari dificulta el treball dels professionals. \u201cVol\u00edem traslladar que el que reclamem \u00e9s una necessitat objectiva, per aix\u00f2 ahir mateix vam estar amb els responsables del centre de salut perqu\u00e8 ens mostraren com estan treballant hui dia i mostrar-li amb imatges la realitat del centre al conseller\u201d, ha assenyalat Jaime Ruix. L&#8217;edil de Sanitat s&#8217;ha mostrat satisfet amb la resposta del conseller, qui \u201cha reaccionat amb molt d&#8217;inter\u00e9s, mostrant la seua implicaci\u00f3 perqu\u00e8 la ciutadania tinga una resposta que els oferisca uns servicis de qualitat\u201d.<\/p>\n\n\n\n<p>En pr\u00f2ximes dates es concretar\u00e0 una visita per part de Marciano G\u00f3mez a la Pobla de Vallbona en la qual el responsable de Sanitat determinar\u00e0 els pr\u00f2xims passos a donar per a estudiar la reivindicaci\u00f3 del segon centre de salut de la Pobla de Vallbona. Un pas per al qual trobar\u00e0 totes les facilitats per part de l&#8217;Ajuntament, ja que \u201ca la Pobla hi ha espai per a comen\u00e7ar a construir quan indique la conselleria, perqu\u00e8 la salut del nostre ve\u00efnat \u00e9s priorit\u00e0ria per a nosaltres\u201d, ha sentenciat Abel Mart\u00ed.<\/p>\n","protected":false},"excerpt":{"rendered":"<div class=\"mh-excerpt\">Abel Mart\u00ed: \u201cTreballem perqu\u00e8 el segon centre de salut de la Pobla de Vallbona siga una realitat al m\u00e9s prompte possible\u201d L&#8217;alcalde i el regidor de sanitat s&#8217;han reunit amb el conseller de Sanitat, Marciano <a class=\"mh-excerpt-more\" href=\"https:\/\/www.tucomarca.com\/wordpress\/segunda\/ca\/lalcalde-de-la-pobla-de-vallbona-sollicita-a-sanitat-la-construccio-dun-nou-centre-de-salut\/\" title=\"L&#8217;alcalde de la Pobla de Vallbona sol\u00b7licita a Sanitat la construcci\u00f3 d&#8217;un nou centre de salut\">[+] <\/a><\/div>\n","protected":false},"author":1,"featured_media":205165,"comment_status":"open","ping_status":"open","sticky":false,"template":"","format":"standard","meta":{"footnotes":""},"categories":[10892,10948,10894,10915,10947,10896],"tags":[10899,10916],"class_list":{"0":"post-205167","1":"post","2":"type-post","3":"status-publish","4":"format-standard","5":"has-post-thumbnail","7":"category-camp-de-turia-ca","8":"category-infraestructuras-ca","9":"category-la-comarca-ca","10":"category-la-pobla-ca","11":"category-politica","12":"category-seccion-ca","13":"tag-camp-de-turia-ca","14":"tag-la-pobla-de-vallbona-ca"},"_links":{"self":[{"href":"https:\/\/www.tucomarca.com\/wordpress\/segunda\/ca\/wp-json\/wp\/v2\/posts\/205167","targetHints":{"allow":["GET"]}}],"collection":[{"href":"https:\/\/www.tucomarca.com\/wordpress\/segunda\/ca\/wp-json\/wp\/v2\/posts"}],"about":[{"href":"https:\/\/www.tucomarca.com\/wordpress\/segunda\/ca\/wp-json\/wp\/v2\/types\/post"}],"author":[{"embeddable":true,"href":"https:\/\/www.tucomarca.com\/wordpress\/segunda\/ca\/wp-json\/wp\/v2\/users\/1"}],"replies":[{"embeddable":true,"href":"https:\/\/www.tucomarca.com\/wordpress\/segunda\/ca\/wp-json\/wp\/v2\/comments?post=205167"}],"version-history":[{"count":0,"href":"https:\/\/www.tucomarca.com\/wordpress\/segunda\/ca\/wp-json\/wp\/v2\/posts\/205167\/revisions"}],"wp:featuredmedia":[{"embeddable":true,"href":"https:\/\/www.tucomarca.com\/wordpress\/segunda\/ca\/wp-json\/wp\/v2\/media\/205165"}],"wp:attachment":[{"href":"https:\/\/www.tucomarca.com\/wordpress\/segunda\/ca\/wp-json\/wp\/v2\/media?parent=205167"}],"wp:term":[{"taxonomy":"category","embeddable":true,"href":"https:\/\/www.tucomarca.com\/wordpress\/segunda\/ca\/wp-json\/wp\/v2\/categories?post=205167"},{"taxonomy":"post_tag","embeddable":true,"href":"https:\/\/www.tucomarca.com\/wordpress\/segunda\/ca\/wp-json\/wp\/v2\/tags?post=205167"}],"curies":[{"name":"wp","href":"https:\/\/api.w.org\/{rel}","templated":true}]}}