{"id":205175,"date":"2023-12-13T08:35:00","date_gmt":"2023-12-13T07:35:00","guid":{"rendered":"https:\/\/www.tucomarca.com\/wordpress\/segunda\/?p=205175"},"modified":"2023-12-13T12:02:57","modified_gmt":"2023-12-13T11:02:57","slug":"el-cvi-aprova-la-modificacio-del-projecte-de-gestio-per-a-millores-en-la-planta-per-valor-de-13-milions","status":"publish","type":"post","link":"https:\/\/www.tucomarca.com\/wordpress\/segunda\/ca\/el-cvi-aprova-la-modificacio-del-projecte-de-gestio-per-a-millores-en-la-planta-per-valor-de-13-milions\/","title":{"rendered":"El CVI aprova la modificaci\u00f3 del projecte de gesti\u00f3 per a millores en la planta per valor de 1,3 milions"},"content":{"rendered":"\n<h3 class=\"wp-block-heading\">Amb aquesta millora en les instal\u00b7lacions es preveu evitar prop de 9.000 tones de residus en l&#8217;abocador a l&#8217;any<br>L&#8217;actuaci\u00f3 permetr\u00e0 estalviar 270.000 euros anuals als municipis consorciats en concepte d&#8217;impost d&#8217;abocament<\/h3>\n\n\n\n<p>L&#8217;Assemblea General del Consorci Val\u00e8ncia Interior (V-3) ha aprovat la modificaci\u00f3 del projecte de gesti\u00f3 per a escometre millores tecnol\u00f2giques en les plantes de tractament de residus de Ll\u00edria i Caudete de las Fuentes. L&#8217;actuaci\u00f3 porta aparellada la incorporaci\u00f3 de nova maquin\u00e0ria que permetr\u00e0 millorar les r\u00e0tios de valoritzaci\u00f3 de residus i disminuir un 10% el rebuig a abocador, duent a terme un millor tractament dels residus en les instal\u00b7lacions consorciades. El global de l&#8217;import per a les millores d&#8217;aquesta primera fita \u00e9s de 1,3 milions d&#8217;euros, dels quals 500.000 procedeixen d&#8217;una subvenci\u00f3 de la Generalitat Valenciana.<br>En concret, es pret\u00e9n millorar la l\u00ednia de classificaci\u00f3 de la planta de tractament de residus de Ll\u00edria per a incrementar la seua efic\u00e0cia en la recuperaci\u00f3 de materials susceptibles de ser reciclats. Quant a la planta de Caudete de las Fuentes, es preveu millores en la instal\u00b7laci\u00f3 d&#8217;afinament del compost, la qual cosa permetr\u00e0 augmentar la quantitat de residus lleugers recollits en l&#8217;aspiraci\u00f3 pneum\u00e0tica del citat proc\u00e9s d&#8217;afinament del compost, aix\u00ed com fraccions separades del tractament de bioresidus de poda recollits selectivament.<br>Una vegada s&#8217;instal\u00b7le nova maquin\u00e0ria, s&#8217;estima que deixaran de depositar-se en l&#8217;abocador un total de 8.984 tones anuals de residus, millorant aix\u00ed la recuperaci\u00f3 de residus.<br>Tal com va assenyalar el president, Francisco G\u00f3mez, aquesta actuaci\u00f3 \u00e9s important ja que permetr\u00e0 als municipis consorciats un estalvi en el nou impost d&#8217;abocament. I \u00e9s que els ajuntaments han de pagar des d&#8217;aquest any 2023 un preu de 30 euros per cada tona que es deposita en l&#8217;abocador despr\u00e9s del tractament en les plantes. En total, els municipis del CVI han de pagar aquest any 2023 m\u00e9s de 3,1 milions d&#8217;euros en aquest concepte. Amb la implementaci\u00f3 d&#8217;aquesta fita es preveu un estalvi d&#8217;uns 270.000 euros en el conjunt del Consorci Val\u00e8ncia Interior.<br>L&#8217;assemblea d&#8217;ahir tamb\u00e9 va aprovar la pr\u00f2rroga de sis mesos del conveni amb el Consorci de Residus COR-V5, at\u00e9s que aquesta entitat no t\u00e9 instal\u00b7lacions pr\u00f2pies de tractament de residus i envia entre 15.000 i 20.000 tones de residus a l&#8217;any a les plantes de Ll\u00edria i Caudete de las Fuentes.<br>Qu\u00e8 \u00e9s el Consorci Val\u00e8ncia Interior<br>El Consorci Val\u00e8ncia Interior \u00e9s l&#8217;ens supramunicipal que duu a terme el tractament dels residus de 61 municipis de les cinc comarques de l&#8217;interior de la prov\u00edncia de Val\u00e8ncia: Camp de T\u00faria, la Regi\u00f3 muntanyenca, la Foia de Bunyol-Xiva, la Plana Utiel-Requena i el Rac\u00f3 d&#8217;Adem\u00fas. Per a aix\u00f2 compta amb dues plantes de tractament de residus, situades a Ll\u00edria i Caudete de las Fuentes, aix\u00ed com una planta de transfer\u00e8ncia a Xiva. \u00c9s a Caudete de las Fuentes on es troba tamb\u00e9 situat l&#8217;abocador, lloc on s&#8217;eliminen de manera segura les fraccions que no han pogut ser recuperades en les plantes de tractament.<\/p>\n\n\n\n<h3 class=\"wp-block-heading\"><\/h3>\n","protected":false},"excerpt":{"rendered":"<div class=\"mh-excerpt\">Amb aquesta millora en les instal\u00b7lacions es preveu evitar prop de 9.000 tones de residus en l&#8217;abocador a l&#8217;anyL&#8217;actuaci\u00f3 permetr\u00e0 estalviar 270.000 euros anuals als municipis consorciats en concepte d&#8217;impost d&#8217;abocament L&#8217;Assemblea General del Consorci <a class=\"mh-excerpt-more\" href=\"https:\/\/www.tucomarca.com\/wordpress\/segunda\/ca\/el-cvi-aprova-la-modificacio-del-projecte-de-gestio-per-a-millores-en-la-planta-per-valor-de-13-milions\/\" title=\"El CVI aprova la modificaci\u00f3 del projecte de gesti\u00f3 per a millores en la planta per valor de 1,3 milions\">[+] <\/a><\/div>\n","protected":false},"author":12,"featured_media":205174,"comment_status":"open","ping_status":"open","sticky":false,"template":"","format":"standard","meta":{"footnotes":""},"categories":[10890,10951,10892,11046,10898,10948,10894,10904,10912,10903,10947,10909,10896],"tags":[10899,11117,11305,10914,10910],"class_list":{"0":"post-205175","1":"post","2":"type-post","3":"status-publish","4":"format-standard","5":"has-post-thumbnail","7":"category-ademus","8":"category-ayora-cofrentes-ca","9":"category-camp-de-turia-ca","10":"category-los-serranos-ca","11":"category-ventana-ca","12":"category-infraestructuras-ca","13":"category-la-comarca-ca","14":"category-sin-categorizar-ca","15":"category-la-hoya-ca","16":"category-medio-ambiente-la-comarca-ca","17":"category-politica","18":"category-requena-utiel-ca","19":"category-seccion-ca","20":"tag-camp-de-turia-ca","21":"tag-consorcio-valencia-interior-ca","22":"tag-cvi-ca","23":"tag-la-hoya-de-bunol-chiva-ca","24":"tag-requena-utiel-ca"},"_links":{"self":[{"href":"https:\/\/www.tucomarca.com\/wordpress\/segunda\/ca\/wp-json\/wp\/v2\/posts\/205175","targetHints":{"allow":["GET"]}}],"collection":[{"href":"https:\/\/www.tucomarca.com\/wordpress\/segunda\/ca\/wp-json\/wp\/v2\/posts"}],"about":[{"href":"https:\/\/www.tucomarca.com\/wordpress\/segunda\/ca\/wp-json\/wp\/v2\/types\/post"}],"author":[{"embeddable":true,"href":"https:\/\/www.tucomarca.com\/wordpress\/segunda\/ca\/wp-json\/wp\/v2\/users\/12"}],"replies":[{"embeddable":true,"href":"https:\/\/www.tucomarca.com\/wordpress\/segunda\/ca\/wp-json\/wp\/v2\/comments?post=205175"}],"version-history":[{"count":0,"href":"https:\/\/www.tucomarca.com\/wordpress\/segunda\/ca\/wp-json\/wp\/v2\/posts\/205175\/revisions"}],"wp:featuredmedia":[{"embeddable":true,"href":"https:\/\/www.tucomarca.com\/wordpress\/segunda\/ca\/wp-json\/wp\/v2\/media\/205174"}],"wp:attachment":[{"href":"https:\/\/www.tucomarca.com\/wordpress\/segunda\/ca\/wp-json\/wp\/v2\/media?parent=205175"}],"wp:term":[{"taxonomy":"category","embeddable":true,"href":"https:\/\/www.tucomarca.com\/wordpress\/segunda\/ca\/wp-json\/wp\/v2\/categories?post=205175"},{"taxonomy":"post_tag","embeddable":true,"href":"https:\/\/www.tucomarca.com\/wordpress\/segunda\/ca\/wp-json\/wp\/v2\/tags?post=205175"}],"curies":[{"name":"wp","href":"https:\/\/api.w.org\/{rel}","templated":true}]}}