{"id":205187,"date":"2023-12-14T08:00:00","date_gmt":"2023-12-14T07:00:00","guid":{"rendered":"https:\/\/www.tucomarca.com\/wordpress\/segunda\/?p=205187"},"modified":"2023-12-14T11:54:55","modified_gmt":"2023-12-14T10:54:55","slug":"lhospital-de-manises-es-mante-en-el-top-3-dhospitals-a-la-comunitat-valenciana","status":"publish","type":"post","link":"https:\/\/www.tucomarca.com\/wordpress\/segunda\/ca\/lhospital-de-manises-es-mante-en-el-top-3-dhospitals-a-la-comunitat-valenciana\/","title":{"rendered":"L&#8217;Hospital de Manises es mant\u00e9 en el \u2018top 3\u2019 d&#8217;hospitals a la Comunitat Valenciana"},"content":{"rendered":"\n<h3 class=\"wp-block-heading\"><strong>El Monitor de Reputaci\u00f3 Sanit\u00e0ria de Merco situa a l&#8217;Hospital de Manises en el podi de la Comunitat Valenciana tan sols per darrere de la Fe i el Peset<\/strong>.<\/h3>\n\n\n\n<h3 class=\"wp-block-heading\"><strong>El Dr. Ricardo Trujillo, gerent del Departament de Salut de Manises: \u201cPer cinqu\u00e9 any consecutiu, ens mantenim en una destacada posici\u00f3 en el r\u00e0nquing nacional i aix\u00f2 \u00e9s fruit de la gran faena dels nostres professionals\u201d<\/strong>.<\/h3>\n\n\n\n<h3 class=\"wp-block-heading\"><strong>El Monitor de Reputaci\u00f3 Sanit\u00e0ria (MRS) \u00e9s l&#8217;\u00fanic estudi independent que analitza la reputaci\u00f3 de tota la sanitat espanyola, i a trav\u00e9s del qual s&#8217;ha avaluat als actors del sistema sanitari<\/strong>.<\/h3>\n\n\n\n<figure class=\"wp-block-image size-large\"><img loading=\"lazy\" decoding=\"async\" width=\"1024\" height=\"683\" src=\"http:\/\/www.tucomarca.com\/wordpress\/segunda\/wp-content\/uploads\/2023\/12\/RicardoTrujilloManises-1024x683.jpg\" alt=\"\" class=\"wp-image-205188\" srcset=\"https:\/\/www.tucomarca.com\/wordpress\/segunda\/wp-content\/uploads\/2023\/12\/RicardoTrujilloManises-1024x683.jpg 1024w, https:\/\/www.tucomarca.com\/wordpress\/segunda\/wp-content\/uploads\/2023\/12\/RicardoTrujilloManises-300x200.jpg 300w, https:\/\/www.tucomarca.com\/wordpress\/segunda\/wp-content\/uploads\/2023\/12\/RicardoTrujilloManises-768x512.jpg 768w, https:\/\/www.tucomarca.com\/wordpress\/segunda\/wp-content\/uploads\/2023\/12\/RicardoTrujilloManises-1536x1024.jpg 1536w, https:\/\/www.tucomarca.com\/wordpress\/segunda\/wp-content\/uploads\/2023\/12\/RicardoTrujilloManises-2048x1365.jpg 2048w\" sizes=\"auto, (max-width: 1024px) 100vw, 1024px\" \/><\/figure>\n\n\n\n<p>L&#8217;Hospital de Manises se situa en el podi d&#8217;hospitals a la Comunitat Valenciana amb el lloc n\u00famero 3 en el Monitor de Reputaci\u00f3 Sanit\u00e0ria (MRS) que tots els anys llan\u00e7a la consultora Compre. El doctor Ricardo Trujillo, gerent del Departament de Salut de Manises, ha indicat: \u201c\u00c9s un lloc del qual estem molt orgullosos. L&#8217;Hospital de Manises \u00e9s un hospital comarcal que a base d&#8217;esfor\u00e7 i treball ben fet s&#8217;ha col\u00b7locat en el \u2018top 3\u2019 de la Comunitat Valenciana, tan sols per darrere de La Fe i el Peset\u201d, ha valorat.\u00a0<\/p>\n\n\n\n<p>Aix\u00ed mateix, Trujillo tamb\u00e9 ha explicat que l&#8217;Hospital de Manises repeteix en la pla\u00e7a 25 a nivell nacional, una posici\u00f3 que ha mantingut en els \u00faltims anys: \u201cAquest resultat \u00e9s un aval perqu\u00e8 procedeix d&#8217;un estudi independent que parteix de la valoraci\u00f3 objectiva de 7.953 enquestes a professionals m\u00e8dics i d&#8217;infermeria de tot el territori nacional. Aix\u00f2 ens encoratja a tots els professionals del Departament de Salut de Manises a continuar oferint la millor qualitat assistencial a la nostra poblaci\u00f3\u201d.<\/p>\n\n\n\n<p><strong>Un aval de qualitat assistencial<\/strong><\/p>\n\n\n\n<p>La posici\u00f3 que ocupa l&#8217;Hospital de Manises en el panell de la Comunitat Valenciana respon als nivells de qualitat assistencial que el centre ha mantingut durant l&#8217;any 2022. \u201cValors com els nivells de demora mitjana quir\u00fargica, la valoraci\u00f3 tan positiva que tenen els nostres pacients o els reconeixements externs obtinguts en diferents especialitats, han sigut els que ens han col\u00b7locat en aquesta posici\u00f3 tan privilegiada\u201d, ha explicat el gerent del centre.&nbsp;<br>En el cas de les demores, els usuaris de l&#8217;Hospital de Manises van ser dels quals menys van haver d&#8217;esperar per a una intervenci\u00f3 quir\u00fargica, amb una mitjana de 45 dies d&#8217;espera quan la mitjana auton\u00f2mica es posiciona en els 88, segons dades oficials de 2022 de la pr\u00f2pia Conselleria de Sanitat.&nbsp;<\/p>\n\n\n\n<p>A m\u00e9s, els usuaris de l&#8217;Hospital de Manises tamb\u00e9 confirmen l&#8217;opini\u00f3 respecte a la qualitat de l&#8217;atenci\u00f3 rebuda. Concretament, durant el primer semestre de 2023, el centre hospitalari aconsegueix una nota global de 8,28 sobre 10 punts.&nbsp;<\/p>\n\n\n\n<p><strong>El Monitor de Reputaci\u00f3 Sanit\u00e0ria<\/strong><\/p>\n\n\n\n<p>El Monitor de Reputaci\u00f3 Sanit\u00e0ria (MRS) \u00e9s l&#8217;\u00fanic estudi independent que analitza la reputaci\u00f3 de tota la sanitat espanyola, i es basa en la valoraci\u00f3 de professionals sanitaris. Com a novetat enguany, cal destacar que han participat en la valoraci\u00f3 el doble de professionals que l&#8217;any anterior, amb una mostra de 4.300 persones. A m\u00e9s, l&#8217;opini\u00f3 m\u00e8dica s&#8217;ha complementat amb la d&#8217;associacions de pacients i altres actors sanitaris.&nbsp;<\/p>\n\n\n\n<p>Enguany, s&#8217;han avaluat 3.260 indicadors objectius i 3.616 serveis cl\u00ednics. El proc\u00e9s de realitzaci\u00f3 de l&#8217;estudi ha sigut sotm\u00e9s a una revisi\u00f3 independent per part de KPMG, d&#8217;acord amb la norma ISAE 3000.<\/p>\n\n\n\n<p><strong>Departament de Salut de Manises\u00a0<br><\/strong><br>El Departament de Salut de Manises dona cobertura i assist\u00e8ncia sanit\u00e0ria, tant ambulat\u00f2ria com domicili\u00e0ria a 201.733 persones de 14 localitats a trav\u00e9s de l&#8217;Hospital de Manises, 9 centres de salut, 11 consultoris auxiliars, 2 centres d&#8217;especialitats, 1 centre de salut integrat, l&#8217;Hospital d&#8217;Aguts de Manises i l&#8217;Hospital de Cr\u00f2nics de Mislata. La cura de la salut de les persones que depenen del Departament \u00e9s la m\u00e0xima prioritat.\u00a0<br><br>En eixe sentit, des del seu naixement en 2009, el Departament de Salut ha consolidat un equip professional centrat en l&#8217;assist\u00e8ncia sanit\u00e0ria segura i de qualitat, amb especialitats de refer\u00e8ncia com a traumatologia (premiat com a millor servei p\u00fablic pels TOP 20), matern-infantil (Premis Best Spanish Hospital Awards BHS) o bari\u00e1trica, entre altres. Ha aconseguit uns excel\u00b7lents indicadors en accessibilitat i temps d&#8217;espera, consolidant-se com un dels centres amb menor demora de la Comunitat Valenciana. Ha obtingut el tercer lloc en la qualificaci\u00f3 de centres de la Comunitat amb millors indicadors de qualitat assistencial segons Merco.\u00a0<br><br>L&#8217;Hospital de Manises \u00e9s el centre sanitari p\u00fablic amb m\u00e9s \u00e0rees acreditades per diferents normes de qualitat segons el Registre Auton\u00f2mic de Certificacions en Qualitat de la Conselleria de Sanitat Universal i Salut P\u00fablica. Aix\u00ed, el centre compta amb la m\u00e0xima acreditaci\u00f3 QH que ha atorgat IDIS en 2020. El Departament de Salut de Manises \u00e9s l&#8217;\u00fanic que t\u00e9 tots els seus centres de salut certificats amb l&#8217;ISO 9001:2015 i amb l&#8217;ISO 14001:2015.<br><br>\u00c9s a m\u00e9s un dels deu hospitals d&#8217;Espanya\u202fm\u00e9s compromesos amb l&#8217;acci\u00f3 clim\u00e0tica. Aix\u00ed ho ha reconegut Ecodes. Des de 2013, l&#8217;Hospital de Manises ha aconseguit anar reduint les seues emissions de carboni un 67% i reduir notablement els seus principals consums energ\u00e8tics, establint com una altra de les seues prioritats el respecte i cura del seu entorn.<\/p>\n","protected":false},"excerpt":{"rendered":"<div class=\"mh-excerpt\">El Monitor de Reputaci\u00f3 Sanit\u00e0ria de Merco situa a l&#8217;Hospital de Manises en el podi de la Comunitat Valenciana tan sols per darrere de la Fe i el Peset. El Dr. Ricardo Trujillo, gerent del <a class=\"mh-excerpt-more\" href=\"https:\/\/www.tucomarca.com\/wordpress\/segunda\/ca\/lhospital-de-manises-es-mante-en-el-top-3-dhospitals-a-la-comunitat-valenciana\/\" title=\"L&#8217;Hospital de Manises es mant\u00e9 en el \u2018top 3\u2019 d&#8217;hospitals a la Comunitat Valenciana\">[+] <\/a><\/div>\n","protected":false},"author":1,"featured_media":96135,"comment_status":"open","ping_status":"open","sticky":false,"template":"","format":"standard","meta":{"footnotes":""},"categories":[10973,10911,10892,11010,10898,10977,10980,10948,10894,10904,10912,10902,10931,10978,10947,10906,10896,11047,10974,10975],"tags":[10899,11397,10914,11077],"class_list":{"0":"post-205187","1":"post","2":"type-post","3":"status-publish","4":"format-standard","5":"has-post-thumbnail","7":"category-alborache-ca","8":"category-bunol-ca","9":"category-camp-de-turia-ca","10":"category-canal-salud","11":"category-ventana-ca","12":"category-godelleta-ca","13":"category-yatova-ca","14":"category-infraestructuras-ca","15":"category-la-comarca-ca","16":"category-sin-categorizar-ca","17":"category-la-hoya-ca","18":"category-la-ribera-ca","19":"category-loriguilla-ca","20":"category-macastre-ca","21":"category-politica","22":"category-riba-roja-ca","23":"category-seccion-ca","24":"category-turis-ca","25":"category-cheste-ca","26":"category-chiva-ca","27":"tag-camp-de-turia-ca","28":"tag-hospital-manises-ca","29":"tag-la-hoya-de-bunol-chiva-ca","30":"tag-la-ribera-alta-ca"},"_links":{"self":[{"href":"https:\/\/www.tucomarca.com\/wordpress\/segunda\/ca\/wp-json\/wp\/v2\/posts\/205187","targetHints":{"allow":["GET"]}}],"collection":[{"href":"https:\/\/www.tucomarca.com\/wordpress\/segunda\/ca\/wp-json\/wp\/v2\/posts"}],"about":[{"href":"https:\/\/www.tucomarca.com\/wordpress\/segunda\/ca\/wp-json\/wp\/v2\/types\/post"}],"author":[{"embeddable":true,"href":"https:\/\/www.tucomarca.com\/wordpress\/segunda\/ca\/wp-json\/wp\/v2\/users\/1"}],"replies":[{"embeddable":true,"href":"https:\/\/www.tucomarca.com\/wordpress\/segunda\/ca\/wp-json\/wp\/v2\/comments?post=205187"}],"version-history":[{"count":0,"href":"https:\/\/www.tucomarca.com\/wordpress\/segunda\/ca\/wp-json\/wp\/v2\/posts\/205187\/revisions"}],"wp:featuredmedia":[{"embeddable":true,"href":"https:\/\/www.tucomarca.com\/wordpress\/segunda\/ca\/wp-json\/wp\/v2\/media\/96135"}],"wp:attachment":[{"href":"https:\/\/www.tucomarca.com\/wordpress\/segunda\/ca\/wp-json\/wp\/v2\/media?parent=205187"}],"wp:term":[{"taxonomy":"category","embeddable":true,"href":"https:\/\/www.tucomarca.com\/wordpress\/segunda\/ca\/wp-json\/wp\/v2\/categories?post=205187"},{"taxonomy":"post_tag","embeddable":true,"href":"https:\/\/www.tucomarca.com\/wordpress\/segunda\/ca\/wp-json\/wp\/v2\/tags?post=205187"}],"curies":[{"name":"wp","href":"https:\/\/api.w.org\/{rel}","templated":true}]}}