{"id":205326,"date":"2023-12-17T12:00:00","date_gmt":"2023-12-17T11:00:00","guid":{"rendered":"https:\/\/www.tucomarca.com\/wordpress\/segunda\/?p=205326"},"modified":"2023-12-18T10:23:26","modified_gmt":"2023-12-18T09:23:26","slug":"bunyol-disfrutara-enguany-de-la-seua-i-fira-nadalenca-del-comerc-en-el-passeig-de-sant-lluis","status":"publish","type":"post","link":"https:\/\/www.tucomarca.com\/wordpress\/segunda\/ca\/bunyol-disfrutara-enguany-de-la-seua-i-fira-nadalenca-del-comerc-en-el-passeig-de-sant-lluis\/","title":{"rendered":"Bunyol gaudir\u00e0 enguany de la seua I Fira Nadalenca del Comer\u00e7 en el Passeig de Sant Llu\u00eds"},"content":{"rendered":"\n<p>Des del 22 de desembre al 6 de gener, Bunyol gaudir\u00e0 de la I Fira Nadalenca del Comer\u00e7 que estar\u00e0 situada en el Passeig de Sant Llu\u00eds. Aquesta iniciativa municipal compta amb la col\u00b7laboraci\u00f3 de l&#8217;Associaci\u00f3 de Comerciants de la localitat i amb Turisme Comunitat Valenciana.<\/p>\n\n\n\n<p>Aquestes festes seran m\u00e9s festes per als m\u00e9s xiquets i tamb\u00e9 per als majors, ja que podran gaudir de tallers, atraccions, jocs i compres nadalenques amb la col\u00b7laboraci\u00f3 dels comer\u00e7os locals.&nbsp;<\/p>\n\n\n\n<p><strong>Dijous 21 de desembre &#8211; 19 hores<\/strong><\/p>\n\n\n\n<p>Nadala S. M. \u201cL&#8217;Art\u00edstica\u201d&nbsp;Entrada Teatre Montecarlo<\/p>\n\n\n\n<p><strong>Dissabte 23 de desembre &#8211; 17 hores<\/strong><\/p>\n\n\n\n<p>Caminada Nadalenca. Passeig a peu i amb bicicleta amb disfressa nadalenca<br>Passeig de Sant Llu\u00eds<\/p>\n\n\n\n<p><strong>Dissabte 23 de desembre &#8211; 18 hores<\/strong><\/p>\n\n\n\n<p>Taller escriu la teua carta i adorna el teu arbre + Tast de cava<br>Passeig de Sant Llu\u00eds<\/p>\n\n\n\n<p><strong>Diumenge 24 de desembre &#8211; 12 hores<\/strong><\/p>\n\n\n\n<p>Jocs Tradicionals&nbsp;Plaza del Poble<\/p>\n\n\n\n<p><strong>Diumenge 24 de desembre &#8211; 18 hores<\/strong><\/p>\n\n\n\n<p>Escrite la teua carta, pintacaras i visita de Papa Noel&nbsp;Passeig de Sant Llu\u00eds<\/p>\n\n\n\n<p><strong>Dimarts 26 de desembre &#8211; 18 hores<\/strong><\/p>\n\n\n\n<p>Manualitats amb neu&nbsp;Passeig de Sant Llu\u00eds<\/p>\n\n\n\n<p><strong>Dimecres 27 de desembre &#8211; 12 hores<\/strong><\/p>\n\n\n\n<p>Conta contes&nbsp;Plaza Ventas<\/p>\n\n\n\n<p><strong>Dimecres 27 de desembre &#8211; 18 hores<\/strong><\/p>\n\n\n\n<p>Taller d&#8217;elaboraci\u00f3 de galetes de gingebre&nbsp;Passeig de Sant Llu\u00eds<\/p>\n\n\n\n<p><strong>Dimecres 27 de desembre &#8211; 20 hores<\/strong><\/p>\n\n\n\n<p>Nadala C.I.M. \u201cL&#8217;Harm\u00f2nica\u201d&nbsp;Plaza Ventas<\/p>\n\n\n\n<p><strong>Divendres 29 de desembre &#8211; 18 hores<\/strong><\/p>\n\n\n\n<p>Taller de cotillon i nit de cap d&#8217;any infantil&nbsp;Passeig de Sant Llu\u00eds<\/p>\n\n\n\n<p><strong>Dissabte 30 de desembre &#8211; 18 hores<\/strong><\/p>\n\n\n\n<p>M\u00e0ster Class Ni\u00f1@s Masterchef a c\u00e0rrec de Bunquer + Tast de cervesa<br>Passeig de Sant Llu\u00eds<\/p>\n\n\n\n<p><strong>Dimarts 2 de gener &#8211; 12 hores<\/strong><\/p>\n\n\n\n<p>Taller crea el teu rei mag i adhesius&nbsp;Plaza 5 de Mar\u00e7<\/p>\n\n\n\n<p><strong>Dimecres 3 de gener &#8211; 18 hores<\/strong><\/p>\n\n\n\n<p>Taller careta de rei mag + decoraci\u00f3 de plats&nbsp;Passeig de Sant Llu\u00eds<\/p>\n\n\n\n<p><strong>Dijous 4 de gener &#8211; 18 hores<\/strong><\/p>\n\n\n\n<p>Tapet real i plats per als reis&nbsp;Passeig de Sant Llu\u00eds<\/p>\n\n\n\n<p><strong>Divendres 5 de gener &#8211; 18 hores<\/strong><\/p>\n\n\n\n<p>Cavalcada dels Reis Mags&nbsp;Paseo de Sant Llu\u00eds<\/p>\n\n\n\n<p><\/p>\n","protected":false},"excerpt":{"rendered":"<div class=\"mh-excerpt\">Des del 22 de desembre al 6 de gener, Bunyol gaudir\u00e0 de la I Fira Nadalenca del Comer\u00e7 que estar\u00e0 situada en el Passeig de Sant Llu\u00eds. Aquesta iniciativa municipal compta amb la col\u00b7laboraci\u00f3 de <a class=\"mh-excerpt-more\" href=\"https:\/\/www.tucomarca.com\/wordpress\/segunda\/ca\/bunyol-disfrutara-enguany-de-la-seua-i-fira-nadalenca-del-comerc-en-el-passeig-de-sant-lluis\/\" title=\"Bunyol gaudir\u00e0 enguany de la seua I Fira Nadalenca del Comer\u00e7 en el Passeig de Sant Llu\u00eds\">[+] <\/a><\/div>\n","protected":false},"author":12,"featured_media":205322,"comment_status":"open","ping_status":"open","sticky":false,"template":"","format":"standard","meta":{"footnotes":""},"categories":[11019,10911,10894,10912,11007,10896],"tags":[10913,20038,10914],"class_list":{"0":"post-205326","1":"post","2":"type-post","3":"status-publish","4":"format-standard","5":"has-post-thumbnail","7":"category-agenda-ca","8":"category-bunol-ca","9":"category-la-comarca-ca","10":"category-la-hoya-ca","11":"category-ocio-y-cultura-ca","12":"category-seccion-ca","13":"tag-bunol-ca","14":"tag-i-feria-de-navidad-ca","15":"tag-la-hoya-de-bunol-chiva-ca"},"_links":{"self":[{"href":"https:\/\/www.tucomarca.com\/wordpress\/segunda\/ca\/wp-json\/wp\/v2\/posts\/205326","targetHints":{"allow":["GET"]}}],"collection":[{"href":"https:\/\/www.tucomarca.com\/wordpress\/segunda\/ca\/wp-json\/wp\/v2\/posts"}],"about":[{"href":"https:\/\/www.tucomarca.com\/wordpress\/segunda\/ca\/wp-json\/wp\/v2\/types\/post"}],"author":[{"embeddable":true,"href":"https:\/\/www.tucomarca.com\/wordpress\/segunda\/ca\/wp-json\/wp\/v2\/users\/12"}],"replies":[{"embeddable":true,"href":"https:\/\/www.tucomarca.com\/wordpress\/segunda\/ca\/wp-json\/wp\/v2\/comments?post=205326"}],"version-history":[{"count":0,"href":"https:\/\/www.tucomarca.com\/wordpress\/segunda\/ca\/wp-json\/wp\/v2\/posts\/205326\/revisions"}],"wp:featuredmedia":[{"embeddable":true,"href":"https:\/\/www.tucomarca.com\/wordpress\/segunda\/ca\/wp-json\/wp\/v2\/media\/205322"}],"wp:attachment":[{"href":"https:\/\/www.tucomarca.com\/wordpress\/segunda\/ca\/wp-json\/wp\/v2\/media?parent=205326"}],"wp:term":[{"taxonomy":"category","embeddable":true,"href":"https:\/\/www.tucomarca.com\/wordpress\/segunda\/ca\/wp-json\/wp\/v2\/categories?post=205326"},{"taxonomy":"post_tag","embeddable":true,"href":"https:\/\/www.tucomarca.com\/wordpress\/segunda\/ca\/wp-json\/wp\/v2\/tags?post=205326"}],"curies":[{"name":"wp","href":"https:\/\/api.w.org\/{rel}","templated":true}]}}