{"id":205533,"date":"2023-12-18T09:45:00","date_gmt":"2023-12-18T08:45:00","guid":{"rendered":"https:\/\/www.tucomarca.com\/wordpress\/segunda\/?p=205533"},"modified":"2023-12-18T21:18:36","modified_gmt":"2023-12-18T20:18:36","slug":"fotogaleria-lagora-del-parc-de-la-lomiquia-de-xest-es-transforma-en-un-mercat-nadalenc-solidari","status":"publish","type":"post","link":"https:\/\/www.tucomarca.com\/wordpress\/segunda\/ca\/fotogaleria-lagora-del-parc-de-la-lomiquia-de-xest-es-transforma-en-un-mercat-nadalenc-solidari\/","title":{"rendered":"Fotogaler\u00eda: l&#8217;\u00e0gora del parc de la Lomiquia de Xest es transforma en un mercat nadalenc solidari"},"content":{"rendered":"\n<p>Ahir, diumenge 18 de desembre, els ve\u00efns i les ve\u00efnes de Xest van poder fer la seua compres nadalenques en el mercat solidari d&#8217;artesania organitzat per la Regidoria de Medi Ambient en l&#8217;\u00e0gora del parc de La Lomiquia.&nbsp;<\/p>\n\n\n\n<p>Des de les 11.00 fins a les 19.00 diferents llocs a c\u00e0rrec de xicotets projectes centrats en la sostenibilitat i el consum responsable van posar a la venda cactus, bijuteria, decoracions de v\u00edmet, sabons i veles, entre altres productes respectuosos amb l&#8217;entorn. A m\u00e9s, el mercat va comptar amb la participaci\u00f3 de les associacions Petjades trobades, Orejotas felices i Fundaci\u00f3 Jadoul, que van recaptar fons per a destinar-los al manteniment dels seus refugis, en la seua major part per a fer front a despeses veterin\u00e0ries i d&#8217;alimentaci\u00f3.<\/p>\n\n\n\n<figure class=\"wp-block-gallery has-nested-images columns-2 is-cropped wp-block-gallery-1 is-layout-flex wp-block-gallery-is-layout-flex\">\n<figure class=\"wp-block-image size-large\"><img loading=\"lazy\" decoding=\"async\" width=\"886\" height=\"591\" data-id=\"205524\" src=\"http:\/\/www.tucomarca.com\/wordpress\/segunda\/wp-content\/uploads\/2023\/12\/ChesteMercadoNavidad01.jpg\" alt=\"\" class=\"wp-image-205524\" srcset=\"https:\/\/www.tucomarca.com\/wordpress\/segunda\/wp-content\/uploads\/2023\/12\/ChesteMercadoNavidad01.jpg 886w, https:\/\/www.tucomarca.com\/wordpress\/segunda\/wp-content\/uploads\/2023\/12\/ChesteMercadoNavidad01-300x200.jpg 300w, https:\/\/www.tucomarca.com\/wordpress\/segunda\/wp-content\/uploads\/2023\/12\/ChesteMercadoNavidad01-768x512.jpg 768w\" sizes=\"auto, (max-width: 886px) 100vw, 886px\" \/><\/figure>\n\n\n\n<figure class=\"wp-block-image size-large\"><img loading=\"lazy\" decoding=\"async\" width=\"886\" height=\"591\" data-id=\"205530\" src=\"http:\/\/www.tucomarca.com\/wordpress\/segunda\/wp-content\/uploads\/2023\/12\/ChesteMercadoNavidad04.jpg\" alt=\"\" class=\"wp-image-205530\" srcset=\"https:\/\/www.tucomarca.com\/wordpress\/segunda\/wp-content\/uploads\/2023\/12\/ChesteMercadoNavidad04.jpg 886w, https:\/\/www.tucomarca.com\/wordpress\/segunda\/wp-content\/uploads\/2023\/12\/ChesteMercadoNavidad04-300x200.jpg 300w, https:\/\/www.tucomarca.com\/wordpress\/segunda\/wp-content\/uploads\/2023\/12\/ChesteMercadoNavidad04-768x512.jpg 768w\" sizes=\"auto, (max-width: 886px) 100vw, 886px\" \/><\/figure>\n\n\n\n<figure class=\"wp-block-image size-large\"><img loading=\"lazy\" decoding=\"async\" width=\"886\" height=\"591\" data-id=\"205526\" src=\"http:\/\/www.tucomarca.com\/wordpress\/segunda\/wp-content\/uploads\/2023\/12\/ChesteMercadoNavidad02.jpg\" alt=\"\" class=\"wp-image-205526\" srcset=\"https:\/\/www.tucomarca.com\/wordpress\/segunda\/wp-content\/uploads\/2023\/12\/ChesteMercadoNavidad02.jpg 886w, https:\/\/www.tucomarca.com\/wordpress\/segunda\/wp-content\/uploads\/2023\/12\/ChesteMercadoNavidad02-300x200.jpg 300w, https:\/\/www.tucomarca.com\/wordpress\/segunda\/wp-content\/uploads\/2023\/12\/ChesteMercadoNavidad02-768x512.jpg 768w\" sizes=\"auto, (max-width: 886px) 100vw, 886px\" \/><\/figure>\n<\/figure>\n\n\n\n<p><strong>Activitats infantils<br><\/strong>El mercat tamb\u00e9 va comptar amb activitats paral\u00b7leles per a les fam\u00edlies, que es van desenvolupar a partir del migdia. Aix\u00ed, els xiquets i les xiquetes van poder participar en un taller d&#8217;adorns sostenibles impartit per les t\u00e8cniques municipals Elena Suria i Sandra Fraile, on van aprendre a crear postals i ninots de neu reutilitzant materials, com els cartons del paper higi\u00e8nic o les corfes de cacauet, i aprofitant fulles caigudes, flors i xicotetes branques, entre altres. Despr\u00e9s de l&#8217;activitat, els Reis Mags van fer parada en La Lomiquia per a recollir els desitjos dels m\u00e9s xicotets i, ja a la vesprada, va ser Pap\u00e0 Noel el que va visitar el mercat al costat d&#8217;alguns dels seus elfos.<\/p>\n\n\n\n<p>\u201cAquesta iniciativa ha sigut possible gr\u00e0cies a gent volunt\u00e0ria que no ha dubtat a participar per a fomentar un Nadal ple de bon ambient, com el que es respira hui ac\u00ed, entorn dels valors del consum responsable, que \u00e9s el que intentem transmetre a les noves generacions\u201d, ha declarat el regidor de Medi Ambient, David Pujals. \u201cAgra\u00efsc especialment la seua labor a tot de l&#8217;equip de jardineria municipal, que s&#8217;ha esfor\u00e7at molt i \u00e9s tot un referent quant a actitud i treball\u201d.<\/p>\n","protected":false},"excerpt":{"rendered":"<div class=\"mh-excerpt\">Ahir, diumenge 18 de desembre, els ve\u00efns i les ve\u00efnes de Xest van poder fer la seua compres nadalenques en el mercat solidari d&#8217;artesania organitzat per la Regidoria de Medi Ambient en l&#8217;\u00e0gora del parc <a class=\"mh-excerpt-more\" href=\"https:\/\/www.tucomarca.com\/wordpress\/segunda\/ca\/fotogaleria-lagora-del-parc-de-la-lomiquia-de-xest-es-transforma-en-un-mercat-nadalenc-solidari\/\" title=\"Fotogaler\u00eda: l&#8217;\u00e0gora del parc de la Lomiquia de Xest es transforma en un mercat nadalenc solidari\">[+] <\/a><\/div>\n","protected":false},"author":12,"featured_media":205529,"comment_status":"open","ping_status":"open","sticky":false,"template":"","format":"gallery","meta":{"footnotes":""},"categories":[10894,10912,11004,11007,10896,10974],"tags":[11071,10914,20047],"class_list":{"0":"post-205533","1":"post","2":"type-post","3":"status-publish","4":"format-gallery","5":"has-post-thumbnail","7":"category-la-comarca-ca","8":"category-la-hoya-ca","9":"category-la-semana-en-imagenes-ca","10":"category-ocio-y-cultura-ca","11":"category-seccion-ca","12":"category-cheste-ca","13":"tag-cheste","14":"tag-la-hoya-de-bunol-chiva-ca","15":"tag-mercado-navideno-solidario-ca","16":"post_format-post-format-gallery"},"_links":{"self":[{"href":"https:\/\/www.tucomarca.com\/wordpress\/segunda\/ca\/wp-json\/wp\/v2\/posts\/205533","targetHints":{"allow":["GET"]}}],"collection":[{"href":"https:\/\/www.tucomarca.com\/wordpress\/segunda\/ca\/wp-json\/wp\/v2\/posts"}],"about":[{"href":"https:\/\/www.tucomarca.com\/wordpress\/segunda\/ca\/wp-json\/wp\/v2\/types\/post"}],"author":[{"embeddable":true,"href":"https:\/\/www.tucomarca.com\/wordpress\/segunda\/ca\/wp-json\/wp\/v2\/users\/12"}],"replies":[{"embeddable":true,"href":"https:\/\/www.tucomarca.com\/wordpress\/segunda\/ca\/wp-json\/wp\/v2\/comments?post=205533"}],"version-history":[{"count":0,"href":"https:\/\/www.tucomarca.com\/wordpress\/segunda\/ca\/wp-json\/wp\/v2\/posts\/205533\/revisions"}],"wp:featuredmedia":[{"embeddable":true,"href":"https:\/\/www.tucomarca.com\/wordpress\/segunda\/ca\/wp-json\/wp\/v2\/media\/205529"}],"wp:attachment":[{"href":"https:\/\/www.tucomarca.com\/wordpress\/segunda\/ca\/wp-json\/wp\/v2\/media?parent=205533"}],"wp:term":[{"taxonomy":"category","embeddable":true,"href":"https:\/\/www.tucomarca.com\/wordpress\/segunda\/ca\/wp-json\/wp\/v2\/categories?post=205533"},{"taxonomy":"post_tag","embeddable":true,"href":"https:\/\/www.tucomarca.com\/wordpress\/segunda\/ca\/wp-json\/wp\/v2\/tags?post=205533"}],"curies":[{"name":"wp","href":"https:\/\/api.w.org\/{rel}","templated":true}]}}