{"id":205749,"date":"2023-12-20T10:00:00","date_gmt":"2023-12-20T09:00:00","guid":{"rendered":"https:\/\/www.tucomarca.com\/wordpress\/segunda\/?p=205749"},"modified":"2023-12-20T19:26:33","modified_gmt":"2023-12-20T18:26:33","slug":"la-sant-silvestre-xestana-proposa-un-recorregut-4k-pels-llocs-mes-emblematics-de-la-poblacio","status":"publish","type":"post","link":"https:\/\/www.tucomarca.com\/wordpress\/segunda\/ca\/la-sant-silvestre-xestana-proposa-un-recorregut-4k-pels-llocs-mes-emblematics-de-la-poblacio\/","title":{"rendered":"La Sant Silvestre xestana proposa un recorregut 4K pels llocs m\u00e9s emblem\u00e0tics de la poblaci\u00f3"},"content":{"rendered":"\n<p>Dissabte que ve, 23 de desembre, se celebrar\u00e0 la Sant Silvestre chestana, amb eixida a les 17.00 des de la pla\u00e7a II Rep\u00fablica. En aquesta edici\u00f3 la prova se celebra sota el lema Coneixes Xest? i presenta un recorregut urb\u00e0 de 4 quil\u00f2metres pels llocs m\u00e9s emblem\u00e0tics de la localitat.&nbsp;<\/p>\n\n\n\n<p><strong>Premis<\/strong><br>Com cada any, no sols rebran premi els primers i les primeres a arribar a meta; tamb\u00e9 tindran recompensa les disfresses m\u00e9s originals. Aix\u00ed, rebran una cistella nadalenca els tres millors temps de la classificaci\u00f3 general masculina i femenina; aix\u00ed com les millors disfresses en les categories d&#8217;individual, parella, fam\u00edlia i mascota. A m\u00e9s s&#8217;entregar\u00e0 un pernil al grup m\u00e9s nombr\u00f3s i al qual fa\u00e7a la millor coreografia.<\/p>\n\n\n\n<p>Tamb\u00e9 es realitzar\u00e0 un sorteig final de 5 estotjos de vi per n\u00famero de dorsal.<\/p>\n\n\n\n<p><strong>Inscripcions<br><\/strong>Les inscripcions estaran obertes fins al dijous, 21 de desembre, i es poden realitzar en l\u00ednia, en megustacorrer.com i en carreraspopulares.com, amb un preu de 3 euros per dorsal. La recaptaci\u00f3 es destinar\u00e0 a la AECC, a trav\u00e9s de la junta local de Xest. Passat aquest termini les persones interessades a realitzar la carrera es podran inscriure en l\u00ednia de meta, el mateix dia de la prova.<\/p>\n\n\n\n<p>Per als corredors i les corredores locals la participaci\u00f3 \u00e9s gratu\u00efta, pr\u00e8via inscripci\u00f3 a l&#8217;ajuntament, per\u00f2 podran fer la seua aportaci\u00f3 solid\u00e0ria a la retirada del dorsal, el mateix dia de la prova, entre les 16.00 i les 16.45.<\/p>\n\n\n\n<p>En aquesta ocasi\u00f3 tamb\u00e9 se celebrar\u00e0 una carrera infantil pr\u00e8via a l&#8217;eixida, en la qual els i les menors de 10 anys hauran d&#8217;anar acompanyats per una persona adulta.<\/p>\n\n\n\n<p><strong>Avituallament i dutxes<br><\/strong>En finalitzar la carrera hi haur\u00e0 avituallament per a totes les persones participants. A m\u00e9s, es disposar\u00e0 de servei de dutxes en el Pavell\u00f3 esportiu.<\/p>\n\n\n\n<figure class=\"wp-block-image size-large\"><img loading=\"lazy\" decoding=\"async\" width=\"724\" height=\"1024\" src=\"http:\/\/www.tucomarca.com\/wordpress\/segunda\/wp-content\/uploads\/2023\/12\/ChesteSanSilvestre-724x1024.jpg\" alt=\"\" class=\"wp-image-205743\" srcset=\"https:\/\/www.tucomarca.com\/wordpress\/segunda\/wp-content\/uploads\/2023\/12\/ChesteSanSilvestre-724x1024.jpg 724w, https:\/\/www.tucomarca.com\/wordpress\/segunda\/wp-content\/uploads\/2023\/12\/ChesteSanSilvestre-212x300.jpg 212w, https:\/\/www.tucomarca.com\/wordpress\/segunda\/wp-content\/uploads\/2023\/12\/ChesteSanSilvestre-768x1086.jpg 768w, https:\/\/www.tucomarca.com\/wordpress\/segunda\/wp-content\/uploads\/2023\/12\/ChesteSanSilvestre.jpg 886w\" sizes=\"auto, (max-width: 724px) 100vw, 724px\" \/><\/figure>\n","protected":false},"excerpt":{"rendered":"<div class=\"mh-excerpt\">Dissabte que ve, 23 de desembre, se celebrar\u00e0 la Sant Silvestre chestana, amb eixida a les 17.00 des de la pla\u00e7a II Rep\u00fablica. En aquesta edici\u00f3 la prova se celebra sota el lema Coneixes Xest? <a class=\"mh-excerpt-more\" href=\"https:\/\/www.tucomarca.com\/wordpress\/segunda\/ca\/la-sant-silvestre-xestana-proposa-un-recorregut-4k-pels-llocs-mes-emblematics-de-la-poblacio\/\" title=\"La Sant Silvestre xestana proposa un recorregut 4K pels llocs m\u00e9s emblem\u00e0tics de la poblaci\u00f3\">[+] <\/a><\/div>\n","protected":false},"author":12,"featured_media":205743,"comment_status":"open","ping_status":"open","sticky":false,"template":"","format":"standard","meta":{"footnotes":""},"categories":[11019,11003,10894,10912,10896,10974],"tags":[11071,10914,20050],"class_list":{"0":"post-205749","1":"post","2":"type-post","3":"status-publish","4":"format-standard","5":"has-post-thumbnail","7":"category-agenda-ca","8":"category-sports","9":"category-la-comarca-ca","10":"category-la-hoya-ca","11":"category-seccion-ca","12":"category-cheste-ca","13":"tag-cheste","14":"tag-la-hoya-de-bunol-chiva-ca","15":"tag-san-silvestre-chestana-ca"},"_links":{"self":[{"href":"https:\/\/www.tucomarca.com\/wordpress\/segunda\/ca\/wp-json\/wp\/v2\/posts\/205749","targetHints":{"allow":["GET"]}}],"collection":[{"href":"https:\/\/www.tucomarca.com\/wordpress\/segunda\/ca\/wp-json\/wp\/v2\/posts"}],"about":[{"href":"https:\/\/www.tucomarca.com\/wordpress\/segunda\/ca\/wp-json\/wp\/v2\/types\/post"}],"author":[{"embeddable":true,"href":"https:\/\/www.tucomarca.com\/wordpress\/segunda\/ca\/wp-json\/wp\/v2\/users\/12"}],"replies":[{"embeddable":true,"href":"https:\/\/www.tucomarca.com\/wordpress\/segunda\/ca\/wp-json\/wp\/v2\/comments?post=205749"}],"version-history":[{"count":0,"href":"https:\/\/www.tucomarca.com\/wordpress\/segunda\/ca\/wp-json\/wp\/v2\/posts\/205749\/revisions"}],"wp:featuredmedia":[{"embeddable":true,"href":"https:\/\/www.tucomarca.com\/wordpress\/segunda\/ca\/wp-json\/wp\/v2\/media\/205743"}],"wp:attachment":[{"href":"https:\/\/www.tucomarca.com\/wordpress\/segunda\/ca\/wp-json\/wp\/v2\/media?parent=205749"}],"wp:term":[{"taxonomy":"category","embeddable":true,"href":"https:\/\/www.tucomarca.com\/wordpress\/segunda\/ca\/wp-json\/wp\/v2\/categories?post=205749"},{"taxonomy":"post_tag","embeddable":true,"href":"https:\/\/www.tucomarca.com\/wordpress\/segunda\/ca\/wp-json\/wp\/v2\/tags?post=205749"}],"curies":[{"name":"wp","href":"https:\/\/api.w.org\/{rel}","templated":true}]}}