{"id":205762,"date":"2023-12-20T13:00:00","date_gmt":"2023-12-20T12:00:00","guid":{"rendered":"https:\/\/www.tucomarca.com\/wordpress\/segunda\/?p=205762"},"modified":"2023-12-20T20:29:31","modified_gmt":"2023-12-20T19:29:31","slug":"el-primer-tinent-dalcalde-pel-prya-joaquin-gonzalez-fa-valoracio-dels-sis-primers-mesos-de-govern-a-requena","status":"publish","type":"post","link":"https:\/\/www.tucomarca.com\/wordpress\/segunda\/ca\/el-primer-tinent-dalcalde-pel-prya-joaquin-gonzalez-fa-valoracio-dels-sis-primers-mesos-de-govern-a-requena\/","title":{"rendered":"El Primer Tinent d&#8217;Alcalde pel PRyA, Joaqu\u00edn Gonz\u00e1lez, fa valoraci\u00f3 dels sis primers mesos de govern a Requena"},"content":{"rendered":"\n<p>El Primer Tinent d&#8217;Alcalde pel PRyA, Joaqu\u00edn Gonz\u00e1lez, fa valoraci\u00f3 dels sis primers mesos de govern: &#8220;En els primers sis mesos de la meua gesti\u00f3 al capdavant de la regidories d&#8217;Urbanisme, Obres, Accessibilitat, Transports i Llogarets s&#8217;han realitzat de manera cont\u00ednua importants labors de treball en aquestes importants \u00e0rees&#8221;.\u00a0<\/p>\n\n\n\n<p>&#8220;Aquestes han sigut algunes de les actuacions de les meues \u00e0rees de gesti\u00f3:<\/p>\n\n\n\n<p>\u2022 <strong>Obres. <\/strong>Des d&#8217;aquesta regidoria gestionada pel PRyA s&#8217;ha treballat intensament durant aquests primers mesos de legislatura quant a obres es refereix, s&#8217;han concl\u00f2s els accessos a la pista d&#8217;atletisme, la rehabilitaci\u00f3 dels centres socials dels Coixos i Els Ducs, la construcci\u00f3 de la passarel\u00b7la d&#8217;acc\u00e9s al barri de Bassa de Moros, la rehabilitaci\u00f3 de la C\/ Escultor Garc\u00eda Gonz\u00e1lez (m\u00e9s coneguda com el \u201cestret de Les Penyes\u201c) i la construcci\u00f3 d&#8217;una pista de p\u00e0del en Els Isidros.&nbsp;<\/p>\n\n\n\n<p>En aquests moments s&#8217;est\u00e0 duent a terme o comen\u00e7aran en breu la rehabilitaci\u00f3 de la piscina de La Portera, la construcci\u00f3 de dues pistes de p\u00e0del i uns vestuaris en Sant Antoni, la reforma de l&#8217;antic escorxador per a seu de la Brigada Municipal, la construcci\u00f3 d&#8217;uns vestuaris en la piscina del Rebollar i la rehabilitaci\u00f3 de la pista esportiva del centre social del Pont\u00f3.&nbsp;<\/p>\n\n\n\n<p>En aquests moments s&#8217;estan redactant els projectes d&#8217;asfaltat de carrers i camins a Requena i els llogarets, la reforma del centre social de Barri Rierol i la rehabilitaci\u00f3 de la C\/ Garc\u00eda Mont\u00e9s.<\/p>\n\n\n\n<p>\u2022 <strong>Llic\u00e8ncies d&#8217;obra. <\/strong>De les aproximadament 130 llic\u00e8ncies d&#8217;obra i parcel\u00b7lacions paralitzades amb les quals ens trobem en comen\u00e7ar la legislatura, ja s&#8217;ha donat eixida a la major part, per la qual cosa, en uns dies, haurem acabat amb l&#8217;enorme retard en la concessi\u00f3 de llic\u00e8ncies i el departament d&#8217;urbanisme podr\u00e0 funcionar amb normalitat.&nbsp;<\/p>\n\n\n\n<p>Obres menors i accessibilitat. S&#8217;estan realitzant per tot el municipi multitud de reparacions en la via p\u00fablica, com ara canvi de rajoles, posat pegats de foradades, col\u00b7locaci\u00f3 de mobiliari urb\u00e0, reparaci\u00f3 de voreres, rampes per a persones amb mobilitat redu\u00efda, etc, tot aix\u00f2 per part de la brigada municipal.&nbsp;<\/p>\n\n\n\n<p>\u2022 <strong>Pintura vi\u00e0ria. <\/strong>En aquests moments s&#8217;est\u00e0 procedint a pintar totes les marques vi\u00e0ries del municipi mitjan\u00e7ant la contractaci\u00f3 d&#8217;una empresa externa, adequant passos de zebra, places de minusv\u00e0lids i l\u00ednies blanques, grogues i blaves, d&#8217;aquesta manera el 100% de la senyalitzaci\u00f3 vi\u00e0ria quedar\u00e0 en perfectes condicions.&nbsp;<\/p>\n\n\n\n<p>\u2022 <strong>Transports: <\/strong>en aquests moments s&#8217;est\u00e0 treballant a millorar i ampliar les ll\u00ednes d&#8217;autob\u00fas del municipi, amb especial atenci\u00f3 a donar servei als Isidros, Els Coixos i Pen\u00e9n de Albosa, a m\u00e9s de mantindre converses sobre les freq\u00fc\u00e8ncies de parades d&#8217;AVE, aix\u00ed com el contacte permanent amb l&#8217;administraci\u00f3 auton\u00f2mica per a incrementar els serveis de transport en el nostre municipi.&nbsp;<\/p>\n\n\n\n<p>\u2022 <strong>Llogarets.<\/strong> Els llogarets s\u00f3n molt importants per al PRyA, \u00e9s per aix\u00f2 que una vegada s&#8217;han elegit als 25 alcaldes pedanis, s&#8217;ha procedit a recaptar per part d&#8217;aquests les necessitats de cada llogaret i estan duent a terme reparacions, obres, treballs de pintura i altres similars en totes elles. Des del PRyA som conscients de l&#8217;enorme repte que suposa adequar els nostres llogarets, tan sols necessitem temps&#8221; finalitza Joaqu\u00edn Gonz\u00e1lez.&nbsp;<\/p>\n\n\n\n<p>&nbsp;<\/p>\n","protected":false},"excerpt":{"rendered":"<div class=\"mh-excerpt\">El Primer Tinent d&#8217;Alcalde pel PRyA, Joaqu\u00edn Gonz\u00e1lez, fa valoraci\u00f3 dels sis primers mesos de govern: &#8220;En els primers sis mesos de la meua gesti\u00f3 al capdavant de la regidories d&#8217;Urbanisme, Obres, Accessibilitat, Transports i <a class=\"mh-excerpt-more\" href=\"https:\/\/www.tucomarca.com\/wordpress\/segunda\/ca\/el-primer-tinent-dalcalde-pel-prya-joaquin-gonzalez-fa-valoracio-dels-sis-primers-mesos-de-govern-a-requena\/\" title=\"El Primer Tinent d&#8217;Alcalde pel PRyA, Joaqu\u00edn Gonz\u00e1lez, fa valoraci\u00f3 dels sis primers mesos de govern a Requena\">[+] <\/a><\/div>\n","protected":false},"author":12,"featured_media":205761,"comment_status":"open","ping_status":"open","sticky":false,"template":"","format":"standard","meta":{"footnotes":""},"categories":[10948,10894,10947,10908,10909,10896],"tags":[12796,11099,10910],"class_list":{"0":"post-205762","1":"post","2":"type-post","3":"status-publish","4":"format-standard","5":"has-post-thumbnail","7":"category-infraestructuras-ca","8":"category-la-comarca-ca","9":"category-politica","10":"category-requena-ca","11":"category-requena-utiel-ca","12":"category-seccion-ca","13":"tag-prya-ca","14":"tag-requena-ca","15":"tag-requena-utiel-ca"},"_links":{"self":[{"href":"https:\/\/www.tucomarca.com\/wordpress\/segunda\/ca\/wp-json\/wp\/v2\/posts\/205762","targetHints":{"allow":["GET"]}}],"collection":[{"href":"https:\/\/www.tucomarca.com\/wordpress\/segunda\/ca\/wp-json\/wp\/v2\/posts"}],"about":[{"href":"https:\/\/www.tucomarca.com\/wordpress\/segunda\/ca\/wp-json\/wp\/v2\/types\/post"}],"author":[{"embeddable":true,"href":"https:\/\/www.tucomarca.com\/wordpress\/segunda\/ca\/wp-json\/wp\/v2\/users\/12"}],"replies":[{"embeddable":true,"href":"https:\/\/www.tucomarca.com\/wordpress\/segunda\/ca\/wp-json\/wp\/v2\/comments?post=205762"}],"version-history":[{"count":0,"href":"https:\/\/www.tucomarca.com\/wordpress\/segunda\/ca\/wp-json\/wp\/v2\/posts\/205762\/revisions"}],"wp:featuredmedia":[{"embeddable":true,"href":"https:\/\/www.tucomarca.com\/wordpress\/segunda\/ca\/wp-json\/wp\/v2\/media\/205761"}],"wp:attachment":[{"href":"https:\/\/www.tucomarca.com\/wordpress\/segunda\/ca\/wp-json\/wp\/v2\/media?parent=205762"}],"wp:term":[{"taxonomy":"category","embeddable":true,"href":"https:\/\/www.tucomarca.com\/wordpress\/segunda\/ca\/wp-json\/wp\/v2\/categories?post=205762"},{"taxonomy":"post_tag","embeddable":true,"href":"https:\/\/www.tucomarca.com\/wordpress\/segunda\/ca\/wp-json\/wp\/v2\/tags?post=205762"}],"curies":[{"name":"wp","href":"https:\/\/api.w.org\/{rel}","templated":true}]}}