{"id":205973,"date":"2023-12-29T13:00:00","date_gmt":"2023-12-29T12:00:00","guid":{"rendered":"https:\/\/www.tucomarca.com\/wordpress\/segunda\/?p=205973"},"modified":"2023-12-30T13:52:16","modified_gmt":"2023-12-30T12:52:16","slug":"lajuntament-de-xiva-fa-un-pas-definitiu-en-la-construccio-del-nou-collegi","status":"publish","type":"post","link":"https:\/\/www.tucomarca.com\/wordpress\/segunda\/ca\/lajuntament-de-xiva-fa-un-pas-definitiu-en-la-construccio-del-nou-collegi\/","title":{"rendered":"L&#8217;Ajuntament de Xiva fa un pas definitiu en la construcci\u00f3 del nou col\u00b7legi"},"content":{"rendered":"\n<p>L&#8217;Ajuntament de Xiva fa un altre pas per a la construcci\u00f3 del nou col\u00b7legi Dr. Corach\u00e1n<br>La Conselleria ha rem\u00e9s a l&#8217;ajuntament l&#8217;informe que determina que no existeix duplicitat en els processos administratius iniciats per l&#8217;ajuntament per a la construcci\u00f3 d&#8217;infraestructures educatives, donant via lliure a l&#8217;execuci\u00f3 del nou Dr. Corach\u00e1n dins del marc del pla Edificant de la Conselleria.<br>El seg\u00fcent pas ser\u00e0 la redacci\u00f3 de plecs per a l&#8217;adjudicaci\u00f3 de l&#8217;empresa constructora, acci\u00f3 que comen\u00e7a ja a desenvolupar-se pels t\u00e8cnics municipals.<\/p>\n\n\n\n<p><\/p>\n","protected":false},"excerpt":{"rendered":"<div class=\"mh-excerpt\">L&#8217;Ajuntament de Xiva fa un altre pas per a la construcci\u00f3 del nou col\u00b7legi Dr. Corach\u00e1nLa Conselleria ha rem\u00e9s a l&#8217;ajuntament l&#8217;informe que determina que no existeix duplicitat en els processos administratius iniciats per l&#8217;ajuntament <a class=\"mh-excerpt-more\" href=\"https:\/\/www.tucomarca.com\/wordpress\/segunda\/ca\/lajuntament-de-xiva-fa-un-pas-definitiu-en-la-construccio-del-nou-collegi\/\" title=\"L&#8217;Ajuntament de Xiva fa un pas definitiu en la construcci\u00f3 del nou col\u00b7legi\">[+] <\/a><\/div>\n","protected":false},"author":12,"featured_media":205971,"comment_status":"open","ping_status":"open","sticky":false,"template":"","format":"standard","meta":{"footnotes":""},"categories":[10898,10948,10894,10912,10947,10896,10975],"tags":[11195,10914,20055],"class_list":{"0":"post-205973","1":"post","2":"type-post","3":"status-publish","4":"format-standard","5":"has-post-thumbnail","7":"category-ventana-ca","8":"category-infraestructuras-ca","9":"category-la-comarca-ca","10":"category-la-hoya-ca","11":"category-politica","12":"category-seccion-ca","13":"category-chiva-ca","14":"tag-chiva-ca","15":"tag-la-hoya-de-bunol-chiva-ca","16":"tag-nuevo-colegio-dr-corachan-ca"},"_links":{"self":[{"href":"https:\/\/www.tucomarca.com\/wordpress\/segunda\/ca\/wp-json\/wp\/v2\/posts\/205973","targetHints":{"allow":["GET"]}}],"collection":[{"href":"https:\/\/www.tucomarca.com\/wordpress\/segunda\/ca\/wp-json\/wp\/v2\/posts"}],"about":[{"href":"https:\/\/www.tucomarca.com\/wordpress\/segunda\/ca\/wp-json\/wp\/v2\/types\/post"}],"author":[{"embeddable":true,"href":"https:\/\/www.tucomarca.com\/wordpress\/segunda\/ca\/wp-json\/wp\/v2\/users\/12"}],"replies":[{"embeddable":true,"href":"https:\/\/www.tucomarca.com\/wordpress\/segunda\/ca\/wp-json\/wp\/v2\/comments?post=205973"}],"version-history":[{"count":0,"href":"https:\/\/www.tucomarca.com\/wordpress\/segunda\/ca\/wp-json\/wp\/v2\/posts\/205973\/revisions"}],"wp:featuredmedia":[{"embeddable":true,"href":"https:\/\/www.tucomarca.com\/wordpress\/segunda\/ca\/wp-json\/wp\/v2\/media\/205971"}],"wp:attachment":[{"href":"https:\/\/www.tucomarca.com\/wordpress\/segunda\/ca\/wp-json\/wp\/v2\/media?parent=205973"}],"wp:term":[{"taxonomy":"category","embeddable":true,"href":"https:\/\/www.tucomarca.com\/wordpress\/segunda\/ca\/wp-json\/wp\/v2\/categories?post=205973"},{"taxonomy":"post_tag","embeddable":true,"href":"https:\/\/www.tucomarca.com\/wordpress\/segunda\/ca\/wp-json\/wp\/v2\/tags?post=205973"}],"curies":[{"name":"wp","href":"https:\/\/api.w.org\/{rel}","templated":true}]}}