{"id":206004,"date":"2023-12-31T11:00:00","date_gmt":"2023-12-31T10:00:00","guid":{"rendered":"https:\/\/www.tucomarca.com\/wordpress\/segunda\/?p=206004"},"modified":"2024-01-02T14:56:35","modified_gmt":"2024-01-02T13:56:35","slug":"xest-ofereix-tallers-i-titelles-en-la-segona-edicio-de-desperta-la-teua-ment-jugant","status":"publish","type":"post","link":"https:\/\/www.tucomarca.com\/wordpress\/segunda\/ca\/xest-ofereix-tallers-i-titelles-en-la-segona-edicio-de-desperta-la-teua-ment-jugant\/","title":{"rendered":"Xest ofereix tallers i titelles en la segona edici\u00f3 de Desperta la teua ment jugant&nbsp;"},"content":{"rendered":"\n<p>Durant el mat\u00ed d&#8217;ahir i la del dimecres passat, 27 i 28 de desembre, l&#8217;activitat Desperta la teua ment jugant, destinada a p\u00fablic infantil, va reunir desenes de fam\u00edlies en la pla\u00e7a Doctor Cajal.<\/p>\n\n\n\n<p>\u201cDecidim continuar amb la segona edici\u00f3 de Desperta la teua ment jugant, per\u00f2 amb una proposta diferent; en aquesta ocasi\u00f3 l&#8217;empresa Via Heraclia ha portat uns tallers molt entretinguts, alguns que relacionen els treballs manuals amb la hist\u00f2ria de Xest, amb unes fotografies molt boniques, i tamb\u00e9 actuacions amb marionetes\u201d, ha explicat la regidora de Cultura, M\u00aa \u00c1ngeles Llorente. \u201cEsperem que els xiquets i les xiquetes hagen gaudit i hagen apr\u00e9s jugant, que sempre \u00e9s l&#8217;objectiu\u201d.<\/p>\n\n\n\n<figure class=\"wp-block-gallery has-nested-images columns-default is-cropped wp-block-gallery-1 is-layout-flex wp-block-gallery-is-layout-flex\">\n<figure class=\"wp-block-image size-large\"><img loading=\"lazy\" decoding=\"async\" width=\"886\" height=\"591\" data-id=\"205999\" src=\"http:\/\/www.tucomarca.com\/wordpress\/segunda\/wp-content\/uploads\/2024\/01\/Chestejugando3.jpg\" alt=\"\" class=\"wp-image-205999\" srcset=\"https:\/\/www.tucomarca.com\/wordpress\/segunda\/wp-content\/uploads\/2024\/01\/Chestejugando3.jpg 886w, https:\/\/www.tucomarca.com\/wordpress\/segunda\/wp-content\/uploads\/2024\/01\/Chestejugando3-300x200.jpg 300w, https:\/\/www.tucomarca.com\/wordpress\/segunda\/wp-content\/uploads\/2024\/01\/Chestejugando3-768x512.jpg 768w\" sizes=\"auto, (max-width: 886px) 100vw, 886px\" \/><\/figure>\n\n\n\n<figure class=\"wp-block-image size-large\"><img loading=\"lazy\" decoding=\"async\" width=\"886\" height=\"591\" data-id=\"206001\" src=\"http:\/\/www.tucomarca.com\/wordpress\/segunda\/wp-content\/uploads\/2024\/01\/Chestejugando4.jpg\" alt=\"\" class=\"wp-image-206001\" srcset=\"https:\/\/www.tucomarca.com\/wordpress\/segunda\/wp-content\/uploads\/2024\/01\/Chestejugando4.jpg 886w, https:\/\/www.tucomarca.com\/wordpress\/segunda\/wp-content\/uploads\/2024\/01\/Chestejugando4-300x200.jpg 300w, https:\/\/www.tucomarca.com\/wordpress\/segunda\/wp-content\/uploads\/2024\/01\/Chestejugando4-768x512.jpg 768w\" sizes=\"auto, (max-width: 886px) 100vw, 886px\" \/><\/figure>\n<\/figure>\n\n\n\n<p><strong>Tallers<\/strong><br>En total van ser cinc els tallers instal\u00b7lats, en els quals els i les participants van poder treballar valors com la import\u00e0ncia dels llibres, elaborant un quadern a mode de \u201cxicotet guardi\u00e0 del saber\u201d i decorant-lo utilitzant t\u00e8cniques hist\u00f2riques; aprendre sobre el patrimoni etnol\u00f2gic i mediambiental de Xest, pintant un quadre amb fulles d&#8217;arbres t\u00edpics de la comarca, decorant un taulell amb un dels els monuments m\u00e9s emblem\u00e0tics de Xest, com \u00e9s El mol\u00ed del Nap, o preparant ambientadors naturals amb plantes arom\u00e0tiques aut\u00f2ctones. Tamb\u00e9 va haver-hi tres propostes basades en els jocs tradicionals, en les quals es van crear puzles amb imatges antigues de Xest, marro i recortables nadalencs.<\/p>\n\n\n\n<p><strong>Teatre<br><\/strong>Els xiquets i xiquetes tamb\u00e9 van poder gaudir d&#8217;un teatre de titelles a c\u00e0rrec de La elfa desmontacuentos, que va portar a escena una reinterpretaci\u00f3 de contes cl\u00e0ssics amb t\u00edtols com Els 3 llops i el Grinch.<\/p>\n","protected":false},"excerpt":{"rendered":"<div class=\"mh-excerpt\">Durant el mat\u00ed d&#8217;ahir i la del dimecres passat, 27 i 28 de desembre, l&#8217;activitat Desperta la teua ment jugant, destinada a p\u00fablic infantil, va reunir desenes de fam\u00edlies en la pla\u00e7a Doctor Cajal. \u201cDecidim <a class=\"mh-excerpt-more\" href=\"https:\/\/www.tucomarca.com\/wordpress\/segunda\/ca\/xest-ofereix-tallers-i-titelles-en-la-segona-edicio-de-desperta-la-teua-ment-jugant\/\" title=\"Xest ofereix tallers i titelles en la segona edici\u00f3 de Desperta la teua ment jugant&nbsp;\">[+] <\/a><\/div>\n","protected":false},"author":12,"featured_media":205998,"comment_status":"open","ping_status":"open","sticky":false,"template":"","format":"gallery","meta":{"footnotes":""},"categories":[10894,10912,11007,10896,10974],"tags":[11222,11071,10914,20012],"class_list":{"0":"post-206004","1":"post","2":"type-post","3":"status-publish","4":"format-gallery","5":"has-post-thumbnail","7":"category-la-comarca-ca","8":"category-la-hoya-ca","9":"category-ocio-y-cultura-ca","10":"category-seccion-ca","11":"category-cheste-ca","12":"tag-ayuntamiento-de-cheste-ca","13":"tag-cheste","14":"tag-la-hoya-de-bunol-chiva-ca","15":"tag-navidad-2023-ca","16":"post_format-post-format-gallery"},"_links":{"self":[{"href":"https:\/\/www.tucomarca.com\/wordpress\/segunda\/ca\/wp-json\/wp\/v2\/posts\/206004","targetHints":{"allow":["GET"]}}],"collection":[{"href":"https:\/\/www.tucomarca.com\/wordpress\/segunda\/ca\/wp-json\/wp\/v2\/posts"}],"about":[{"href":"https:\/\/www.tucomarca.com\/wordpress\/segunda\/ca\/wp-json\/wp\/v2\/types\/post"}],"author":[{"embeddable":true,"href":"https:\/\/www.tucomarca.com\/wordpress\/segunda\/ca\/wp-json\/wp\/v2\/users\/12"}],"replies":[{"embeddable":true,"href":"https:\/\/www.tucomarca.com\/wordpress\/segunda\/ca\/wp-json\/wp\/v2\/comments?post=206004"}],"version-history":[{"count":0,"href":"https:\/\/www.tucomarca.com\/wordpress\/segunda\/ca\/wp-json\/wp\/v2\/posts\/206004\/revisions"}],"wp:featuredmedia":[{"embeddable":true,"href":"https:\/\/www.tucomarca.com\/wordpress\/segunda\/ca\/wp-json\/wp\/v2\/media\/205998"}],"wp:attachment":[{"href":"https:\/\/www.tucomarca.com\/wordpress\/segunda\/ca\/wp-json\/wp\/v2\/media?parent=206004"}],"wp:term":[{"taxonomy":"category","embeddable":true,"href":"https:\/\/www.tucomarca.com\/wordpress\/segunda\/ca\/wp-json\/wp\/v2\/categories?post=206004"},{"taxonomy":"post_tag","embeddable":true,"href":"https:\/\/www.tucomarca.com\/wordpress\/segunda\/ca\/wp-json\/wp\/v2\/tags?post=206004"}],"curies":[{"name":"wp","href":"https:\/\/api.w.org\/{rel}","templated":true}]}}