{"id":206096,"date":"2024-01-02T12:00:00","date_gmt":"2024-01-02T11:00:00","guid":{"rendered":"https:\/\/www.tucomarca.com\/wordpress\/segunda\/?p=206096"},"modified":"2024-01-02T15:20:51","modified_gmt":"2024-01-02T14:20:51","slug":"un-senderista-i-els-seus-dos-fills-menors-que-shavien-desorientat-son-rescatats-en-helicopter-en-una-escarpada-zona-de-xarafull","status":"publish","type":"post","link":"https:\/\/www.tucomarca.com\/wordpress\/segunda\/ca\/un-senderista-i-els-seus-dos-fills-menors-que-shavien-desorientat-son-rescatats-en-helicopter-en-una-escarpada-zona-de-xarafull\/","title":{"rendered":"Un senderista i els seus dos fills menors que s&#8217;havien desorientat s\u00f3n rescatats en helic\u00f2pter en una escarpada zona de Jarafuel"},"content":{"rendered":"\n<p>Efectius del Consorci Provincial de Bombers han rescatat a un senderista i els seus dos fills, d&#8217;uns 10 anys d&#8217;edat, que s&#8217;havien desorientat en una zona escarpada de Jarafuel, en la Ruta del Queixal. Segons han remarcat des del Consorci, es tracta del primer rescat del 2024 a les muntanyes de la prov\u00edncia de Val\u00e8ncia.<\/p>\n\n\n\n<p>L&#8217;av\u00eds s&#8217;ha rebut a les 16,34 hores d&#8217;aquest dilluns i fins all\u00ed el Consorci ha mobilitzat el seu grup de rescat GERA amb helic\u00f2pter V-990 amb metge, un coordinador forestal del Consorci i una unitat de bombers forestals de GVA.&nbsp;<\/p>\n\n\n\n<p>Els rescatadors del GERA han accedit amb helic\u00f2pter fins a les tres persones, que han sigut traslladades via a\u00e8ria fins a un punt segur. Es troben en bon estat.<\/p>\n\n\n\n<figure class=\"wp-block-gallery has-nested-images columns-2 is-cropped wp-block-gallery-1 is-layout-flex wp-block-gallery-is-layout-flex\">\n<figure class=\"wp-block-image size-large\"><img loading=\"lazy\" decoding=\"async\" width=\"1920\" height=\"1436\" data-id=\"206086\" src=\"http:\/\/www.tucomarca.com\/wordpress\/segunda\/wp-content\/uploads\/2024\/01\/JarafuelBomb01.jpg\" alt=\"\" class=\"wp-image-206086\" srcset=\"https:\/\/www.tucomarca.com\/wordpress\/segunda\/wp-content\/uploads\/2024\/01\/JarafuelBomb01.jpg 1920w, https:\/\/www.tucomarca.com\/wordpress\/segunda\/wp-content\/uploads\/2024\/01\/JarafuelBomb01-300x224.jpg 300w, https:\/\/www.tucomarca.com\/wordpress\/segunda\/wp-content\/uploads\/2024\/01\/JarafuelBomb01-1024x766.jpg 1024w, https:\/\/www.tucomarca.com\/wordpress\/segunda\/wp-content\/uploads\/2024\/01\/JarafuelBomb01-768x574.jpg 768w, https:\/\/www.tucomarca.com\/wordpress\/segunda\/wp-content\/uploads\/2024\/01\/JarafuelBomb01-1536x1149.jpg 1536w, https:\/\/www.tucomarca.com\/wordpress\/segunda\/wp-content\/uploads\/2024\/01\/JarafuelBomb01-326x245.jpg 326w, https:\/\/www.tucomarca.com\/wordpress\/segunda\/wp-content\/uploads\/2024\/01\/JarafuelBomb01-80x60.jpg 80w\" sizes=\"auto, (max-width: 1920px) 100vw, 1920px\" \/><\/figure>\n\n\n\n<figure class=\"wp-block-image size-large\"><img loading=\"lazy\" decoding=\"async\" width=\"1920\" height=\"1440\" data-id=\"206088\" src=\"http:\/\/www.tucomarca.com\/wordpress\/segunda\/wp-content\/uploads\/2024\/01\/JarafuelBomb02.jpg\" alt=\"\" class=\"wp-image-206088\" srcset=\"https:\/\/www.tucomarca.com\/wordpress\/segunda\/wp-content\/uploads\/2024\/01\/JarafuelBomb02.jpg 1920w, https:\/\/www.tucomarca.com\/wordpress\/segunda\/wp-content\/uploads\/2024\/01\/JarafuelBomb02-300x225.jpg 300w, https:\/\/www.tucomarca.com\/wordpress\/segunda\/wp-content\/uploads\/2024\/01\/JarafuelBomb02-1024x768.jpg 1024w, https:\/\/www.tucomarca.com\/wordpress\/segunda\/wp-content\/uploads\/2024\/01\/JarafuelBomb02-768x576.jpg 768w, https:\/\/www.tucomarca.com\/wordpress\/segunda\/wp-content\/uploads\/2024\/01\/JarafuelBomb02-1536x1152.jpg 1536w, https:\/\/www.tucomarca.com\/wordpress\/segunda\/wp-content\/uploads\/2024\/01\/JarafuelBomb02-678x509.jpg 678w, https:\/\/www.tucomarca.com\/wordpress\/segunda\/wp-content\/uploads\/2024\/01\/JarafuelBomb02-326x245.jpg 326w, https:\/\/www.tucomarca.com\/wordpress\/segunda\/wp-content\/uploads\/2024\/01\/JarafuelBomb02-80x60.jpg 80w\" sizes=\"auto, (max-width: 1920px) 100vw, 1920px\" \/><\/figure>\n\n\n\n<figure class=\"wp-block-image size-large\"><img loading=\"lazy\" decoding=\"async\" width=\"1920\" height=\"1440\" data-id=\"206090\" src=\"http:\/\/www.tucomarca.com\/wordpress\/segunda\/wp-content\/uploads\/2024\/01\/JarafuelBomb03.jpg\" alt=\"\" class=\"wp-image-206090\" srcset=\"https:\/\/www.tucomarca.com\/wordpress\/segunda\/wp-content\/uploads\/2024\/01\/JarafuelBomb03.jpg 1920w, https:\/\/www.tucomarca.com\/wordpress\/segunda\/wp-content\/uploads\/2024\/01\/JarafuelBomb03-300x225.jpg 300w, https:\/\/www.tucomarca.com\/wordpress\/segunda\/wp-content\/uploads\/2024\/01\/JarafuelBomb03-1024x768.jpg 1024w, https:\/\/www.tucomarca.com\/wordpress\/segunda\/wp-content\/uploads\/2024\/01\/JarafuelBomb03-768x576.jpg 768w, https:\/\/www.tucomarca.com\/wordpress\/segunda\/wp-content\/uploads\/2024\/01\/JarafuelBomb03-1536x1152.jpg 1536w, https:\/\/www.tucomarca.com\/wordpress\/segunda\/wp-content\/uploads\/2024\/01\/JarafuelBomb03-678x509.jpg 678w, https:\/\/www.tucomarca.com\/wordpress\/segunda\/wp-content\/uploads\/2024\/01\/JarafuelBomb03-326x245.jpg 326w, https:\/\/www.tucomarca.com\/wordpress\/segunda\/wp-content\/uploads\/2024\/01\/JarafuelBomb03-80x60.jpg 80w\" sizes=\"auto, (max-width: 1920px) 100vw, 1920px\" \/><\/figure>\n<\/figure>\n","protected":false},"excerpt":{"rendered":"<div class=\"mh-excerpt\">Efectius del Consorci Provincial de Bombers han rescatat a un senderista i els seus dos fills, d&#8217;uns 10 anys d&#8217;edat, que s&#8217;havien desorientat en una zona escarpada de Jarafuel, en la Ruta del Queixal. Segons <a class=\"mh-excerpt-more\" href=\"https:\/\/www.tucomarca.com\/wordpress\/segunda\/ca\/un-senderista-i-els-seus-dos-fills-menors-que-shavien-desorientat-son-rescatats-en-helicopter-en-una-escarpada-zona-de-xarafull\/\" title=\"Un senderista i els seus dos fills menors que s&#8217;havien desorientat s\u00f3n rescatats en helic\u00f2pter en una escarpada zona de Jarafuel\">[+] <\/a><\/div>\n","protected":false},"author":1,"featured_media":206092,"comment_status":"open","ping_status":"open","sticky":false,"template":"","format":"gallery","meta":{"footnotes":""},"categories":[10951,10898,10948,10957,10894,10904,10903,10896,10897],"tags":[11216,14121],"class_list":{"0":"post-206096","1":"post","2":"type-post","3":"status-publish","4":"format-gallery","5":"has-post-thumbnail","7":"category-ayora-cofrentes-ca","8":"category-ventana-ca","9":"category-infraestructuras-ca","10":"category-jarafuel-ca","11":"category-la-comarca-ca","12":"category-sin-categorizar-ca","13":"category-medio-ambiente-la-comarca-ca","14":"category-seccion-ca","15":"category-sucesos-la-comarca-ca","16":"tag-ayora-cofrentes-ca","17":"tag-jarafuel-ca","18":"post_format-post-format-gallery"},"_links":{"self":[{"href":"https:\/\/www.tucomarca.com\/wordpress\/segunda\/ca\/wp-json\/wp\/v2\/posts\/206096","targetHints":{"allow":["GET"]}}],"collection":[{"href":"https:\/\/www.tucomarca.com\/wordpress\/segunda\/ca\/wp-json\/wp\/v2\/posts"}],"about":[{"href":"https:\/\/www.tucomarca.com\/wordpress\/segunda\/ca\/wp-json\/wp\/v2\/types\/post"}],"author":[{"embeddable":true,"href":"https:\/\/www.tucomarca.com\/wordpress\/segunda\/ca\/wp-json\/wp\/v2\/users\/1"}],"replies":[{"embeddable":true,"href":"https:\/\/www.tucomarca.com\/wordpress\/segunda\/ca\/wp-json\/wp\/v2\/comments?post=206096"}],"version-history":[{"count":0,"href":"https:\/\/www.tucomarca.com\/wordpress\/segunda\/ca\/wp-json\/wp\/v2\/posts\/206096\/revisions"}],"wp:featuredmedia":[{"embeddable":true,"href":"https:\/\/www.tucomarca.com\/wordpress\/segunda\/ca\/wp-json\/wp\/v2\/media\/206092"}],"wp:attachment":[{"href":"https:\/\/www.tucomarca.com\/wordpress\/segunda\/ca\/wp-json\/wp\/v2\/media?parent=206096"}],"wp:term":[{"taxonomy":"category","embeddable":true,"href":"https:\/\/www.tucomarca.com\/wordpress\/segunda\/ca\/wp-json\/wp\/v2\/categories?post=206096"},{"taxonomy":"post_tag","embeddable":true,"href":"https:\/\/www.tucomarca.com\/wordpress\/segunda\/ca\/wp-json\/wp\/v2\/tags?post=206096"}],"curies":[{"name":"wp","href":"https:\/\/api.w.org\/{rel}","templated":true}]}}