{"id":206366,"date":"2024-01-05T09:00:00","date_gmt":"2024-01-05T08:00:00","guid":{"rendered":"https:\/\/www.tucomarca.com\/wordpress\/segunda\/?p=206366"},"modified":"2024-01-05T13:04:29","modified_gmt":"2024-01-05T12:04:29","slug":"el-consell-adjudica-el-servei-dautobus-entre-montserrat-i-valencia-que-atendra-108-000-persones-a-lany","status":"publish","type":"post","link":"https:\/\/www.tucomarca.com\/wordpress\/segunda\/ca\/el-consell-adjudica-el-servei-dautobus-entre-montserrat-i-valencia-que-atendra-108-000-persones-a-lany\/","title":{"rendered":"El Consell adjudica el servei d&#8217;autob\u00fas entre Montserrat i Val\u00e8ncia que atendr\u00e0 108.000 persones a l&#8217;any"},"content":{"rendered":"\n<h3 class=\"wp-block-heading\"><strong><strong>Salom\u00e9 Pradas destaca la inversi\u00f3 de m\u00e9s de 6,6 milions d&#8217;euros que triplicar\u00e0 l&#8217;oferta de servei actual d&#8217;este corredor<\/strong><\/strong>.<\/h3>\n\n\n\n<p>L&#8217;Autoritat de Transport Metropolit\u00e0 de Val\u00e8ncia (ATMV), dependent de la Conselleria de Medi Ambient, Aigua, Infraestructures i Territori, ha adjudicat el servei p\u00fablic de transport de viatgers per carretera de la l\u00ednia CV-109 entre Montserrat i Val\u00e8ncia.<\/p>\n\n\n\n<p>La consellera de Medi Ambient, Salom\u00e9 Pradas, ha destacat que este servei de transport atendr\u00e0 una mitjana de 108.000 viatgers anuals dels municipis d&#8217;Alfarp, Catadau, Dos Aguas, Llombai, Millares, Montroi, Montserrat i Real.<\/p>\n\n\n\n<p>Segons ha explicat la consellera, el nou contracte \u201crepresentar\u00e0 un gran salt qualitatiu en el servei perqu\u00e8 triplica l&#8217;oferta de servei actual\u201d. El servei s&#8217;estructura en 4 l\u00ednies, amb 24 expedicions en dies laborables, 10 expedicions en dissabtes i 10 en diumenges i festius. En total es faran 7.108 expedicions anuals, que representen un total de 325.000 quil\u00f2metres recorreguts.&nbsp;<\/p>\n\n\n\n<p>Per a Pradas \u201cun dels grans compromisos del Consell \u00e9s garantir un servei de transport p\u00fablic de qualitat, que complisca amb els est\u00e0ndards de respecte al medi ambient i facilite la mobilitat, perqu\u00e8 un bon sistema de transport \u00e9s la millor garantia de la igualtat d&#8217;oportunitats entre tots els ciutadans, amb independ\u00e8ncia del seu lloc de resid\u00e8ncia\u201d.<\/p>\n\n\n\n<p>En este sentit, la consellera ha avan\u00e7at que en el nou contracte, que t\u00e9 una duraci\u00f3 de 10 anys amb un pressupost de m\u00e9s de 6,6 milions d&#8217;euros \u201cs&#8217;ha apostat per l&#8217;electrificaci\u00f3 de la flota, amb la incorporaci\u00f3 de vehicles el\u00e8ctrics\u201d. A m\u00e9s, \u201ctotes les l\u00ednies tenen com a origen o destinaci\u00f3 la ciutat de Val\u00e8ncia i connecten tamb\u00e9 amb Torrent, la qual cosa assegura la intermodalitat, en poder transbordar amb els serveis de Metrovalencia en l&#8217;estaci\u00f3 de Torrent Avinguda\u201d.<\/p>\n\n\n\n<p>Els vehicles s\u00f3n accessibles a persones de mobilitat redu\u00efda i, a m\u00e9s, disposen de sistemes de geolocalitzaci\u00f3 per a permetre informaci\u00f3 en temps real de l&#8217;horari de pas en parada en les noves marquesines i pals din\u00e0mics que est\u00e0 instal\u00b7lant l&#8217;Autoritat de Transport Metropolit\u00e0.<\/p>\n\n\n\n<p>Este \u00e9s el tercer contracte adjudicat dels sis licitats per l&#8217;Autoritat de Transport Metropolit\u00e0 de Val\u00e8ncia, en aplicaci\u00f3 de la Llei de mobilitat de la Comunitat Valenciana, i que suposaran una renovaci\u00f3 integral dels serveis metropolitans d&#8217;autob\u00fas.<\/p>\n","protected":false},"excerpt":{"rendered":"<div class=\"mh-excerpt\">Salom\u00e9 Pradas destaca la inversi\u00f3 de m\u00e9s de 6,6 milions d&#8217;euros que triplicar\u00e0 l&#8217;oferta de servei actual d&#8217;este corredor. L&#8217;Autoritat de Transport Metropolit\u00e0 de Val\u00e8ncia (ATMV), dependent de la Conselleria de Medi Ambient, Aigua, Infraestructures <a class=\"mh-excerpt-more\" href=\"https:\/\/www.tucomarca.com\/wordpress\/segunda\/ca\/el-consell-adjudica-el-servei-dautobus-entre-montserrat-i-valencia-que-atendra-108-000-persones-a-lany\/\" title=\"El Consell adjudica el servei d&#8217;autob\u00fas entre Montserrat i Val\u00e8ncia que atendr\u00e0 108.000 persones a l&#8217;any\">[+] <\/a><\/div>\n","protected":false},"author":1,"featured_media":206365,"comment_status":"open","ping_status":"open","sticky":false,"template":"","format":"standard","meta":{"footnotes":""},"categories":[10982,10991,10976,10948,10963,10894,10904,10912,10902,10997,10970,11000,11001,10947,11051,10896],"tags":[16720,12683,11077,11208],"class_list":{"0":"post-206366","1":"post","2":"type-post","3":"status-publish","4":"format-standard","5":"has-post-thumbnail","7":"category-alfarp-ca","8":"category-catadau-ca","9":"category-dos-aguas-ca","10":"category-infraestructuras-ca","11":"category-la-canal-de-navarres-ca","12":"category-la-comarca-ca","13":"category-sin-categorizar-ca","14":"category-la-hoya-ca","15":"category-la-ribera-ca","16":"category-llombai-ca","17":"category-millares-ca","18":"category-monserrat-ca","19":"category-montroi-ca","20":"category-politica","21":"category-real-de-montroi-ca","22":"category-seccion-ca","23":"tag-autobus-ca","24":"tag-consell-ca","25":"tag-la-ribera-alta-ca","26":"tag-monserrat-ca"},"_links":{"self":[{"href":"https:\/\/www.tucomarca.com\/wordpress\/segunda\/ca\/wp-json\/wp\/v2\/posts\/206366","targetHints":{"allow":["GET"]}}],"collection":[{"href":"https:\/\/www.tucomarca.com\/wordpress\/segunda\/ca\/wp-json\/wp\/v2\/posts"}],"about":[{"href":"https:\/\/www.tucomarca.com\/wordpress\/segunda\/ca\/wp-json\/wp\/v2\/types\/post"}],"author":[{"embeddable":true,"href":"https:\/\/www.tucomarca.com\/wordpress\/segunda\/ca\/wp-json\/wp\/v2\/users\/1"}],"replies":[{"embeddable":true,"href":"https:\/\/www.tucomarca.com\/wordpress\/segunda\/ca\/wp-json\/wp\/v2\/comments?post=206366"}],"version-history":[{"count":0,"href":"https:\/\/www.tucomarca.com\/wordpress\/segunda\/ca\/wp-json\/wp\/v2\/posts\/206366\/revisions"}],"wp:featuredmedia":[{"embeddable":true,"href":"https:\/\/www.tucomarca.com\/wordpress\/segunda\/ca\/wp-json\/wp\/v2\/media\/206365"}],"wp:attachment":[{"href":"https:\/\/www.tucomarca.com\/wordpress\/segunda\/ca\/wp-json\/wp\/v2\/media?parent=206366"}],"wp:term":[{"taxonomy":"category","embeddable":true,"href":"https:\/\/www.tucomarca.com\/wordpress\/segunda\/ca\/wp-json\/wp\/v2\/categories?post=206366"},{"taxonomy":"post_tag","embeddable":true,"href":"https:\/\/www.tucomarca.com\/wordpress\/segunda\/ca\/wp-json\/wp\/v2\/tags?post=206366"}],"curies":[{"name":"wp","href":"https:\/\/api.w.org\/{rel}","templated":true}]}}