{"id":206414,"date":"2024-01-05T10:00:00","date_gmt":"2024-01-05T09:00:00","guid":{"rendered":"https:\/\/www.tucomarca.com\/wordpress\/segunda\/?p=206414"},"modified":"2024-01-05T15:16:00","modified_gmt":"2024-01-05T14:16:00","slug":"tallers-i-espectacle-infantil-en-la-recta-final-del-programa-nadalenc-a-xest","status":"publish","type":"post","link":"https:\/\/www.tucomarca.com\/wordpress\/segunda\/ca\/tallers-i-espectacle-infantil-en-la-recta-final-del-programa-nadalenc-a-xest\/","title":{"rendered":"Tallers i espectacle infantil en la recta final del programa nadalenc a Xest"},"content":{"rendered":"\n<p>Aquesta setmana la carpa ha continuat albergant activitats infantils, en les quals han participat desenes de fam\u00edlies. Dimecres passat els xiquets i xiquetes es van convertir en pastissers durant un taller en el qual van decorar les seues pr\u00f2pies piruetes de xocolate, abillats amb el seu capell de xef i un davantal. Paral\u00b7lelament es va desenvolupar una altra proposta creativa en la qual els i les participants van crear unes originals felicitacions nadalenques amb diferents materials i t\u00e8cniques.&nbsp;<\/p>\n\n\n\n<figure class=\"wp-block-gallery has-nested-images columns-default is-cropped wp-block-gallery-1 is-layout-flex wp-block-gallery-is-layout-flex\">\n<figure class=\"wp-block-image size-large\"><img loading=\"lazy\" decoding=\"async\" width=\"886\" height=\"591\" data-id=\"206411\" src=\"http:\/\/www.tucomarca.com\/wordpress\/segunda\/wp-content\/uploads\/2024\/01\/ChesteDivertilandia_1.jpg\" alt=\"\" class=\"wp-image-206411\" srcset=\"https:\/\/www.tucomarca.com\/wordpress\/segunda\/wp-content\/uploads\/2024\/01\/ChesteDivertilandia_1.jpg 886w, https:\/\/www.tucomarca.com\/wordpress\/segunda\/wp-content\/uploads\/2024\/01\/ChesteDivertilandia_1-300x200.jpg 300w, https:\/\/www.tucomarca.com\/wordpress\/segunda\/wp-content\/uploads\/2024\/01\/ChesteDivertilandia_1-768x512.jpg 768w\" sizes=\"auto, (max-width: 886px) 100vw, 886px\" \/><\/figure>\n\n\n\n<figure class=\"wp-block-image size-large\"><img loading=\"lazy\" decoding=\"async\" width=\"886\" height=\"591\" data-id=\"206406\" src=\"http:\/\/www.tucomarca.com\/wordpress\/segunda\/wp-content\/uploads\/2024\/01\/Cheste_TalleresNavidad.jpg\" alt=\"\" class=\"wp-image-206406\" srcset=\"https:\/\/www.tucomarca.com\/wordpress\/segunda\/wp-content\/uploads\/2024\/01\/Cheste_TalleresNavidad.jpg 886w, https:\/\/www.tucomarca.com\/wordpress\/segunda\/wp-content\/uploads\/2024\/01\/Cheste_TalleresNavidad-300x200.jpg 300w, https:\/\/www.tucomarca.com\/wordpress\/segunda\/wp-content\/uploads\/2024\/01\/Cheste_TalleresNavidad-768x512.jpg 768w\" sizes=\"auto, (max-width: 886px) 100vw, 886px\" \/><\/figure>\n<\/figure>\n\n\n\n<p><strong>Musical Divertilandia<\/strong><\/p>\n\n\n\n<p>Ahir, dijous, la programaci\u00f3 infantil continuava amb l&#8217;espectacle Divertilandia, amb una cridanera posada en escena que va proposar al p\u00fablic infantil un viatge al m\u00f3n de les gominoles de la m\u00e0 dels quatre divertits protagonistes. Amb l&#8217;ajuda del p\u00fablic, que va cantar i va ballar al costat d&#8217;ells, i de coneguts personatges com Poppy, els Minions o el Grinch, van poder arribar el seu dest\u00ed i quedar-se all\u00ed a viure.<\/p>\n\n\n\n<p><strong>Cavalcada<br><\/strong>El programa nadalenc es tancar\u00e0 hui amb la Cavalcada de Reis, que eixir\u00e0 a les 18.30 del carrer Xiva i desfilar\u00e0 fins a la pla\u00e7a Doctor Cajal. A la nit, la carpa albergar\u00e0 l&#8217;\u00faltima discom\u00f3vil, de 00.00 a 4.30, amb DJ Xarcu.<\/p>\n","protected":false},"excerpt":{"rendered":"<div class=\"mh-excerpt\">Aquesta setmana la carpa ha continuat albergant activitats infantils, en les quals han participat desenes de fam\u00edlies. Dimecres passat els xiquets i xiquetes es van convertir en pastissers durant un taller en el qual van <a class=\"mh-excerpt-more\" href=\"https:\/\/www.tucomarca.com\/wordpress\/segunda\/ca\/tallers-i-espectacle-infantil-en-la-recta-final-del-programa-nadalenc-a-xest\/\" title=\"Tallers i espectacle infantil en la recta final del programa nadalenc a Xest\">[+] <\/a><\/div>\n","protected":false},"author":12,"featured_media":206409,"comment_status":"open","ping_status":"open","sticky":false,"template":"","format":"gallery","meta":{"footnotes":""},"categories":[10894,10912,11004,11007,11008,10896,10974],"tags":[11071,10914,20012],"class_list":{"0":"post-206414","1":"post","2":"type-post","3":"status-publish","4":"format-gallery","5":"has-post-thumbnail","7":"category-la-comarca-ca","8":"category-la-hoya-ca","9":"category-la-semana-en-imagenes-ca","10":"category-ocio-y-cultura-ca","11":"category-pueblos-en-fiestas-ca","12":"category-seccion-ca","13":"category-cheste-ca","14":"tag-cheste","15":"tag-la-hoya-de-bunol-chiva-ca","16":"tag-navidad-2023-ca","17":"post_format-post-format-gallery"},"_links":{"self":[{"href":"https:\/\/www.tucomarca.com\/wordpress\/segunda\/ca\/wp-json\/wp\/v2\/posts\/206414","targetHints":{"allow":["GET"]}}],"collection":[{"href":"https:\/\/www.tucomarca.com\/wordpress\/segunda\/ca\/wp-json\/wp\/v2\/posts"}],"about":[{"href":"https:\/\/www.tucomarca.com\/wordpress\/segunda\/ca\/wp-json\/wp\/v2\/types\/post"}],"author":[{"embeddable":true,"href":"https:\/\/www.tucomarca.com\/wordpress\/segunda\/ca\/wp-json\/wp\/v2\/users\/12"}],"replies":[{"embeddable":true,"href":"https:\/\/www.tucomarca.com\/wordpress\/segunda\/ca\/wp-json\/wp\/v2\/comments?post=206414"}],"version-history":[{"count":0,"href":"https:\/\/www.tucomarca.com\/wordpress\/segunda\/ca\/wp-json\/wp\/v2\/posts\/206414\/revisions"}],"wp:featuredmedia":[{"embeddable":true,"href":"https:\/\/www.tucomarca.com\/wordpress\/segunda\/ca\/wp-json\/wp\/v2\/media\/206409"}],"wp:attachment":[{"href":"https:\/\/www.tucomarca.com\/wordpress\/segunda\/ca\/wp-json\/wp\/v2\/media?parent=206414"}],"wp:term":[{"taxonomy":"category","embeddable":true,"href":"https:\/\/www.tucomarca.com\/wordpress\/segunda\/ca\/wp-json\/wp\/v2\/categories?post=206414"},{"taxonomy":"post_tag","embeddable":true,"href":"https:\/\/www.tucomarca.com\/wordpress\/segunda\/ca\/wp-json\/wp\/v2\/tags?post=206414"}],"curies":[{"name":"wp","href":"https:\/\/api.w.org\/{rel}","templated":true}]}}