{"id":206849,"date":"2024-01-09T14:00:00","date_gmt":"2024-01-09T13:00:00","guid":{"rendered":"https:\/\/www.tucomarca.com\/wordpress\/segunda\/?p=206849"},"modified":"2024-01-09T19:16:36","modified_gmt":"2024-01-09T18:16:36","slug":"bunol-destinara-a-us-veinal-la-zona-del-mur-del-carrer-moratin-reconstruida-amb-ajuda-de-la-diputacio","status":"publish","type":"post","link":"https:\/\/www.tucomarca.com\/wordpress\/segunda\/ca\/bunol-destinara-a-us-veinal-la-zona-del-mur-del-carrer-moratin-reconstruida-amb-ajuda-de-la-diputacio\/","title":{"rendered":"Bu\u00f1ol destinar\u00e0 a \u00fas ve\u00efnal la zona del mur del carrer Morat\u00edn reconstru\u00efda amb ajuda de la Diputaci\u00f3"},"content":{"rendered":"\n<h3 class=\"wp-block-heading\"><strong><strong>La corporaci\u00f3 provincial va aportar 700.000 euros per a realitzar una obra d&#8217;urg\u00e8ncia despr\u00e9s del derrocament ocasionat per danys estructurals al barri del Castell. Amb els treballs acabats, \u00e9s moment de plantejar els usos<\/strong><\/strong>.<\/h3>\n\n\n\n<h3 class=\"wp-block-heading\"><strong><strong>La vicepresidenta primera, Nat\u00e0lia Enguix, assegura a l&#8217;alcaldessa, Virginia Sanz, que la Diputaci\u00f3 continuar\u00e0 estant \u201cmolt prop dels municipis per a ajudar-los a resoldre els seus problemes i donar resposta a les necessitats\u201d<\/strong><\/strong>.<\/h3>\n\n\n\n<p>L&#8217;obra d&#8217;emerg\u00e8ncia al carrer Morat\u00edn de Bu\u00f1ol per a reparar els danys causats per danys estructurals al barri antic est\u00e0 acabada, amb la construcci\u00f3 d&#8217;un mur de sosteniment i la reconstrucci\u00f3 de la part afectada de la cal\u00e7ada. L&#8217;obra, una complexa actuaci\u00f3 d&#8217;enginyeria civil en l\u2019entorn del Castell, ha comptat amb una aportaci\u00f3 de 700.000 euros de la Diputaci\u00f3 de Val\u00e8ncia, en el marc de l&#8217;anterior pla d&#8217;inversions.<\/p>\n\n\n\n<p>L&#8217;alcaldessa de Bu\u00f1ol, Virg\u00ednia Sanz, agra\u00efx a la Diputaci\u00f3 la seua \u201cr\u00e0pida intervenci\u00f3 per a contribuir a una obra d&#8217;emerg\u00e8ncia que havia d&#8217;executar-se immediatament per a evitar riscos majors i donar una resposta a les fam\u00edlies que van ser desallotjades\u201d. \u201cAra, amb els treballs acabats, \u00e9s moment de plantejar-nos l&#8217;\u00fas que li donem a la zona, de rematar el projecte de la millor manera per al ve\u00efnatge, i estem conven\u00e7uts que comptarem igualment amb l&#8217;ajuda de la Diputaci\u00f3\u201d.<\/p>\n\n\n\n<p>Per part seua, la vicepresidenta primera de la corporaci\u00f3 provincial, Nat\u00e0lia Enguix, considera que l&#8217;ajuda a Bu\u00f1ol per a reconstruir l&#8217;entorn del carrer Morat\u00edn, inclosa en l&#8217;anterior pla d&#8217;inversions, \u201cdemostra eixa proximitat de la Diputaci\u00f3 amb els municipis, arribant all\u00ed on se la necessita, per descomptat en estes situacions on cal actuar amb emerg\u00e8ncia per a evitar mals majors\u201d.<\/p>\n\n\n\n<p>Enguix va aprofitar la visita a Bu\u00f1ol per a con\u00e9ixer els projectes en els quals treballa el consistori de Virginia Sanz i oferir el suport de l&#8217;\u00e0rea de Cooperaci\u00f3, que este mateix mes portar\u00e0 a ple l&#8217;aprovaci\u00f3 del nou Pla Obert d\u2019Inversions. El major programa inversor en la hist\u00f2ria de la instituci\u00f3 inclou una assignaci\u00f3 de m\u00e9s de dos milions d&#8217;euros per al municipi de L\u2019Hoya, amb els quals podr\u00e0 \u201cplanificar les seues necessitats de cara als pr\u00f2xims quatre anys sense pressions ni presses pels terminis, ja que oferirem als ajuntaments totes les facilitats perqu\u00e8 executen els seus projectes i invertisquen fins a l&#8217;\u00faltim c\u00e8ntim que els arribe de la Diputaci\u00f3\u201d, destaca Enguix.<\/p>\n","protected":false},"excerpt":{"rendered":"<div class=\"mh-excerpt\">La corporaci\u00f3 provincial va aportar 700.000 euros per a realitzar una obra d&#8217;urg\u00e8ncia despr\u00e9s del derrocament ocasionat per danys estructurals al barri del Castell. Amb els treballs acabats, \u00e9s moment de plantejar els usos. La <a class=\"mh-excerpt-more\" href=\"https:\/\/www.tucomarca.com\/wordpress\/segunda\/ca\/bunol-destinara-a-us-veinal-la-zona-del-mur-del-carrer-moratin-reconstruida-amb-ajuda-de-la-diputacio\/\" title=\"Bu\u00f1ol destinar\u00e0 a \u00fas ve\u00efnal la zona del mur del carrer Morat\u00edn reconstru\u00efda amb ajuda de la Diputaci\u00f3\">[+] <\/a><\/div>\n","protected":false},"author":1,"featured_media":206840,"comment_status":"open","ping_status":"open","sticky":false,"template":"","format":"standard","meta":{"footnotes":""},"categories":[10911,10948,10894,10912,10947,10896],"tags":[10913,10914],"class_list":{"0":"post-206849","1":"post","2":"type-post","3":"status-publish","4":"format-standard","5":"has-post-thumbnail","7":"category-bunol-ca","8":"category-infraestructuras-ca","9":"category-la-comarca-ca","10":"category-la-hoya-ca","11":"category-politica","12":"category-seccion-ca","13":"tag-bunol-ca","14":"tag-la-hoya-de-bunol-chiva-ca"},"_links":{"self":[{"href":"https:\/\/www.tucomarca.com\/wordpress\/segunda\/ca\/wp-json\/wp\/v2\/posts\/206849","targetHints":{"allow":["GET"]}}],"collection":[{"href":"https:\/\/www.tucomarca.com\/wordpress\/segunda\/ca\/wp-json\/wp\/v2\/posts"}],"about":[{"href":"https:\/\/www.tucomarca.com\/wordpress\/segunda\/ca\/wp-json\/wp\/v2\/types\/post"}],"author":[{"embeddable":true,"href":"https:\/\/www.tucomarca.com\/wordpress\/segunda\/ca\/wp-json\/wp\/v2\/users\/1"}],"replies":[{"embeddable":true,"href":"https:\/\/www.tucomarca.com\/wordpress\/segunda\/ca\/wp-json\/wp\/v2\/comments?post=206849"}],"version-history":[{"count":0,"href":"https:\/\/www.tucomarca.com\/wordpress\/segunda\/ca\/wp-json\/wp\/v2\/posts\/206849\/revisions"}],"wp:featuredmedia":[{"embeddable":true,"href":"https:\/\/www.tucomarca.com\/wordpress\/segunda\/ca\/wp-json\/wp\/v2\/media\/206840"}],"wp:attachment":[{"href":"https:\/\/www.tucomarca.com\/wordpress\/segunda\/ca\/wp-json\/wp\/v2\/media?parent=206849"}],"wp:term":[{"taxonomy":"category","embeddable":true,"href":"https:\/\/www.tucomarca.com\/wordpress\/segunda\/ca\/wp-json\/wp\/v2\/categories?post=206849"},{"taxonomy":"post_tag","embeddable":true,"href":"https:\/\/www.tucomarca.com\/wordpress\/segunda\/ca\/wp-json\/wp\/v2\/tags?post=206849"}],"curies":[{"name":"wp","href":"https:\/\/api.w.org\/{rel}","templated":true}]}}