{"id":206867,"date":"2024-01-10T10:00:00","date_gmt":"2024-01-10T09:00:00","guid":{"rendered":"https:\/\/www.tucomarca.com\/wordpress\/segunda\/?p=206867"},"modified":"2024-01-10T12:11:46","modified_gmt":"2024-01-10T11:11:46","slug":"la-unio-reitera-la-necessitat-de-donar-ajudes-directes-als-olivarers-de-la-comunitat-per-a-compensar-els-efectes-duna-segona-collita-curta-per-la-sequera","status":"publish","type":"post","link":"https:\/\/www.tucomarca.com\/wordpress\/segunda\/ca\/la-unio-reitera-la-necessitat-de-donar-ajudes-directes-als-olivarers-de-la-comunitat-per-a-compensar-els-efectes-duna-segona-collita-curta-per-la-sequera\/","title":{"rendered":"La Uni\u00f3 reitera la necessitat de donar ajudes directes als olivarers de la Comunitat per a compensar els efectes d&#8217;una segona collita curta per la sequera"},"content":{"rendered":"\n<h4 class=\"wp-block-heading\">Tamb\u00e9 ha reclamat ajudes per als viticultors, un altre dels principals cultius de sec\u00e0, que tampoc han rebut<\/h4>\n\n\n\n<p>La Uni\u00f3 Llauradora considera necessari que el sector productor olivarer de la Comunitat Valenciana obtinga ajudes amb la finalitat de suportar els efectes d&#8217;una segona collita escassa derivada de la sequera i aguditzada pels efectes dels conflictes internacionals que tensionen els mercats. Aix\u00ed ho ha transm\u00e9s la seua organitzaci\u00f3 estatal Uni\u00f3n de Uniones a trav\u00e9s d&#8217;una Proposici\u00f3 No de Llei (PNL), remesa a tots els Grups Parlamentaris presents en el Congr\u00e9s, aix\u00ed li ho ha demandat tamb\u00e9 a l&#8217;administraci\u00f3 central a trav\u00e9s del Ministeri d&#8217;Agricultura, i a l&#8217;administraci\u00f3 auton\u00f2mica La Uni\u00f3 a trav\u00e9s de la Conselleria d\u2019Agricultura.<\/p>\n\n\n\n<p>L&#8217;organitzaci\u00f3 tamb\u00e9 ha sol\u00b7licitat ajudes per als productors de ra\u00efm de vinificaci\u00f3. En reiterades ocasions ha demanat a la Conselleria d&#8217;Agricultura que establisca amb car\u00e0cter d&#8217;urg\u00e8ncia una ajuda excepcional i directa a les explotacions agr\u00edcoles d&#8217;olivar i ra\u00efm de vinificaci\u00f3 de sec\u00e0 de la Comunitat Valenciana. Aquesta sol\u00b7licitud sorgeix com a resposta a la disminuci\u00f3 d&#8217;ingressos percebuts pels productors a conseq\u00fc\u00e8ncia de l&#8217;increment de costos productius i la meteorologia adversa. Paral\u00b7lelament, va presentar tamb\u00e9 una Proposici\u00f3 no de Llei a tots els grups parlamentaris de les Corts en la qual s&#8217;instava el Consell a concedir eixos suports econ\u00f2mics, esmenes als pressupostos agraris de la Generalitat per a 2024 i mocions als ajuntaments afectats.<\/p>\n\n\n\n<p>\u201cEn aquest escenari de falta de producci\u00f3, els increments en els preus de l&#8217;oliva en origen no s\u00f3n capa\u00e7os de compensar l&#8217;increment desmesurat en els costos de producci\u00f3, a m\u00e9s ja per segon any consecutiu\u201d, assenyala La Uni\u00f3. Per aix\u00f2 exigeix arbitrar ajudes directes, \u201cper a sostindre les rendes d&#8217;aquest cultiu social que \u00e9s l&#8217;olivar aix\u00ed com per a la vinya\u201d.<\/p>\n\n\n\n<p>\u201cLes expectatives de l&#8217;any entrant fien el futur a l&#8217;arribada de pluges abans de meitat d&#8217;any, si no \u00e9s aix\u00ed tindr\u00edem una tercera collita curta i el problema en tota la cadena de valor de l&#8217;oli d&#8217;oliva en la nostra comunitat aut\u00f2noma s&#8217;agreujar\u00e0\u201d, assenyala Enric Sim\u00f3, responsable sectorial de l&#8217;olivar de La Uni\u00f3 Llauradora.<\/p>\n\n\n\n<p>Enric Sim\u00f3 indica que als problemes meteorol\u00f2gics i del context internacional cal afegir que les ajudes de la PAC que perceben els productors valencians continuen baixant i a m\u00e9s enguany l&#8217;a bestreta de les mateixes ha sigut m\u00ednima. \u201cHem rebut molt menys diners de bestreta a aquestes dates del que era possible, de fet les nostres xifres parlaven d&#8217;una mitjana del 22% quan es podria haver arribat al 70%. El Govern auton\u00f2mic de PP-Vox ens ha deixat a l&#8217;estacada, sense ajudes per al cultiu i les que percebem de la PAC sense quasi bestreta. Reclamem tamb\u00e9 una ajuda agroambiental per als cultius de sec\u00e0\u201d, denuncia el responsable sectorial de l&#8217;olivar de La Uni\u00f3.<\/p>\n\n\n\n<p>\u201cTenim una superf\u00edcie d&#8217;unes 93.000 hect\u00e0rees de cultiu d&#8217;olivar en la Comunitat Valenciana, les conseq\u00fc\u00e8ncies econ\u00f2miques, socials i mediambientals de no atendre els reptes que el canvi clim\u00e0tic est\u00e0 suposant per a aquest cultiu serien nefastes. Ara \u00e9s el moment de sostindre la base social d&#8217;aquest important sector productiu que ha sigut discriminat fins ara en la percepci\u00f3 d&#8217;ajudes per la sequera i la guerra d&#8217;Ucra\u00efna. No n&#8217;hi ha prou amb mirar al cel per a esperar les precipitacions que trenquen la tend\u00e8ncia d&#8217;aquestes dues campanyes desastroses, necessitem un incentiu econ\u00f2mic extraordinari per a mantindre a flotaci\u00f3 les nostres explotacions\u201d, afirma Sim\u00f3.<\/p>\n","protected":false},"excerpt":{"rendered":"<div class=\"mh-excerpt\">Tamb\u00e9 ha reclamat ajudes per als viticultors, un altre dels principals cultius de sec\u00e0, que tampoc han rebut La Uni\u00f3 Llauradora considera necessari que el sector productor olivarer de la Comunitat Valenciana obtinga ajudes amb <a class=\"mh-excerpt-more\" href=\"https:\/\/www.tucomarca.com\/wordpress\/segunda\/ca\/la-unio-reitera-la-necessitat-de-donar-ajudes-directes-als-olivarers-de-la-comunitat-per-a-compensar-els-efectes-duna-segona-collita-curta-per-la-sequera\/\" title=\"La Uni\u00f3 reitera la necessitat de donar ajudes directes als olivarers de la Comunitat per a compensar els efectes d&#8217;una segona collita curta per la sequera\">[+] <\/a><\/div>\n","protected":false},"author":1,"featured_media":206807,"comment_status":"open","ping_status":"open","sticky":false,"template":"","format":"standard","meta":{"footnotes":""},"categories":[10890,10905,10951,10892,11046,10898,10948,10894,10904,10912,10903,10947,10909,10896],"tags":[11309,18022],"class_list":{"0":"post-206867","1":"post","2":"type-post","3":"status-publish","4":"format-standard","5":"has-post-thumbnail","7":"category-ademus","8":"category-agricultura-la-comarca-ca","9":"category-ayora-cofrentes-ca","10":"category-camp-de-turia-ca","11":"category-los-serranos-ca","12":"category-ventana-ca","13":"category-infraestructuras-ca","14":"category-la-comarca-ca","15":"category-sin-categorizar-ca","16":"category-la-hoya-ca","17":"category-medio-ambiente-la-comarca-ca","18":"category-politica","19":"category-requena-utiel-ca","20":"category-seccion-ca","21":"tag-agricultura-ca","22":"tag-la-unio-llauradora-ca"},"_links":{"self":[{"href":"https:\/\/www.tucomarca.com\/wordpress\/segunda\/ca\/wp-json\/wp\/v2\/posts\/206867","targetHints":{"allow":["GET"]}}],"collection":[{"href":"https:\/\/www.tucomarca.com\/wordpress\/segunda\/ca\/wp-json\/wp\/v2\/posts"}],"about":[{"href":"https:\/\/www.tucomarca.com\/wordpress\/segunda\/ca\/wp-json\/wp\/v2\/types\/post"}],"author":[{"embeddable":true,"href":"https:\/\/www.tucomarca.com\/wordpress\/segunda\/ca\/wp-json\/wp\/v2\/users\/1"}],"replies":[{"embeddable":true,"href":"https:\/\/www.tucomarca.com\/wordpress\/segunda\/ca\/wp-json\/wp\/v2\/comments?post=206867"}],"version-history":[{"count":0,"href":"https:\/\/www.tucomarca.com\/wordpress\/segunda\/ca\/wp-json\/wp\/v2\/posts\/206867\/revisions"}],"wp:featuredmedia":[{"embeddable":true,"href":"https:\/\/www.tucomarca.com\/wordpress\/segunda\/ca\/wp-json\/wp\/v2\/media\/206807"}],"wp:attachment":[{"href":"https:\/\/www.tucomarca.com\/wordpress\/segunda\/ca\/wp-json\/wp\/v2\/media?parent=206867"}],"wp:term":[{"taxonomy":"category","embeddable":true,"href":"https:\/\/www.tucomarca.com\/wordpress\/segunda\/ca\/wp-json\/wp\/v2\/categories?post=206867"},{"taxonomy":"post_tag","embeddable":true,"href":"https:\/\/www.tucomarca.com\/wordpress\/segunda\/ca\/wp-json\/wp\/v2\/tags?post=206867"}],"curies":[{"name":"wp","href":"https:\/\/api.w.org\/{rel}","templated":true}]}}