{"id":206973,"date":"2024-01-10T15:00:00","date_gmt":"2024-01-10T14:00:00","guid":{"rendered":"https:\/\/www.tucomarca.com\/wordpress\/segunda\/?p=206973"},"modified":"2024-01-10T21:32:38","modified_gmt":"2024-01-10T20:32:38","slug":"turisme-entrega-els-distintius-sicted-de-qualitat-turistica-a-les-entitats-distingides-de-la-mancomunitat-de-linterior-terra-del-vi","status":"publish","type":"post","link":"https:\/\/www.tucomarca.com\/wordpress\/segunda\/ca\/turisme-entrega-els-distintius-sicted-de-qualitat-turistica-a-les-entitats-distingides-de-la-mancomunitat-de-linterior-terra-del-vi\/","title":{"rendered":"Turisme entrega els distintius Sicted de qualitat tur\u00edstica a les entitats distingides de la Mancomunitat de l&#8217;Interior Terra del Vi"},"content":{"rendered":"\n<h4 class=\"wp-block-heading\">La secret\u00e0ria auton\u00f2mica de Turisme, Cristina Moreno, ha participat en Villargordo del Cabriel en l&#8217;acte d&#8217;entrega dels distintius Sicted Tierra Bobal 2023<\/h4>\n\n\n\n<h4 class=\"wp-block-heading\">La Comunitat Valenciana compta amb 41 destinacions adherides a este programa, amb un total de 1.415 serveis tur\u00edstics distingits, i \u00e9s la primera comunitat aut\u00f2noma en nombre d&#8217;entitats certificades<\/h4>\n\n\n\n<figure class=\"wp-block-image size-large\"><img loading=\"lazy\" decoding=\"async\" width=\"1024\" height=\"768\" src=\"http:\/\/www.tucomarca.com\/wordpress\/segunda\/wp-content\/uploads\/2024\/01\/SictedTierraBobal2-1024x768.jpg\" alt=\"\" class=\"wp-image-206969\" srcset=\"https:\/\/www.tucomarca.com\/wordpress\/segunda\/wp-content\/uploads\/2024\/01\/SictedTierraBobal2-1024x768.jpg 1024w, https:\/\/www.tucomarca.com\/wordpress\/segunda\/wp-content\/uploads\/2024\/01\/SictedTierraBobal2-300x225.jpg 300w, https:\/\/www.tucomarca.com\/wordpress\/segunda\/wp-content\/uploads\/2024\/01\/SictedTierraBobal2-768x576.jpg 768w, https:\/\/www.tucomarca.com\/wordpress\/segunda\/wp-content\/uploads\/2024\/01\/SictedTierraBobal2-678x509.jpg 678w, https:\/\/www.tucomarca.com\/wordpress\/segunda\/wp-content\/uploads\/2024\/01\/SictedTierraBobal2-326x245.jpg 326w, https:\/\/www.tucomarca.com\/wordpress\/segunda\/wp-content\/uploads\/2024\/01\/SictedTierraBobal2-80x60.jpg 80w, https:\/\/www.tucomarca.com\/wordpress\/segunda\/wp-content\/uploads\/2024\/01\/SictedTierraBobal2.jpg 1181w\" sizes=\"auto, (max-width: 1024px) 100vw, 1024px\" \/><\/figure>\n\n\n\n<p>La Generalitat, a trav\u00e9s de Turisme Comunitat Valenciana, ha reconegut este dimecres a Villargordo del Cabriel les entitats i els serveis tur\u00edstics de la Mancomunitat de l&#8217;Interior Terra del Vi que han aconseguit el distintiu del Sistema Integral de Qualitat Tur\u00edstica Espanyola en Destinaci\u00f3 (Sicted).<\/p>\n\n\n\n<p>La secret\u00e0ria auton\u00f2mica de Turisme, Cristina Moreno, ha entregat juntament amb l&#8217;alcalde de la localitat, Galo Valle, i el president de la Mancomunitat de l&#8217;Interior Terra del Vi, Luis Francisco L\u00f3pez, els distintius Sicted Tierra Bobal 2023.<\/p>\n\n\n\n<p>La Mancomunitat de l&#8217;Interior Terra del Vi es va adherir al projecte Sicted en 2021. Actualment, hi ha 54 serveis tur\u00edstics adherits, dels quals 25 estan distingits, 14 es distingixen per primera vegada, 5 renoven el distintiu i la resta es troben en el cicle de seguiment.&nbsp;<\/p>\n\n\n\n<p>Cal assenyalar que el projecte Sicted a la Comunitat Valenciana compta amb la col\u00b7laboraci\u00f3 del Consell de Cambres de Comer\u00e7 de la Comunitat Valenciana, i oferix assessorament i assist\u00e8ncia t\u00e8cnica a les destinacions.<\/p>\n\n\n\n<p>Durant l&#8217;acte de lliurament dels distintius, la secret\u00e0ria auton\u00f2mica de Turisme ha remarcat que estos segells Sicted s\u00f3n un reconeixement de gran import\u00e0ncia perqu\u00e8 demostren el \u201ccomprom\u00eds d&#8217;esta destinaci\u00f3 amb la qualitat i l&#8217;excel\u00b7l\u00e8ncia en turisme\u201d.<\/p>\n\n\n\n<p>En esta l\u00ednia, ha incidit en en fet que \u201cels distintius Sicted no s\u00f3n premis, s\u00f3n el millor s\u00edmbol d&#8217;una gesti\u00f3 tur\u00edstica responsable i de qualitat, d&#8217;un comprom\u00eds mesurable i certificat\u201d, i ha recordat que \u201c\u00e9s el comprom\u00eds de tots els agents que interactuen en l&#8217;itinerari del turista\u201d, aix\u00ed ha fet refer\u00e8ncia al fet que es tracta d&#8217;entitats compromeses amb l&#8217;excel\u00b7l\u00e8ncia tur\u00edstica i que donen el nom a este segell: Comprom\u00eds Qualitat Tur\u00edstica.<\/p>\n\n\n\n<p>A m\u00e9s, ha ressaltat que la Comunitat Valenciana compta amb 41 destinacions adherides a este programa, \u201cla qual cosa reflectix el nostre comprom\u00eds col\u00b7lectiu amb l&#8217;excel\u00b7l\u00e8ncia en el turisme\u201d, a m\u00e9s, ha afegit que \u201ccomptem en total amb 1.415 serveis tur\u00edstics distingits, la qual cosa ens posiciona com la primera comunitat aut\u00f2noma en nombre d&#8217;establiments certificats\u201d.&nbsp;<\/p>\n\n\n\n<p>Moreno tamb\u00e9 ha felicitat la Mancomunitat de l&#8217;Interior Terra del Vi pel seu \u201cdestacat treball en l&#8217;obtenci\u00f3 i renovaci\u00f3 d&#8217;estos distintius\u201d i ha animat altres serveis a unir-se a esta iniciativa \u201cper a formar part d&#8217;un equip que treballe unit amb l&#8217;objectiu d&#8217;elevar els est\u00e0ndards de qualitat de tot el nostre sector, perqu\u00e8 la governan\u00e7a col\u00b7laborativa \u00e9s la clau per a construir un futur tur\u00edstic sostenible i exit\u00f3s en la Comunitat Valenciana\u201d.<\/p>\n\n\n\n<p>Per la seua banda, el president de la Mancomunitat de l&#8217;Interior Terra del Vi, Luis Francisco L\u00f3pez, ha anunciat que la marca tur\u00edstica Tierra Bobal \u201crecollir\u00e0 en Fitur un dels premis al millor equip gestor Sicted\u201d. A m\u00e9s, ha assenyalat que el territori \u201ccontinua avan\u00e7ant com a destinaci\u00f3 tur\u00edstica gr\u00e0cies al seu Pla de sostenibilitat, dotat amb 1,5 milions\u201d i ha mostrat el seu suport al sector de la comarca, perqu\u00e8 \u201csense el seu comprom\u00eds i esfor\u00e7 res seria possible\u201d.<\/p>\n","protected":false},"excerpt":{"rendered":"<div class=\"mh-excerpt\">La secret\u00e0ria auton\u00f2mica de Turisme, Cristina Moreno, ha participat en Villargordo del Cabriel en l&#8217;acte d&#8217;entrega dels distintius Sicted Tierra Bobal 2023 La Comunitat Valenciana compta amb 41 destinacions adherides a este programa, amb un <a class=\"mh-excerpt-more\" href=\"https:\/\/www.tucomarca.com\/wordpress\/segunda\/ca\/turisme-entrega-els-distintius-sicted-de-qualitat-turistica-a-les-entitats-distingides-de-la-mancomunitat-de-linterior-terra-del-vi\/\" title=\"Turisme entrega els distintius Sicted de qualitat tur\u00edstica a les entitats distingides de la Mancomunitat de l&#8217;Interior Terra del Vi\">[+] <\/a><\/div>\n","protected":false},"author":12,"featured_media":206968,"comment_status":"open","ping_status":"open","sticky":false,"template":"","format":"image","meta":{"footnotes":""},"categories":[10948,10894,10947,10908,10909,10896,11059],"tags":[18105,10910,11194],"class_list":{"0":"post-206973","1":"post","2":"type-post","3":"status-publish","4":"format-image","5":"has-post-thumbnail","7":"category-infraestructuras-ca","8":"category-la-comarca-ca","9":"category-politica","10":"category-requena-ca","11":"category-requena-utiel-ca","12":"category-seccion-ca","13":"category-utiel-ca","14":"tag-mancomunidad-interior-tierra-del-vino-ca","15":"tag-requena-utiel-ca","16":"tag-turisme-ca","17":"post_format-post-format-image"},"_links":{"self":[{"href":"https:\/\/www.tucomarca.com\/wordpress\/segunda\/ca\/wp-json\/wp\/v2\/posts\/206973","targetHints":{"allow":["GET"]}}],"collection":[{"href":"https:\/\/www.tucomarca.com\/wordpress\/segunda\/ca\/wp-json\/wp\/v2\/posts"}],"about":[{"href":"https:\/\/www.tucomarca.com\/wordpress\/segunda\/ca\/wp-json\/wp\/v2\/types\/post"}],"author":[{"embeddable":true,"href":"https:\/\/www.tucomarca.com\/wordpress\/segunda\/ca\/wp-json\/wp\/v2\/users\/12"}],"replies":[{"embeddable":true,"href":"https:\/\/www.tucomarca.com\/wordpress\/segunda\/ca\/wp-json\/wp\/v2\/comments?post=206973"}],"version-history":[{"count":0,"href":"https:\/\/www.tucomarca.com\/wordpress\/segunda\/ca\/wp-json\/wp\/v2\/posts\/206973\/revisions"}],"wp:featuredmedia":[{"embeddable":true,"href":"https:\/\/www.tucomarca.com\/wordpress\/segunda\/ca\/wp-json\/wp\/v2\/media\/206968"}],"wp:attachment":[{"href":"https:\/\/www.tucomarca.com\/wordpress\/segunda\/ca\/wp-json\/wp\/v2\/media?parent=206973"}],"wp:term":[{"taxonomy":"category","embeddable":true,"href":"https:\/\/www.tucomarca.com\/wordpress\/segunda\/ca\/wp-json\/wp\/v2\/categories?post=206973"},{"taxonomy":"post_tag","embeddable":true,"href":"https:\/\/www.tucomarca.com\/wordpress\/segunda\/ca\/wp-json\/wp\/v2\/tags?post=206973"}],"curies":[{"name":"wp","href":"https:\/\/api.w.org\/{rel}","templated":true}]}}