{"id":207019,"date":"2024-01-11T07:10:00","date_gmt":"2024-01-11T06:10:00","guid":{"rendered":"https:\/\/www.tucomarca.com\/wordpress\/segunda\/?p=207019"},"modified":"2024-01-10T22:40:38","modified_gmt":"2024-01-10T21:40:38","slug":"la-diputacio-de-valencia-posa-a-punt-el-seu-dispositiu-hivernal-en-carreteres","status":"publish","type":"post","link":"https:\/\/www.tucomarca.com\/wordpress\/segunda\/ca\/la-diputacio-de-valencia-posa-a-punt-el-seu-dispositiu-hivernal-en-carreteres\/","title":{"rendered":"La Diputaci\u00f3 de Val\u00e8ncia posa a punt el seu dispositiu hivernal en carreteres\u00a0"},"content":{"rendered":"\n<h3 class=\"wp-block-heading\"><strong><strong>L\u2019\u00e0rea que dirigix la vicepresidenta segona, Reme Mazzolari, compta amb quatre camions llevaneu, nou retroexcavadores i sis camions per a escampar sal en les vies que es puguen veure afectades<\/strong><\/strong>.<\/h3>\n\n\n\n<h3 class=\"wp-block-heading\"><strong><strong>Des de l&#8217;\u00e0rea de Benestar Social coordinada per Imma Gonz\u00e1lez es treballa conjuntament amb Creu Roja en diferents projectes d&#8217;atenci\u00f3 a persones vulnerables en La Serrania, La Vall i el Rinc\u00f3n de Ademuz<\/strong><\/strong>.<\/h3>\n\n\n\n<p>La Diputaci\u00f3 de Val\u00e8ncia que presidix Vicent Momp\u00f3 ha posat ja a punt el dispositiu t\u00e8cnic i hum\u00e0 necessari per a afrontar possibles intervencions en els municipis derivades de las onades de fred que puguen arribar en les pr\u00f2ximes setmanes. Este dispositiu de serveis viaris hivernals, coordinat per l&#8217;\u00e0rea de Carreteres que dirigix la vicepresidenta segona, Reme Mazzolari, \u201ct\u00e9 com a objectiu mantindre en bones condicions de circulaci\u00f3 en les carreteres de les zones propenses a gelades i nevades\u201d.<\/p>\n\n\n\n<p>Mazzolari explica que la prioritat \u00e9s \u201cprevindre i garantir les condicions de seguretat de les nostres vies de comunicaci\u00f3, evitant en la mesura que siga possible restriccions de pas de vehicles, o limitant-les al m\u00ednim temps en cas que siguen necess\u00e0ries\u201d. Per a aix\u00f2, la Diputaci\u00f3 de Val\u00e9ncia ha posat a punt sis camions amb escampadores de sal, nou retroexcavadores per a retirada de neu i quatre camions llevaneu, i acumula 169 tones de sal per a possibles actuacions en carreteres gelades.<\/p>\n\n\n\n<p>Per a la resoluci\u00f3 d&#8217;incid\u00e8ncies, l&#8217;\u00e0rea de Carreteres compta amb brigades de conservaci\u00f3, un equip de conductors i treballadors encarregats de la maquin\u00e0ria llevaneu i els camions escampadors. Tots ells coordinats per un enginyer de camins i quatre enginyers t\u00e8cnics d&#8217;Obres P\u00fabliques. En total, el dispositiu hum\u00e0 l&#8217;integren 58 persones.<\/p>\n\n\n\n<p>Les intervencions en cas de gelades o acumulaci\u00f3 de neu poden ser de dos tipus: l&#8217;esplai de sal per a rebaixar el punt de congelaci\u00f3 de l&#8217;aigua, evitant aix\u00ed la formaci\u00f3 de plaques de gel; i la retirada de neu en cas que la sal estesa no haja sigut suficient i s&#8217;haja acumulat en les vies.<\/p>\n\n\n\n<p><strong>Atenci\u00f3 a persones vulnerables<\/strong><\/p>\n\n\n\n<p>D&#8217;altra banda, l&#8217;\u00e0rea de Benestar Social que dirigix Imma Gonz\u00e1lez treballa conjuntament amb Creu Roja en diferents iniciatives d&#8217;atenci\u00f3 a persones i col\u00b7lectius vulnerables. En concret, el projecte \u2018Acompanyament en processos d&#8217;inclusi\u00f3 en comarques de la prov\u00edncia de Val\u00e8ncia\u2019 es desenvolupa en xicotets municipis de les comarques del Rinc\u00f3n de Ademuz, La Vall d&#8217;Albaida i La Serran\u00eda, atenent persones en situaci\u00f3 de vulnerabilitat mitjan\u00e7ant telefonades.&nbsp;<\/p>\n\n\n\n<p>El programa, subvencionat per la corporaci\u00f3 provincial, se centra en l&#8217;atenci\u00f3 a persones derivades pels servicis socials d\u2019estos ajuntaments, mentre que Creu Roja complementa les ajudes municipals amb productes b\u00e0sics que, a vegades, inclouen productes d&#8217;abric o pagaments de subministrament el\u00e8ctric.<\/p>\n\n\n\n<p>Aix\u00ed mateix, Creu Roja incrementa estos dies el contacte telef\u00f2nic de persones majors per a comprovar el seu estat de salut, proporcionar-los consells per a afrontar la baixada de temperatures i revisar les mesures preventives en les seues llars. L&#8217;acci\u00f3 de Creu Roja es completa amb els tallers d&#8217;estalvi energ\u00e8tic, que donen pautes a persones en situaci\u00f3 de vulnerabilitat per a rebaixar el consum de subministraments en la llar i repartiment de kits d&#8217;efici\u00e8ncia energ\u00e8tica.<\/p>\n","protected":false},"excerpt":{"rendered":"<div class=\"mh-excerpt\">L\u2019\u00e0rea que dirigix la vicepresidenta segona, Reme Mazzolari, compta amb quatre camions llevaneu, nou retroexcavadores i sis camions per a escampar sal en les vies que es puguen veure afectades. Des de l&#8217;\u00e0rea de Benestar <a class=\"mh-excerpt-more\" href=\"https:\/\/www.tucomarca.com\/wordpress\/segunda\/ca\/la-diputacio-de-valencia-posa-a-punt-el-seu-dispositiu-hivernal-en-carreteres\/\" title=\"La Diputaci\u00f3 de Val\u00e8ncia posa a punt el seu dispositiu hivernal en carreteres\u00a0\">[+] <\/a><\/div>\n","protected":false},"author":1,"featured_media":207017,"comment_status":"open","ping_status":"open","sticky":false,"template":"","format":"standard","meta":{"footnotes":""},"categories":[10890,11046,10898,10948,10894,10904,10903,10947,10896,10897],"tags":[11097,11199,11928,11080],"class_list":{"0":"post-207019","1":"post","2":"type-post","3":"status-publish","4":"format-standard","5":"has-post-thumbnail","7":"category-ademus","8":"category-los-serranos-ca","9":"category-ventana-ca","10":"category-infraestructuras-ca","11":"category-la-comarca-ca","12":"category-sin-categorizar-ca","13":"category-medio-ambiente-la-comarca-ca","14":"category-politica","15":"category-seccion-ca","16":"category-sucesos-la-comarca-ca","17":"tag-ademuz-ca","18":"tag-la-comunitat-ca","19":"tag-la-serrania-ca","20":"tag-los-serranos-ca"},"_links":{"self":[{"href":"https:\/\/www.tucomarca.com\/wordpress\/segunda\/ca\/wp-json\/wp\/v2\/posts\/207019","targetHints":{"allow":["GET"]}}],"collection":[{"href":"https:\/\/www.tucomarca.com\/wordpress\/segunda\/ca\/wp-json\/wp\/v2\/posts"}],"about":[{"href":"https:\/\/www.tucomarca.com\/wordpress\/segunda\/ca\/wp-json\/wp\/v2\/types\/post"}],"author":[{"embeddable":true,"href":"https:\/\/www.tucomarca.com\/wordpress\/segunda\/ca\/wp-json\/wp\/v2\/users\/1"}],"replies":[{"embeddable":true,"href":"https:\/\/www.tucomarca.com\/wordpress\/segunda\/ca\/wp-json\/wp\/v2\/comments?post=207019"}],"version-history":[{"count":0,"href":"https:\/\/www.tucomarca.com\/wordpress\/segunda\/ca\/wp-json\/wp\/v2\/posts\/207019\/revisions"}],"wp:featuredmedia":[{"embeddable":true,"href":"https:\/\/www.tucomarca.com\/wordpress\/segunda\/ca\/wp-json\/wp\/v2\/media\/207017"}],"wp:attachment":[{"href":"https:\/\/www.tucomarca.com\/wordpress\/segunda\/ca\/wp-json\/wp\/v2\/media?parent=207019"}],"wp:term":[{"taxonomy":"category","embeddable":true,"href":"https:\/\/www.tucomarca.com\/wordpress\/segunda\/ca\/wp-json\/wp\/v2\/categories?post=207019"},{"taxonomy":"post_tag","embeddable":true,"href":"https:\/\/www.tucomarca.com\/wordpress\/segunda\/ca\/wp-json\/wp\/v2\/tags?post=207019"}],"curies":[{"name":"wp","href":"https:\/\/api.w.org\/{rel}","templated":true}]}}