{"id":207045,"date":"2024-01-11T12:00:00","date_gmt":"2024-01-11T11:00:00","guid":{"rendered":"https:\/\/www.tucomarca.com\/wordpress\/segunda\/?p=207045"},"modified":"2024-01-11T19:39:00","modified_gmt":"2024-01-11T18:39:00","slug":"la-diputacio-de-valencia-fa-un-pas-mes-en-el-projecte-que-unira-siete-aguas-amb-lestacio-de-renfe-a-traves-dun-carril-ciclopedestre","status":"publish","type":"post","link":"https:\/\/www.tucomarca.com\/wordpress\/segunda\/ca\/la-diputacio-de-valencia-fa-un-pas-mes-en-el-projecte-que-unira-siete-aguas-amb-lestacio-de-renfe-a-traves-dun-carril-ciclopedestre\/","title":{"rendered":"La Diputaci\u00f3 de Val\u00e8ncia fa un pas m\u00e9s en el projecte que unir\u00e0 Siete Aguas amb l&#8217;estaci\u00f3 de Renfe a trav\u00e9s d&#8217;un carril ciclopedestre"},"content":{"rendered":"\n<h3 class=\"wp-block-heading\"><strong><strong>L&#8217;\u00e0rea\u00a0 de Carreteres que dirigix Reme Mazzolari licita les obres de construcci\u00f3 de la via, les quals compten amb un termini d&#8217;execuci\u00f3 de sis mesos i un pressupost de 750.000 euros<\/strong><\/strong><\/h3>\n\n\n\n<p><\/p>\n\n\n\n<p>Els ve\u00efns del municipi de Siete Aguas ja estan m\u00e9s prop de poder rec\u00f3rrer de manera segura els dos quil\u00f2metres que separen el nucli urb\u00e0 de Siete Aguas amb el baixador de l&#8217;estaci\u00f3 de Renfe.\u00a0<\/p>\n\n\n\n<p>L&#8217;\u00e0rea de Carreteres de la Diputaci\u00f3 de Val\u00e8ncia, encap\u00e7alada per la vicepresidenta segona Reme Mazzolari, ha iniciat una nova fase del projecte amb la licitaci\u00f3 de les obres de construcci\u00f3 de la via ciclopedestre que unir\u00e0 el municipi de La Foia de Bu\u00f1ol amb l&#8217;estaci\u00f3 de ferrocarril, i que transcorrer\u00e0 al llarg de la carretera que arriba al municipi des de la A-3 i en el tra\u00e7at de la qual es troba l&#8217;acc\u00e9s al baixador.<\/p>\n\n\n\n<p>La nova infraestructura, que compta amb un pressupost de 750.000 euros i un termini d&#8217;execuci\u00f3 de sis mesos, \u00e9s un exemple clar de la decidida aposta per una mobilitat ciclopedestre de manera segura que est\u00e0 duent a terme la Diputaci\u00f3 de Val\u00e8ncia que dirigix Vicent Momp\u00f3.<\/p>\n\n\n\n<p>\u201cL&#8217;objectiu de l&#8217;\u00e0rea de Carreteres de la Diputaci\u00f3 -afirma Reme Mazzolari- \u00e9s vetlar per la seguretat de tots els tipus d&#8217;usuaris de les carreteres i vies de la xarxa provincial. Per aix\u00f2, estem apostant per la construcci\u00f3 de vies ciclopedestres que permeten millorar la conviv\u00e8ncia entre vehicles de motor, i els vianants i ciclistes, atorgant a cada col\u00b7lectiu un espai segregat\u201d.&nbsp;<\/p>\n\n\n\n<p>Esta obra donar\u00e0 aix\u00ed soluci\u00f3 a les reivindicacions de la poblaci\u00f3, ja que actualment la carretera que unix tots dos punts (CV-388) no compta amb unes condicions m\u00ednimes de seguretat perqu\u00e8 puguen transitar pels vorals tant els vianants com els ciclistes.&nbsp;<\/p>\n\n\n\n<p>Per a aix\u00f2 es dur\u00e0 a terme la construcci\u00f3 del carril ciclopedestre, que discorrer\u00e0 junt a la plataforma actual de la CV-388, pel seu marge dret en sentit Siete Aguas, i segregada d&#8217;ella amb un element separador. En el tram que passa sobre la plataforma de l&#8217;AVE, se segregaran las vies ciclista i per als vianants, continuant els ciclistes sobre la plataforma actual de la carretera (mitjan\u00e7ant un \u201cvoral bici\u201d) i els vianants per la vorera existent en el pas superior.<\/p>\n\n\n\n<p>A m\u00e9s, amb la finalitat d&#8217;incrementar la seguretat de ciclistes i vianants quan siga de nit, el nou tra\u00e7at comptar\u00e0 amb il\u00b7luminaci\u00f3 fotoluminiscent en els dos costats de la via ciclopedestre.<\/p>\n\n\n\n<figure class=\"wp-block-image size-large\"><img loading=\"lazy\" decoding=\"async\" width=\"1024\" height=\"768\" src=\"http:\/\/www.tucomarca.com\/wordpress\/segunda\/wp-content\/uploads\/2024\/01\/SieteAguas2-1024x768.jpg\" alt=\"\" class=\"wp-image-207041\" srcset=\"https:\/\/www.tucomarca.com\/wordpress\/segunda\/wp-content\/uploads\/2024\/01\/SieteAguas2-1024x768.jpg 1024w, https:\/\/www.tucomarca.com\/wordpress\/segunda\/wp-content\/uploads\/2024\/01\/SieteAguas2-300x225.jpg 300w, https:\/\/www.tucomarca.com\/wordpress\/segunda\/wp-content\/uploads\/2024\/01\/SieteAguas2-768x576.jpg 768w, https:\/\/www.tucomarca.com\/wordpress\/segunda\/wp-content\/uploads\/2024\/01\/SieteAguas2-1536x1152.jpg 1536w, https:\/\/www.tucomarca.com\/wordpress\/segunda\/wp-content\/uploads\/2024\/01\/SieteAguas2-2048x1536.jpg 2048w, https:\/\/www.tucomarca.com\/wordpress\/segunda\/wp-content\/uploads\/2024\/01\/SieteAguas2-678x509.jpg 678w, https:\/\/www.tucomarca.com\/wordpress\/segunda\/wp-content\/uploads\/2024\/01\/SieteAguas2-326x245.jpg 326w, https:\/\/www.tucomarca.com\/wordpress\/segunda\/wp-content\/uploads\/2024\/01\/SieteAguas2-80x60.jpg 80w\" sizes=\"auto, (max-width: 1024px) 100vw, 1024px\" \/><\/figure>\n","protected":false},"excerpt":{"rendered":"<div class=\"mh-excerpt\">L&#8217;\u00e0rea\u00a0 de Carreteres que dirigix Reme Mazzolari licita les obres de construcci\u00f3 de la via, les quals compten amb un termini d&#8217;execuci\u00f3 de sis mesos i un pressupost de 750.000 euros Els ve\u00efns del municipi <a class=\"mh-excerpt-more\" href=\"https:\/\/www.tucomarca.com\/wordpress\/segunda\/ca\/la-diputacio-de-valencia-fa-un-pas-mes-en-el-projecte-que-unira-siete-aguas-amb-lestacio-de-renfe-a-traves-dun-carril-ciclopedestre\/\" title=\"La Diputaci\u00f3 de Val\u00e8ncia fa un pas m\u00e9s en el projecte que unir\u00e0 Siete Aguas amb l&#8217;estaci\u00f3 de Renfe a trav\u00e9s d&#8217;un carril ciclopedestre\">[+] <\/a><\/div>\n","protected":false},"author":1,"featured_media":207040,"comment_status":"open","ping_status":"open","sticky":false,"template":"","format":"image","meta":{"footnotes":""},"categories":[10898,10948,10894,10904,10912,10903,10947,10896,10979],"tags":[11401,10914,11157],"class_list":{"0":"post-207045","1":"post","2":"type-post","3":"status-publish","4":"format-image","5":"has-post-thumbnail","7":"category-ventana-ca","8":"category-infraestructuras-ca","9":"category-la-comarca-ca","10":"category-sin-categorizar-ca","11":"category-la-hoya-ca","12":"category-medio-ambiente-la-comarca-ca","13":"category-politica","14":"category-seccion-ca","15":"category-siete-aguas-ca","16":"tag-diputacion-de-valencia-ca","17":"tag-la-hoya-de-bunol-chiva-ca","18":"tag-siete-aguas-ca","19":"post_format-post-format-image"},"_links":{"self":[{"href":"https:\/\/www.tucomarca.com\/wordpress\/segunda\/ca\/wp-json\/wp\/v2\/posts\/207045","targetHints":{"allow":["GET"]}}],"collection":[{"href":"https:\/\/www.tucomarca.com\/wordpress\/segunda\/ca\/wp-json\/wp\/v2\/posts"}],"about":[{"href":"https:\/\/www.tucomarca.com\/wordpress\/segunda\/ca\/wp-json\/wp\/v2\/types\/post"}],"author":[{"embeddable":true,"href":"https:\/\/www.tucomarca.com\/wordpress\/segunda\/ca\/wp-json\/wp\/v2\/users\/1"}],"replies":[{"embeddable":true,"href":"https:\/\/www.tucomarca.com\/wordpress\/segunda\/ca\/wp-json\/wp\/v2\/comments?post=207045"}],"version-history":[{"count":0,"href":"https:\/\/www.tucomarca.com\/wordpress\/segunda\/ca\/wp-json\/wp\/v2\/posts\/207045\/revisions"}],"wp:featuredmedia":[{"embeddable":true,"href":"https:\/\/www.tucomarca.com\/wordpress\/segunda\/ca\/wp-json\/wp\/v2\/media\/207040"}],"wp:attachment":[{"href":"https:\/\/www.tucomarca.com\/wordpress\/segunda\/ca\/wp-json\/wp\/v2\/media?parent=207045"}],"wp:term":[{"taxonomy":"category","embeddable":true,"href":"https:\/\/www.tucomarca.com\/wordpress\/segunda\/ca\/wp-json\/wp\/v2\/categories?post=207045"},{"taxonomy":"post_tag","embeddable":true,"href":"https:\/\/www.tucomarca.com\/wordpress\/segunda\/ca\/wp-json\/wp\/v2\/tags?post=207045"}],"curies":[{"name":"wp","href":"https:\/\/api.w.org\/{rel}","templated":true}]}}