{"id":207056,"date":"2024-01-11T11:11:00","date_gmt":"2024-01-11T10:11:00","guid":{"rendered":"https:\/\/www.tucomarca.com\/wordpress\/segunda\/?p=207056"},"modified":"2024-01-11T20:02:13","modified_gmt":"2024-01-11T19:02:13","slug":"covinas-acudeix-a-la-seua-cita-anual-en-les-principals-fires-internacionals-del-sector","status":"publish","type":"post","link":"https:\/\/www.tucomarca.com\/wordpress\/segunda\/ca\/covinas-acudeix-a-la-seua-cita-anual-en-les-principals-fires-internacionals-del-sector\/","title":{"rendered":"Covi\u00f1as acudeix a la seua cita anual en les principals fires internacionals del sector"},"content":{"rendered":"\n<h4 class=\"wp-block-heading\">El Millor Celler Cooperatiu del M\u00f3n es prepara per a un il\u00b7lusionant primer trimestre en el qual passar\u00e0 per Montpeller (Mill\u00e9sime Bio), participar\u00e0 en la Barcelona Wine Week, Foodex (el Jap\u00f3) i Prowein 2024 a D\u00fcsseldorf (Alemanya)&nbsp;<\/h4>\n\n\n\n<p>Covi\u00f1as, una de les cooperatives vin\u00edcoles m\u00e9s destacades el panorama internacional, ja ha tancat l&#8217;agenda que li permetr\u00e0 participar, durant aquest primer trimestre de l&#8217;any, en els principals cert\u00e0mens internacionals del sector.&nbsp;<br>La primera cita ser\u00e0 a Montpeller en el certamen Mill\u00e9simeBio, una fira de vi ecol\u00f2gic que se celebra del 29 al 31 de gener en la qual Covi\u00f1as participar\u00e0 amb els vins i caves de la gamma Flor de Victo i Aut\u00e8ntic.<br>La seg\u00fcent cita internacional ser\u00e0 la Barcelona Wine Week, que se celebra del 5 al 7 de febrer, i en la qual es podran catar les noves anyades dels blancs i rosats 2023. All\u00ed el celler assistir\u00e0 amb les seues principals gammes, Enterizo, AULA, Veterum i ADNOS. El celler aprofitar\u00e0 aquesta ocasi\u00f3 per a presentar els seus nous projectes, AL VENT Sauvignon Blanc i Veterum Tinajas.<br>Abans de prendre rumb al Jap\u00f3, Covi\u00f1as assistir\u00e0 a la famosa Fira de l&#8217;Embotit de Requena, trobada en el qual es presenten les noves anyades als consumidors de la Comunitat Valenciana juntament amb les viandes pr\u00f2pies de la comarca, els embotits de Requena tan famosos al mateix temps que deliciosos.<br>La seg\u00fcent cita, ja al mar\u00e7, ser\u00e0 Foodex el Jap\u00f3 que suposa una de les cites ineludibles per a Covi\u00f1as, ja que es tracta d&#8217;un mercat significatiu, fidel i creixent per als productes espanyols i en concret el vi. Ac\u00ed el seu objectiu ser\u00e0 consolidar els lla\u00e7os comercials i explorar noves oportunitats i l\u00ednies de negoci.&nbsp;<br>Finalment, Covi\u00f1as tancar\u00e0 el trimestre a D\u00fcsseldorf (Alemanya), on participar\u00e0 en la fira per excel\u00b7l\u00e8ncia del vi mundial a Europa, PROWEIN 2024. Amb m\u00e9s de 5.700 expositors en l&#8217;edici\u00f3 passada i m\u00e9s de 60 pa\u00efsos productors, aquesta fira \u00e9s un reflex de com el vi constitueix un negoci global i fonamental en l&#8217;economia, no sols del nostre pa\u00eds, sin\u00f3 de tot el m\u00f3n. Covi\u00f1as participar\u00e0 amb un gran estand on es mostrar\u00e0 el portafolio principal del celler.<\/p>\n","protected":false},"excerpt":{"rendered":"<div class=\"mh-excerpt\">El Millor Celler Cooperatiu del M\u00f3n es prepara per a un il\u00b7lusionant primer trimestre en el qual passar\u00e0 per Montpeller (Mill\u00e9sime Bio), participar\u00e0 en la Barcelona Wine Week, Foodex (el Jap\u00f3) i Prowein 2024 a <a class=\"mh-excerpt-more\" href=\"https:\/\/www.tucomarca.com\/wordpress\/segunda\/ca\/covinas-acudeix-a-la-seua-cita-anual-en-les-principals-fires-internacionals-del-sector\/\" title=\"Covi\u00f1as acudeix a la seua cita anual en les principals fires internacionals del sector\">[+] <\/a><\/div>\n","protected":false},"author":12,"featured_media":207054,"comment_status":"open","ping_status":"open","sticky":false,"template":"","format":"standard","meta":{"footnotes":""},"categories":[11006,10894,11007,10908,10909,10896,11059],"tags":[12895,11099,10910,11174],"class_list":{"0":"post-207056","1":"post","2":"type-post","3":"status-publish","4":"format-standard","5":"has-post-thumbnail","7":"category-canal-vinos","8":"category-la-comarca-ca","9":"category-ocio-y-cultura-ca","10":"category-requena-ca","11":"category-requena-utiel-ca","12":"category-seccion-ca","13":"category-utiel-ca","14":"tag-covinas-ca","15":"tag-requena-ca","16":"tag-requena-utiel-ca","17":"tag-utiel-ca"},"_links":{"self":[{"href":"https:\/\/www.tucomarca.com\/wordpress\/segunda\/ca\/wp-json\/wp\/v2\/posts\/207056","targetHints":{"allow":["GET"]}}],"collection":[{"href":"https:\/\/www.tucomarca.com\/wordpress\/segunda\/ca\/wp-json\/wp\/v2\/posts"}],"about":[{"href":"https:\/\/www.tucomarca.com\/wordpress\/segunda\/ca\/wp-json\/wp\/v2\/types\/post"}],"author":[{"embeddable":true,"href":"https:\/\/www.tucomarca.com\/wordpress\/segunda\/ca\/wp-json\/wp\/v2\/users\/12"}],"replies":[{"embeddable":true,"href":"https:\/\/www.tucomarca.com\/wordpress\/segunda\/ca\/wp-json\/wp\/v2\/comments?post=207056"}],"version-history":[{"count":0,"href":"https:\/\/www.tucomarca.com\/wordpress\/segunda\/ca\/wp-json\/wp\/v2\/posts\/207056\/revisions"}],"wp:featuredmedia":[{"embeddable":true,"href":"https:\/\/www.tucomarca.com\/wordpress\/segunda\/ca\/wp-json\/wp\/v2\/media\/207054"}],"wp:attachment":[{"href":"https:\/\/www.tucomarca.com\/wordpress\/segunda\/ca\/wp-json\/wp\/v2\/media?parent=207056"}],"wp:term":[{"taxonomy":"category","embeddable":true,"href":"https:\/\/www.tucomarca.com\/wordpress\/segunda\/ca\/wp-json\/wp\/v2\/categories?post=207056"},{"taxonomy":"post_tag","embeddable":true,"href":"https:\/\/www.tucomarca.com\/wordpress\/segunda\/ca\/wp-json\/wp\/v2\/tags?post=207056"}],"curies":[{"name":"wp","href":"https:\/\/api.w.org\/{rel}","templated":true}]}}