{"id":207070,"date":"2024-01-11T06:30:00","date_gmt":"2024-01-11T05:30:00","guid":{"rendered":"https:\/\/www.tucomarca.com\/wordpress\/segunda\/?p=207070"},"modified":"2024-01-11T21:44:54","modified_gmt":"2024-01-11T20:44:54","slug":"els-pobles-de-la-vall-daiora-cofrents-rebran-mes-de-huit-milions-deuros-del-nou-pla-obert-dinversions-de-la-diputacio-de-valencia","status":"publish","type":"post","link":"https:\/\/www.tucomarca.com\/wordpress\/segunda\/ca\/els-pobles-de-la-vall-daiora-cofrents-rebran-mes-de-huit-milions-deuros-del-nou-pla-obert-dinversions-de-la-diputacio-de-valencia\/","title":{"rendered":"Els pobles de la Vall d&#8217;Aiora-Cofrents rebran m\u00e9s de huit milions d&#8217;euros del nou Pla Obert d\u2019Inversions de la Diputaci\u00f3 de Val\u00e8ncia"},"content":{"rendered":"\n<h3 class=\"wp-block-heading\">A les comarques d\u2019interior, Los Serranos tindran una assignaci\u00f3 de 19,1 milions d\u2019euros per als pr\u00f2xims quatre anys, pels 12,9 milions de la Foia de Bunyol-Xiva, els 11,9 milions de la Plana d\u2019Utiel-Requena, els 9,4 milions de la Canal de Navarr\u00e9s, els m\u00e9s de huit milions que li corresponen al Valle de Aiora-Cofrents i els 5,9 milions d\u2019euros del Rinc\u00f3n de Adem\u00fas.<\/h3>\n\n\n\n<h3 class=\"wp-block-heading\"><strong>El primer termini per a la presentaci\u00f3 de projectes s\u2019obrir\u00e0 a la fi del primer trimestre de 2024, i al llarg de l\u2019any hi haur\u00e0 altres dos convocat\u00f2ries perqu\u00e8 els ajuntaments presenten sol\u00b7licituds sense cap pressi\u00f3<\/strong>.<\/h3>\n\n\n\n<h3 class=\"wp-block-heading\"><strong>Un total de 264 consistoris han rebut este divendres, tal com va avan\u00e7ar la vicepresidenta Nat\u00e0lia Enguix, un missatge amb els diners assignats i amb el qual podran \u201cplanificar les seues necessitats a curt i mitj\u00e0 termini\u201d<\/strong>.<\/h3>\n\n\n\n<p>La vicepresidenta primera de la Diputaci\u00f3 de Val\u00e8ncia, Nat\u00e1lia Enguix, ha comunicat als ajuntaments de la prov\u00edncia la seua assignaci\u00f3 en el nou Pla Obert d\u2019Inversions, un programa quadriennal que compta amb una dotaci\u00f3 global de 350 milions d\u2019euros, enfront dels 288 milions de la passada legislatura. \u201cD\u2019esta manera complim la paraula que vam donar als alcaldes i alcaldesses que els donar\u00edem esta quantitat a principis de gener, una vegada conegu\u00e9rem l\u2019actualitzaci\u00f3 del padr\u00f3 que fa l\u2019INE\u201d, ha assenyalat la mateixa Enguix, qui s\u2019ha comunicat amb els responsables locals a trav\u00e9s de Whatsapp i correu electr\u00f2nic, coincidint amb la vespra de la festivitat dels Reis Mags.<\/p>\n\n\n\n<p>La tamb\u00e9 responsable de Cooperaci\u00f3 Municipal explica que les bases del Pla Obert d\u2019Inversions i les quantitats anunciades este divendres als consistoris s\u2019aprovaran en el ple ordinari de gener, que tindr\u00e0 lloc a final de mes. \u201cEn eixe moment podrem donar m\u00e9s detalls de la primera convocat\u00f2ria de l\u2019any en la qual podran presentar-se projectes, que previsiblement s\u2019obrir\u00e0 a la fi del primer trimestre\u201d, ha detallat Enguix, qui ha recordat que hi haur\u00e0 dos terminis m\u00e9s al llarg de l\u2019exercici perqu\u00e8 els municipis \u201cpresenten les seues sol\u00b7licituds d\u2019obres sense pressions i sense por de no disposar de temps per a executar-les\u201d.<\/p>\n\n\n\n<p>El Pla Obert d\u2019Inversions va ser presentat el passat 4 de desembre a Torrent pel president de la Diputaci\u00f3, Vicent Momp\u00f3, i la vicepresidenta Nat\u00e0lia Enguix, els qui van destacar la partida inversora m\u00e9s elevada en la hist\u00f2ria de la corporaci\u00f3, per\u00f2 sobretot \u201cles facilitats que s\u2019oferiran als ajuntaments perqu\u00e8, m\u00e9s enll\u00e0 de l\u2019anunci, puguen executar les obres que ens proposen\u201d. El programa compta amb \u201c340 milions d\u2019euros per als municipis i altres 10 milions per a les mancomunitats, la qual cosa suposa que cada any invertirem a les nostres comarques m\u00e9s de 87 milions enfront dels 72 milions de la passada legislatura\u201d, ha afegit Enguix.<\/p>\n\n\n\n<p>Al costat de l\u2019esfor\u00e7 inversor, el m\u00e9s significatiu s\u00f3n \u201cles novetats que introdu\u00efx el pla per a ajudar els ajuntaments a executar els projectes, amb l\u2019objectiu que els diners amb els quals es financen acabe repercutint \u00edntegrament en els municipis i millorant la qualitat de vida de les persones que en ells habiten\u201d. En este sentit, \u201cen el govern provincial compartim la visi\u00f3 que tenim de treballar el municipalisme\u201d, ha assegurat la vicepresidenta.<\/p>\n\n\n\n<p>Quant a la f\u00f3rmula de repartiment, \u201chem potenciat variables com la poblaci\u00f3 i la poblaci\u00f3 estacional i les zones verdes i paratges naturals, al mateix temps que s\u2019introdu\u00efx un nou criteri que puntua de manera favorable, com \u00e9s pert\u00e0nyer a la Xarxa de Municipis Protegits contra la Viol\u00e8ncia de G\u00e8nere de la Diputaci\u00f3\u201d. Nat\u00e0lia Enguix recorda que el programa inversor inclou les ajudes del cicle integral de l\u2019aigua, el pla Reacciona i l\u2019energia, i ha puntualitzat que al tractar-se d\u2019un pla pluriennal, \u201cla corporaci\u00f3 no haur\u00e0 de demanar enguany cap pr\u00e9stec, ajustant el pressupost a les necessitats reals dels municipis\u201d.<\/p>\n\n\n\n<figure class=\"wp-block-image size-large\"><img loading=\"lazy\" decoding=\"async\" width=\"1024\" height=\"431\" src=\"http:\/\/www.tucomarca.com\/wordpress\/segunda\/wp-content\/uploads\/2024\/01\/ValledeAyora-1024x431.jpg\" alt=\"\" class=\"wp-image-207064\" srcset=\"https:\/\/www.tucomarca.com\/wordpress\/segunda\/wp-content\/uploads\/2024\/01\/ValledeAyora-1024x431.jpg 1024w, https:\/\/www.tucomarca.com\/wordpress\/segunda\/wp-content\/uploads\/2024\/01\/ValledeAyora-300x126.jpg 300w, https:\/\/www.tucomarca.com\/wordpress\/segunda\/wp-content\/uploads\/2024\/01\/ValledeAyora-768x323.jpg 768w, https:\/\/www.tucomarca.com\/wordpress\/segunda\/wp-content\/uploads\/2024\/01\/ValledeAyora-1536x646.jpg 1536w, https:\/\/www.tucomarca.com\/wordpress\/segunda\/wp-content\/uploads\/2024\/01\/ValledeAyora.jpg 2028w\" sizes=\"auto, (max-width: 1024px) 100vw, 1024px\" \/><\/figure>\n\n\n\n<p><strong>Principals novetats i incentius<\/strong><\/p>\n\n\n\n<p>La vicepresidenta primera i diputada de Cooperaci\u00f3, Nat\u00e0lia Enguix, ha destacat l\u2019esperit nou del Pla Obert d\u2019Inversions, ja que \u201cafavorix i impulsa projectes arriscats i innovadors que poden transformar els nostres municipis i ciutats\u201d. Enguix, responsable a m\u00e9s d\u2019Igualtat, ha avan\u00e7at que el pla \u201ctamb\u00e9 incentivar\u00e0 l\u2019efici\u00e8ncia urbana, amb m\u00e9s espais verds, i l\u2019urbanisme amb perspectiva de g\u00e8nere\u201d.<\/p>\n\n\n\n<p>En este sentit, Enguix ha anunciat \u201cla convocat\u00f2ria d\u2019una confer\u00e8ncia anual que reconeixer\u00e0 eixos projectes transformadors i que constitu\u00efsquen exemples de bones pr\u00e0ctiques\u201d, i ha puntualitzat que els consistoris disposaran de major liquiditat, ja que \u201cpodran demanar que se\u2019ls transferisca un 75% dels fons una vegada concedida la subvenci\u00f3, i rebre el cent per cent si l\u2019obra s\u2019acaba en el mateix exercici en el qual s\u2019ha presentat\u201d.<\/p>\n\n\n\n<p>Quant als criteris que han portat a establir el repartiment comarcal, la nova f\u00f3rmula concedix un 34% de l\u2019assignaci\u00f3 pel criteri poblacional, enfront d\u2019un 30% del valor marginal que establix una quantitat fixa per a cada ajuntament. Altres percentatges s\u00f3n un 10% en funci\u00f3 de la superf\u00edcie, un 5% segons els habitatges i la poblaci\u00f3 estacional, un altre 5% pel cost efectiu dels serveis i un altre 5% per pert\u00e0nyer a la Xarxa contra la Viol\u00e8ncia de G\u00e8nere de la Diputaci\u00f3. A m\u00e9s, la taxa de desocupaci\u00f3 i l\u2019esfor\u00e7 fiscal es valoren en un 3% i en un 2,5% tant les zones verdes com els paratges naturals.<\/p>\n","protected":false},"excerpt":{"rendered":"<div class=\"mh-excerpt\">A les comarques d\u2019interior, Los Serranos tindran una assignaci\u00f3 de 19,1 milions d\u2019euros per als pr\u00f2xims quatre anys, pels 12,9 milions de la Foia de Bunyol-Xiva, els 11,9 milions de la Plana d\u2019Utiel-Requena, els 9,4 <a class=\"mh-excerpt-more\" href=\"https:\/\/www.tucomarca.com\/wordpress\/segunda\/ca\/els-pobles-de-la-vall-daiora-cofrents-rebran-mes-de-huit-milions-deuros-del-nou-pla-obert-dinversions-de-la-diputacio-de-valencia\/\" title=\"Els pobles de la Vall d&#8217;Aiora-Cofrents rebran m\u00e9s de huit milions d&#8217;euros del nou Pla Obert d\u2019Inversions de la Diputaci\u00f3 de Val\u00e8ncia\">[+] <\/a><\/div>\n","protected":false},"author":1,"featured_media":114636,"comment_status":"open","ping_status":"open","sticky":false,"template":"","format":"standard","meta":{"footnotes":""},"categories":[10954,10951,10955,10953,10898,10948,10956,10957,10894,10947,10896,10958,10959],"tags":[11246,11934,19988],"class_list":{"0":"post-207070","1":"post","2":"type-post","3":"status-publish","4":"format-standard","5":"has-post-thumbnail","7":"category-ayora-ca","8":"category-ayora-cofrentes-ca","9":"category-cofrentes-ca","10":"category-cortes-de-pallas-ca","11":"category-ventana-ca","12":"category-infraestructuras-ca","13":"category-jalance-ca","14":"category-jarafuel-ca","15":"category-la-comarca-ca","16":"category-politica","17":"category-seccion-ca","18":"category-teresa-de-cofrentes-ca","19":"category-zarra-ca","20":"tag-diputacio-de-valencia-ca","21":"tag-el-valle-de-ayora-cofrentes-ca","22":"tag-pla-obert-dinversions-ca"},"_links":{"self":[{"href":"https:\/\/www.tucomarca.com\/wordpress\/segunda\/ca\/wp-json\/wp\/v2\/posts\/207070","targetHints":{"allow":["GET"]}}],"collection":[{"href":"https:\/\/www.tucomarca.com\/wordpress\/segunda\/ca\/wp-json\/wp\/v2\/posts"}],"about":[{"href":"https:\/\/www.tucomarca.com\/wordpress\/segunda\/ca\/wp-json\/wp\/v2\/types\/post"}],"author":[{"embeddable":true,"href":"https:\/\/www.tucomarca.com\/wordpress\/segunda\/ca\/wp-json\/wp\/v2\/users\/1"}],"replies":[{"embeddable":true,"href":"https:\/\/www.tucomarca.com\/wordpress\/segunda\/ca\/wp-json\/wp\/v2\/comments?post=207070"}],"version-history":[{"count":0,"href":"https:\/\/www.tucomarca.com\/wordpress\/segunda\/ca\/wp-json\/wp\/v2\/posts\/207070\/revisions"}],"wp:featuredmedia":[{"embeddable":true,"href":"https:\/\/www.tucomarca.com\/wordpress\/segunda\/ca\/wp-json\/wp\/v2\/media\/114636"}],"wp:attachment":[{"href":"https:\/\/www.tucomarca.com\/wordpress\/segunda\/ca\/wp-json\/wp\/v2\/media?parent=207070"}],"wp:term":[{"taxonomy":"category","embeddable":true,"href":"https:\/\/www.tucomarca.com\/wordpress\/segunda\/ca\/wp-json\/wp\/v2\/categories?post=207070"},{"taxonomy":"post_tag","embeddable":true,"href":"https:\/\/www.tucomarca.com\/wordpress\/segunda\/ca\/wp-json\/wp\/v2\/tags?post=207070"}],"curies":[{"name":"wp","href":"https:\/\/api.w.org\/{rel}","templated":true}]}}