{"id":207143,"date":"2024-01-11T09:30:00","date_gmt":"2024-01-11T08:30:00","guid":{"rendered":"https:\/\/www.tucomarca.com\/wordpress\/segunda\/?p=207143"},"modified":"2024-01-12T09:14:58","modified_gmt":"2024-01-12T08:14:58","slug":"el-circuit-de-xest-celebra-este-diumenge-la-xix-edicio-del-duatlo-amb-500-inscrits","status":"publish","type":"post","link":"https:\/\/www.tucomarca.com\/wordpress\/segunda\/ca\/el-circuit-de-xest-celebra-este-diumenge-la-xix-edicio-del-duatlo-amb-500-inscrits\/","title":{"rendered":"El Circuit de Xest celebra este diumenge la XIX edici\u00f3 del Duatl\u00f3 amb 500 inscrits"},"content":{"rendered":"\n<h4 class=\"wp-block-heading\">A les 9,00 hores es donar\u00e0 l&#8217;eixida a la categoria masculina i a les 11,00 a la femenina.<\/h4>\n\n\n\n<h4 class=\"wp-block-heading\">La Federaci\u00f3 de Triatl\u00f3 de la Comunitat Valenciana ha completat les 500 inscripcions disponibles.<\/h4>\n\n\n\n<p>El Circuit Ricardo Tormo celebra aquest diumenge, 14 de gener, la denovena edici\u00f3 del Duatl\u00f3 en el qual un total de 500 corredors completaran 8,1 quil\u00f2metres a peu i 19,3 amb bicicleta.<\/p>\n\n\n\n<p>Un any m\u00e9s, el Circuit Ricardo Tormo protagonitza l&#8217;esdeveniment que obri el calendari de la Federaci\u00f3 de Triatl\u00f3 de la Comunitat Valenciana, &nbsp;que \u00e9s l&#8217;entitat organitzadora de la prova. Esta XIX edici\u00f3 ser\u00e0 puntuable per a la lliga de clubs Caixa Popular.<\/p>\n\n\n\n<p>Despr\u00e9s del preceptiu lliurament de dorsals des de les 7.30 fins a les 8.45 hores del diumenge, es donar\u00e0 l&#8217;eixida a la primera prova de la jornada a les 9.00 hores amb la carrera masculina, primer per als equips de la primera divisi\u00f3 i uns minuts despr\u00e9s per a la categoria de promoci\u00f3. A les 11.00 hores tindr\u00e0 lloc l&#8217;eixida de la categoria femenina.<\/p>\n\n\n\n<p>Els corredors han de completar un primer tram de 5,4 quil\u00f2metres amb eixida des de la recta del Circuit i pas per diferents vials de servei, la zona de transici\u00f3 s&#8217;instal\u00b7lar\u00e0 en el Pit Lane de Cheste i des d&#8217;all\u00ed els participants afrontaran 19,3 quil\u00f2metres amb bicicleta, cinc voltes a la pista de Gran Premi, abans dels 2,7 quil\u00f2metres finals de carrera a peu.<\/p>\n\n\n\n<p>Un total de 500 corredors han emplenat la inscripci\u00f3 fins que han omplit&nbsp; els boxs d&#8217;eixida de la prova que podr\u00e0 ser seguida de manera gratu\u00efta des de la tribuna de boxs del Circuit Ricardo Tormo.<\/p>\n","protected":false},"excerpt":{"rendered":"<div class=\"mh-excerpt\">A les 9,00 hores es donar\u00e0 l&#8217;eixida a la categoria masculina i a les 11,00 a la femenina. La Federaci\u00f3 de Triatl\u00f3 de la Comunitat Valenciana ha completat les 500 inscripcions disponibles. El Circuit Ricardo <a class=\"mh-excerpt-more\" href=\"https:\/\/www.tucomarca.com\/wordpress\/segunda\/ca\/el-circuit-de-xest-celebra-este-diumenge-la-xix-edicio-del-duatlo-amb-500-inscrits\/\" title=\"El Circuit de Xest celebra este diumenge la XIX edici\u00f3 del Duatl\u00f3 amb 500 inscrits\">[+] <\/a><\/div>\n","protected":false},"author":12,"featured_media":207140,"comment_status":"open","ping_status":"open","sticky":false,"template":"","format":"standard","meta":{"footnotes":""},"categories":[11019,11018,11013,11003,10894,10912,10896,10974],"tags":[11412,20084,10914],"class_list":{"0":"post-207143","1":"post","2":"type-post","3":"status-publish","4":"format-standard","5":"has-post-thumbnail","7":"category-agenda-ca","8":"category-atletisme","9":"category-ciclismo-ca","10":"category-sports","11":"category-la-comarca-ca","12":"category-la-hoya-ca","13":"category-seccion-ca","14":"category-cheste-ca","15":"tag-circuit-ricardo-tormo-ca","16":"tag-duatlon-ca","17":"tag-la-hoya-de-bunol-chiva-ca"},"_links":{"self":[{"href":"https:\/\/www.tucomarca.com\/wordpress\/segunda\/ca\/wp-json\/wp\/v2\/posts\/207143","targetHints":{"allow":["GET"]}}],"collection":[{"href":"https:\/\/www.tucomarca.com\/wordpress\/segunda\/ca\/wp-json\/wp\/v2\/posts"}],"about":[{"href":"https:\/\/www.tucomarca.com\/wordpress\/segunda\/ca\/wp-json\/wp\/v2\/types\/post"}],"author":[{"embeddable":true,"href":"https:\/\/www.tucomarca.com\/wordpress\/segunda\/ca\/wp-json\/wp\/v2\/users\/12"}],"replies":[{"embeddable":true,"href":"https:\/\/www.tucomarca.com\/wordpress\/segunda\/ca\/wp-json\/wp\/v2\/comments?post=207143"}],"version-history":[{"count":0,"href":"https:\/\/www.tucomarca.com\/wordpress\/segunda\/ca\/wp-json\/wp\/v2\/posts\/207143\/revisions"}],"wp:featuredmedia":[{"embeddable":true,"href":"https:\/\/www.tucomarca.com\/wordpress\/segunda\/ca\/wp-json\/wp\/v2\/media\/207140"}],"wp:attachment":[{"href":"https:\/\/www.tucomarca.com\/wordpress\/segunda\/ca\/wp-json\/wp\/v2\/media?parent=207143"}],"wp:term":[{"taxonomy":"category","embeddable":true,"href":"https:\/\/www.tucomarca.com\/wordpress\/segunda\/ca\/wp-json\/wp\/v2\/categories?post=207143"},{"taxonomy":"post_tag","embeddable":true,"href":"https:\/\/www.tucomarca.com\/wordpress\/segunda\/ca\/wp-json\/wp\/v2\/tags?post=207143"}],"curies":[{"name":"wp","href":"https:\/\/api.w.org\/{rel}","templated":true}]}}