{"id":207164,"date":"2024-01-12T12:00:00","date_gmt":"2024-01-12T11:00:00","guid":{"rendered":"https:\/\/www.tucomarca.com\/wordpress\/segunda\/?p=207164"},"modified":"2024-01-12T19:10:16","modified_gmt":"2024-01-12T18:10:16","slug":"la-sequera-arruina-la-collita-dolives-a-requena-utiel","status":"publish","type":"post","link":"https:\/\/www.tucomarca.com\/wordpress\/segunda\/ca\/la-sequera-arruina-la-collita-dolives-a-requena-utiel\/","title":{"rendered":"La sequera arru\u00efna la collita d&#8217;olives a Requena-Utiel"},"content":{"rendered":"\n<p>El vicesecretari de la Va unir Llauradora, Luis Javier Navarro, va manifestar que \u201cla producci\u00f3 d&#8217;olives per a l&#8217;elaboraci\u00f3 d&#8217;oli d&#8217;oliva ha sigut, en aquesta campanya, m\u00e9s d&#8217;un 70% inferior comparada amb una normal, a Requena-Utiel, principalment per la greu sequera que registra la comarca.<\/p>\n\n\n\n<p>Navarro va deixar clar que \u201cper molt que puge el preu de l&#8217;oli d&#8217;oliva, no compensar\u00e0 als agricultors per les greus p\u00e8rdues que han tingut en les seues collites\u201d. Malgrat aquesta greu situaci\u00f3 \u201cels agricultors que cultiven oliveres i tamb\u00e9 vinyes, han sigut exclosos de les ajudes per sequera\u201d va denunciar el dirigent agrari. Informa,&nbsp;<strong>Luis Ib\u00e1\u00f1ez.<\/strong><\/p>\n\n\n\n<p><\/p>\n","protected":false},"excerpt":{"rendered":"<div class=\"mh-excerpt\">El vicesecretari de la Va unir Llauradora, Luis Javier Navarro, va manifestar que \u201cla producci\u00f3 d&#8217;olives per a l&#8217;elaboraci\u00f3 d&#8217;oli d&#8217;oliva ha sigut, en aquesta campanya, m\u00e9s d&#8217;un 70% inferior comparada amb una normal, a <a class=\"mh-excerpt-more\" href=\"https:\/\/www.tucomarca.com\/wordpress\/segunda\/ca\/la-sequera-arruina-la-collita-dolives-a-requena-utiel\/\" title=\"La sequera arru\u00efna la collita d&#8217;olives a Requena-Utiel\">[+] <\/a><\/div>\n","protected":false},"author":12,"featured_media":117720,"comment_status":"open","ping_status":"open","sticky":false,"template":"","format":"standard","meta":{"footnotes":""},"categories":[10905,11030,11031,11032,11054,10898,11055,10948,10894,11056,10903,10908,10909,11057,10896,11058,11059,11060,11061],"tags":[17606,10910,12873],"class_list":{"0":"post-207164","1":"post","2":"type-post","3":"status-publish","4":"format-standard","5":"has-post-thumbnail","7":"category-agricultura-la-comarca-ca","8":"category-campo-arcis-ca","9":"category-camporrobles-ca","10":"category-caudete-ca","11":"category-chera-ca","12":"category-ventana-ca","13":"category-fuenterrobles-ca","14":"category-infraestructuras-ca","15":"category-la-comarca-ca","16":"category-las-cuevas-ca","17":"category-medio-ambiente-la-comarca-ca","18":"category-requena-ca","19":"category-requena-utiel-ca","20":"category-san-antonio-ca","21":"category-seccion-ca","22":"category-sinarcas-ca","23":"category-utiel-ca","24":"category-venta-del-moro-ca","25":"category-villargordo-del-cabriel-ca","26":"tag-cosecha-de-aceitunas-ca","27":"tag-requena-utiel-ca","28":"tag-sequia-ca"},"_links":{"self":[{"href":"https:\/\/www.tucomarca.com\/wordpress\/segunda\/ca\/wp-json\/wp\/v2\/posts\/207164","targetHints":{"allow":["GET"]}}],"collection":[{"href":"https:\/\/www.tucomarca.com\/wordpress\/segunda\/ca\/wp-json\/wp\/v2\/posts"}],"about":[{"href":"https:\/\/www.tucomarca.com\/wordpress\/segunda\/ca\/wp-json\/wp\/v2\/types\/post"}],"author":[{"embeddable":true,"href":"https:\/\/www.tucomarca.com\/wordpress\/segunda\/ca\/wp-json\/wp\/v2\/users\/12"}],"replies":[{"embeddable":true,"href":"https:\/\/www.tucomarca.com\/wordpress\/segunda\/ca\/wp-json\/wp\/v2\/comments?post=207164"}],"version-history":[{"count":0,"href":"https:\/\/www.tucomarca.com\/wordpress\/segunda\/ca\/wp-json\/wp\/v2\/posts\/207164\/revisions"}],"wp:featuredmedia":[{"embeddable":true,"href":"https:\/\/www.tucomarca.com\/wordpress\/segunda\/ca\/wp-json\/wp\/v2\/media\/117720"}],"wp:attachment":[{"href":"https:\/\/www.tucomarca.com\/wordpress\/segunda\/ca\/wp-json\/wp\/v2\/media?parent=207164"}],"wp:term":[{"taxonomy":"category","embeddable":true,"href":"https:\/\/www.tucomarca.com\/wordpress\/segunda\/ca\/wp-json\/wp\/v2\/categories?post=207164"},{"taxonomy":"post_tag","embeddable":true,"href":"https:\/\/www.tucomarca.com\/wordpress\/segunda\/ca\/wp-json\/wp\/v2\/tags?post=207164"}],"curies":[{"name":"wp","href":"https:\/\/api.w.org\/{rel}","templated":true}]}}