{"id":207509,"date":"2024-01-16T10:10:00","date_gmt":"2024-01-16T09:10:00","guid":{"rendered":"https:\/\/www.tucomarca.com\/wordpress\/segunda\/?p=207509"},"modified":"2024-01-16T13:45:01","modified_gmt":"2024-01-16T12:45:01","slug":"lajuntament-de-requena-impulsa-amb-exit-la-primera-edicio-de-la-seua-escola-nadalenca","status":"publish","type":"post","link":"https:\/\/www.tucomarca.com\/wordpress\/segunda\/ca\/lajuntament-de-requena-impulsa-amb-exit-la-primera-edicio-de-la-seua-escola-nadalenca\/","title":{"rendered":"L&#8217;Ajuntament de Requena impulsa amb \u00e8xit la primera edici\u00f3 de la seua escola nadalenca"},"content":{"rendered":"\n<p>La Regidoria d&#8217;Educaci\u00f3 de l&#8217;Ajuntament de Requena \u201cva llan\u00e7ar amb \u00e8xit la primera Escola Nadalenca\u201d, afirmen des del consistori. Aquesta iniciativa, subvencionada per la Conselleria d&#8217;Educaci\u00f3, va tindre lloc simult\u00e0niament en el CEIP Les Higuerillas de Requena i en el CEIP Manuel Garc\u00eda Izquierdo de Sant Antoni.<br>\u201cLa resposta dels alumnes va ser aclaparadora, amb totes les places esgotades i llista d&#8217;espera. Un total de 96 alumnes van participar en Requena, mentre que 27 ho van fer en Sant Antoni, abastant edats de 3 a 12 anys\u201d, segons dades de l&#8217;Ajuntament.<br>L&#8217;activitat no sols va proporcionar un entorn divertit, sin\u00f3 que tamb\u00e9 va fomentar l&#8217;autoestima, la conviv\u00e8ncia i la cooperaci\u00f3 entre els participants. La iniciativa destaca el comprom\u00eds amb la diversi\u00f3 saludable i la igualtat d&#8217;oportunitats.<br>L&#8217;Ajuntament ha expressat el seu &#8220;agra\u00efment a l&#8217;empresa Capic\u00faa Animaci\u00f3 i als seus monitors per dur a terme aquesta enriquidora experi\u00e8ncia, contribuint al benestar i desenvolupament dels xiquets durant el nadal\u201d. Informa, <strong>Luis Ib\u00e1\u00f1ez.<\/strong><\/p>\n","protected":false},"excerpt":{"rendered":"<div class=\"mh-excerpt\">La Regidoria d&#8217;Educaci\u00f3 de l&#8217;Ajuntament de Requena \u201cva llan\u00e7ar amb \u00e8xit la primera Escola Nadalenca\u201d, afirmen des del consistori. Aquesta iniciativa, subvencionada per la Conselleria d&#8217;Educaci\u00f3, va tindre lloc simult\u00e0niament en el CEIP Les Higuerillas <a class=\"mh-excerpt-more\" href=\"https:\/\/www.tucomarca.com\/wordpress\/segunda\/ca\/lajuntament-de-requena-impulsa-amb-exit-la-primera-edicio-de-la-seua-escola-nadalenca\/\" title=\"L&#8217;Ajuntament de Requena impulsa amb \u00e8xit la primera edici\u00f3 de la seua escola nadalenca\">[+] <\/a><\/div>\n","protected":false},"author":12,"featured_media":207508,"comment_status":"open","ping_status":"open","sticky":false,"template":"","format":"standard","meta":{"footnotes":""},"categories":[10894,11007,10947,10908,10909,10896],"tags":[20100,11099,10910],"class_list":{"0":"post-207509","1":"post","2":"type-post","3":"status-publish","4":"format-standard","5":"has-post-thumbnail","7":"category-la-comarca-ca","8":"category-ocio-y-cultura-ca","9":"category-politica","10":"category-requena-ca","11":"category-requena-utiel-ca","12":"category-seccion-ca","13":"tag-escuela-navidena-ca","14":"tag-requena-ca","15":"tag-requena-utiel-ca"},"_links":{"self":[{"href":"https:\/\/www.tucomarca.com\/wordpress\/segunda\/ca\/wp-json\/wp\/v2\/posts\/207509","targetHints":{"allow":["GET"]}}],"collection":[{"href":"https:\/\/www.tucomarca.com\/wordpress\/segunda\/ca\/wp-json\/wp\/v2\/posts"}],"about":[{"href":"https:\/\/www.tucomarca.com\/wordpress\/segunda\/ca\/wp-json\/wp\/v2\/types\/post"}],"author":[{"embeddable":true,"href":"https:\/\/www.tucomarca.com\/wordpress\/segunda\/ca\/wp-json\/wp\/v2\/users\/12"}],"replies":[{"embeddable":true,"href":"https:\/\/www.tucomarca.com\/wordpress\/segunda\/ca\/wp-json\/wp\/v2\/comments?post=207509"}],"version-history":[{"count":0,"href":"https:\/\/www.tucomarca.com\/wordpress\/segunda\/ca\/wp-json\/wp\/v2\/posts\/207509\/revisions"}],"wp:featuredmedia":[{"embeddable":true,"href":"https:\/\/www.tucomarca.com\/wordpress\/segunda\/ca\/wp-json\/wp\/v2\/media\/207508"}],"wp:attachment":[{"href":"https:\/\/www.tucomarca.com\/wordpress\/segunda\/ca\/wp-json\/wp\/v2\/media?parent=207509"}],"wp:term":[{"taxonomy":"category","embeddable":true,"href":"https:\/\/www.tucomarca.com\/wordpress\/segunda\/ca\/wp-json\/wp\/v2\/categories?post=207509"},{"taxonomy":"post_tag","embeddable":true,"href":"https:\/\/www.tucomarca.com\/wordpress\/segunda\/ca\/wp-json\/wp\/v2\/tags?post=207509"}],"curies":[{"name":"wp","href":"https:\/\/api.w.org\/{rel}","templated":true}]}}