{"id":207697,"date":"2024-01-18T08:30:00","date_gmt":"2024-01-18T07:30:00","guid":{"rendered":"https:\/\/www.tucomarca.com\/wordpress\/segunda\/?p=207697"},"modified":"2024-01-18T08:53:21","modified_gmt":"2024-01-18T07:53:21","slug":"la-guardia-civil-dete-a-sis-persones-per-trafic-de-drogues-a-la-comarca-del-camp-de-turia","status":"publish","type":"post","link":"https:\/\/www.tucomarca.com\/wordpress\/segunda\/ca\/la-guardia-civil-dete-a-sis-persones-per-trafic-de-drogues-a-la-comarca-del-camp-de-turia\/","title":{"rendered":"La Gu\u00e0rdia Civil det\u00e9 a sis persones per tr\u00e0fic de drogues a la comarca del Camp de T\u00faria"},"content":{"rendered":"\n<h3 class=\"wp-block-heading\">Els detinguts utilitzaven una nau industrial, per a cultivar i emmagatzemar la marihuana.<\/h3>\n\n\n\n<h3 class=\"wp-block-heading\">125 kg de marihuana, una pistola detonadora i 4000 euros van ser aprehesos a l&#8217;organitzaci\u00f3 criminal.<\/h3>\n\n\n\n<p>La Gu\u00e0rdia Civil de Val\u00e8ncia, en el marc de l&#8217;operaci\u00f3 \u201cBOAN\u201d, ha detingut a sis persones per un delicte contra la salut p\u00fablica (tr\u00e0fic de drogues), un altre de blanqueig de capitals, defraudaci\u00f3 de fluid el\u00e8ctric i pertinen\u00e7a a organitzaci\u00f3 criminal.<\/p>\n\n\n\n<p>La investigaci\u00f3 va comen\u00e7ar quan els gu\u00e0rdies civils van detectar un contenidor de fem amb 36 kg de marihuana florida, no apta per a comercialitzar.<\/p>\n\n\n\n<p>En el transcurs de la investigaci\u00f3, es va poder comprovar que l&#8217;organitzaci\u00f3 estava fortament jerarquitzada, realitzant el seu l\u00edder viatges mensuals a Londres on tenia fixada la seua resid\u00e8ncia.<\/p>\n\n\n\n<p>Fruit de les dilig\u00e8ncies es van poder dur a terme, a mitjan desembre, cinc registres: dos domicilis, dues naus industrials i un Grow Shop. En total, es van localitzar 125 Kg de marihuana, una pistola detonadora, 4000 euros en efectiu; a m\u00e9s, de tots els \u00fatils necessaris per al cultiu i elaboraci\u00f3 de la marihuana.&nbsp;<\/p>\n\n\n\n<p>L&#8217;operaci\u00f3 es va saldar amb la detenci\u00f3 de 5 homes i una dona, d&#8217;entre 41 i 55 anys d&#8217;edat, de nacionalitats Albanesa i Colombiana. Se&#8217;ls imputen els seg\u00fcents delictes: contra la salut p\u00fablica, blanqueig de capitals, pertinen\u00e7a a organitzaci\u00f3 criminal i defraudaci\u00f3 del fluid el\u00e8ctric.<\/p>\n\n\n\n<p>Les dilig\u00e8ncies han sigut entregades en el Jutjat de Primera Inst\u00e0ncia i Instrucci\u00f3 N\u00famero 3 de Lliria.<\/p>\n\n\n\n<figure class=\"wp-block-gallery has-nested-images columns-2 is-cropped wp-block-gallery-1 is-layout-flex wp-block-gallery-is-layout-flex\">\n<figure class=\"wp-block-image size-large\"><img loading=\"lazy\" decoding=\"async\" width=\"1920\" height=\"1080\" data-id=\"207694\" src=\"http:\/\/www.tucomarca.com\/wordpress\/segunda\/wp-content\/uploads\/2024\/01\/GCCampTuria4.jpg\" alt=\"\" class=\"wp-image-207694\" srcset=\"https:\/\/www.tucomarca.com\/wordpress\/segunda\/wp-content\/uploads\/2024\/01\/GCCampTuria4.jpg 1920w, https:\/\/www.tucomarca.com\/wordpress\/segunda\/wp-content\/uploads\/2024\/01\/GCCampTuria4-300x169.jpg 300w, https:\/\/www.tucomarca.com\/wordpress\/segunda\/wp-content\/uploads\/2024\/01\/GCCampTuria4-1024x576.jpg 1024w, https:\/\/www.tucomarca.com\/wordpress\/segunda\/wp-content\/uploads\/2024\/01\/GCCampTuria4-768x432.jpg 768w, https:\/\/www.tucomarca.com\/wordpress\/segunda\/wp-content\/uploads\/2024\/01\/GCCampTuria4-1536x864.jpg 1536w, https:\/\/www.tucomarca.com\/wordpress\/segunda\/wp-content\/uploads\/2024\/01\/GCCampTuria4-678x381.jpg 678w\" sizes=\"auto, (max-width: 1920px) 100vw, 1920px\" \/><\/figure>\n\n\n\n<figure class=\"wp-block-image size-large\"><img loading=\"lazy\" decoding=\"async\" width=\"1920\" height=\"1080\" data-id=\"207690\" src=\"http:\/\/www.tucomarca.com\/wordpress\/segunda\/wp-content\/uploads\/2024\/01\/GCCampTuria2.jpg\" alt=\"\" class=\"wp-image-207690\" srcset=\"https:\/\/www.tucomarca.com\/wordpress\/segunda\/wp-content\/uploads\/2024\/01\/GCCampTuria2.jpg 1920w, https:\/\/www.tucomarca.com\/wordpress\/segunda\/wp-content\/uploads\/2024\/01\/GCCampTuria2-300x169.jpg 300w, https:\/\/www.tucomarca.com\/wordpress\/segunda\/wp-content\/uploads\/2024\/01\/GCCampTuria2-1024x576.jpg 1024w, https:\/\/www.tucomarca.com\/wordpress\/segunda\/wp-content\/uploads\/2024\/01\/GCCampTuria2-768x432.jpg 768w, https:\/\/www.tucomarca.com\/wordpress\/segunda\/wp-content\/uploads\/2024\/01\/GCCampTuria2-1536x864.jpg 1536w, https:\/\/www.tucomarca.com\/wordpress\/segunda\/wp-content\/uploads\/2024\/01\/GCCampTuria2-678x381.jpg 678w\" sizes=\"auto, (max-width: 1920px) 100vw, 1920px\" \/><\/figure>\n\n\n\n<figure class=\"wp-block-image size-large\"><img loading=\"lazy\" decoding=\"async\" width=\"1920\" height=\"1080\" data-id=\"207688\" src=\"http:\/\/www.tucomarca.com\/wordpress\/segunda\/wp-content\/uploads\/2024\/01\/GCCampTuria1.jpg\" alt=\"\" class=\"wp-image-207688\" srcset=\"https:\/\/www.tucomarca.com\/wordpress\/segunda\/wp-content\/uploads\/2024\/01\/GCCampTuria1.jpg 1920w, https:\/\/www.tucomarca.com\/wordpress\/segunda\/wp-content\/uploads\/2024\/01\/GCCampTuria1-300x169.jpg 300w, https:\/\/www.tucomarca.com\/wordpress\/segunda\/wp-content\/uploads\/2024\/01\/GCCampTuria1-1024x576.jpg 1024w, https:\/\/www.tucomarca.com\/wordpress\/segunda\/wp-content\/uploads\/2024\/01\/GCCampTuria1-768x432.jpg 768w, https:\/\/www.tucomarca.com\/wordpress\/segunda\/wp-content\/uploads\/2024\/01\/GCCampTuria1-1536x864.jpg 1536w, https:\/\/www.tucomarca.com\/wordpress\/segunda\/wp-content\/uploads\/2024\/01\/GCCampTuria1-678x381.jpg 678w\" sizes=\"auto, (max-width: 1920px) 100vw, 1920px\" \/><\/figure>\n<\/figure>\n","protected":false},"excerpt":{"rendered":"<div class=\"mh-excerpt\">Els detinguts utilitzaven una nau industrial, per a cultivar i emmagatzemar la marihuana. 125 kg de marihuana, una pistola detonadora i 4000 euros van ser aprehesos a l&#8217;organitzaci\u00f3 criminal. La Gu\u00e0rdia Civil de Val\u00e8ncia, en <a class=\"mh-excerpt-more\" href=\"https:\/\/www.tucomarca.com\/wordpress\/segunda\/ca\/la-guardia-civil-dete-a-sis-persones-per-trafic-de-drogues-a-la-comarca-del-camp-de-turia\/\" title=\"La Gu\u00e0rdia Civil det\u00e9 a sis persones per tr\u00e0fic de drogues a la comarca del Camp de T\u00faria\">[+] <\/a><\/div>\n","protected":false},"author":1,"featured_media":207693,"comment_status":"open","ping_status":"open","sticky":false,"template":"","format":"gallery","meta":{"footnotes":""},"categories":[10892,10898,10894,10904,10928,10896,10897],"tags":[10899,11118],"class_list":{"0":"post-207697","1":"post","2":"type-post","3":"status-publish","4":"format-gallery","5":"has-post-thumbnail","7":"category-camp-de-turia-ca","8":"category-ventana-ca","9":"category-la-comarca-ca","10":"category-sin-categorizar-ca","11":"category-lliria-ca","12":"category-seccion-ca","13":"category-sucesos-la-comarca-ca","14":"tag-camp-de-turia-ca","15":"tag-guardia-civil-ca","16":"post_format-post-format-gallery"},"_links":{"self":[{"href":"https:\/\/www.tucomarca.com\/wordpress\/segunda\/ca\/wp-json\/wp\/v2\/posts\/207697","targetHints":{"allow":["GET"]}}],"collection":[{"href":"https:\/\/www.tucomarca.com\/wordpress\/segunda\/ca\/wp-json\/wp\/v2\/posts"}],"about":[{"href":"https:\/\/www.tucomarca.com\/wordpress\/segunda\/ca\/wp-json\/wp\/v2\/types\/post"}],"author":[{"embeddable":true,"href":"https:\/\/www.tucomarca.com\/wordpress\/segunda\/ca\/wp-json\/wp\/v2\/users\/1"}],"replies":[{"embeddable":true,"href":"https:\/\/www.tucomarca.com\/wordpress\/segunda\/ca\/wp-json\/wp\/v2\/comments?post=207697"}],"version-history":[{"count":0,"href":"https:\/\/www.tucomarca.com\/wordpress\/segunda\/ca\/wp-json\/wp\/v2\/posts\/207697\/revisions"}],"wp:featuredmedia":[{"embeddable":true,"href":"https:\/\/www.tucomarca.com\/wordpress\/segunda\/ca\/wp-json\/wp\/v2\/media\/207693"}],"wp:attachment":[{"href":"https:\/\/www.tucomarca.com\/wordpress\/segunda\/ca\/wp-json\/wp\/v2\/media?parent=207697"}],"wp:term":[{"taxonomy":"category","embeddable":true,"href":"https:\/\/www.tucomarca.com\/wordpress\/segunda\/ca\/wp-json\/wp\/v2\/categories?post=207697"},{"taxonomy":"post_tag","embeddable":true,"href":"https:\/\/www.tucomarca.com\/wordpress\/segunda\/ca\/wp-json\/wp\/v2\/tags?post=207697"}],"curies":[{"name":"wp","href":"https:\/\/api.w.org\/{rel}","templated":true}]}}