{"id":207914,"date":"2024-01-19T10:10:00","date_gmt":"2024-01-19T09:10:00","guid":{"rendered":"https:\/\/www.tucomarca.com\/wordpress\/segunda\/?p=207914"},"modified":"2024-01-19T21:53:06","modified_gmt":"2024-01-19T20:53:06","slug":"csif-denuncia-la-perdua-del-65-de-plantilla-doperadors-de-transit-en-loficina-local-dalzira-i-demana-reforcos-urgents","status":"publish","type":"post","link":"https:\/\/www.tucomarca.com\/wordpress\/segunda\/ca\/csif-denuncia-la-perdua-del-65-de-plantilla-doperadors-de-transit-en-loficina-local-dalzira-i-demana-reforcos-urgents\/","title":{"rendered":"CSIF denuncia la p\u00e8rdua del 65% de plantilla d&#8217;operadors de Tr\u00e0nsit en l&#8217;Oficina Local d&#8217;Alzira i demana refor\u00e7os urgents"},"content":{"rendered":"\n<h4 class=\"wp-block-heading\">El sindicat lamenta \u201cla greu deterioraci\u00f3 d&#8217;aquest servei p\u00fablic\u201d i avisa que la situaci\u00f3 en l&#8217;oficina que cobreix el sud de la prov\u00edncia podria fins i tot empitjorar<\/h4>\n\n\n\n<p>El sindicat CSIF denuncia \u201cla greu deterioraci\u00f3 del servei p\u00fablic\u201d que suporta l&#8217;Oficina Local de Tr\u00e0nsit d&#8217;Alzira, ja que des de 2008 fins a l&#8217;actualitat ha perdut el 65% de la seua plantilla d&#8217;operadors. En concret ha passat de 23 efectius en aquest col\u00b7lectiu en aquells dies als huit amb els quals ha comen\u00e7at 2024. CSIF reclama refor\u00e7os urgents de personal.<br>La Central Sindical Independent i de Funcionaris (CSIF) lamenta el \u201caband\u00f3\u201d de l&#8217;\u00fanica oficina local existent a la prov\u00edncia de Val\u00e8ncia per part de la Direcci\u00f3 General de Tr\u00e0nsit (DGT), amb la falta cont\u00ednua de cobertura de baixes i vacants i fins i tot l&#8217;amortitzaci\u00f3 de places. El sindicat destaca la import\u00e0ncia del personal operador de Tr\u00e0nsit, que realitza l&#8217;atenci\u00f3 en finestreta per a gestionar tr\u00e0mits com a matriculacions, bescanvis de permisos o transfer\u00e8ncia de vehicles.<br>El sindicat recalca que l&#8217;Oficina Local d&#8217;Alzira, que abasta, a m\u00e9s de la Ribera, comarques com la Safor, la Costanera i la Vall d\u00b4Albaida, ha passat, en conjunt, de 36 funcionaris en 2011 a 20 en l&#8217;actualitat. En aquest temps, a m\u00e9s de la reducci\u00f3 dr\u00e0stica de la plantilla d&#8217;operadors, ha patit tamb\u00e9 la p\u00e8rdua d&#8217;un examinador, ja que \u00fanicament compta amb quatre per a atendre tot el sud de la prov\u00edncia.<br>La central sindical posa l&#8217;accent que aquesta disminuci\u00f3 del nombre d&#8217;efectius, que repercuteix directament en la qualitat en l&#8217;atenci\u00f3 a la ciutadania amb retards en la cita pr\u00e8via, es deu a \u201cla falta de cobertura de jubilacions i trasllats i a una mala gesti\u00f3 dels recursos humans per partida de la Direcci\u00f3 General de Tr\u00e0nsit (DGT)\u201d.<br>El sindicat assenyala que la situaci\u00f3 encara pot agreujar-se m\u00e9s, ja que eixa mala gesti\u00f3, que implica sobrec\u00e0rrega de treball, \u201cespenta als empleats p\u00fablics a abandonar l&#8217;organisme. A m\u00e9s, des de l&#8217;any 2016 el complement de productivitat es mant\u00e9 invariable, per la qual cosa nombrosos treballadors de la DGT opten a concursar en altres ministeris que incentiven millor als seus empleats\u201d.<\/p>\n","protected":false},"excerpt":{"rendered":"<div class=\"mh-excerpt\">El sindicat lamenta \u201cla greu deterioraci\u00f3 d&#8217;aquest servei p\u00fablic\u201d i avisa que la situaci\u00f3 en l&#8217;oficina que cobreix el sud de la prov\u00edncia podria fins i tot empitjorar El sindicat CSIF denuncia \u201cla greu deterioraci\u00f3 <a class=\"mh-excerpt-more\" href=\"https:\/\/www.tucomarca.com\/wordpress\/segunda\/ca\/csif-denuncia-la-perdua-del-65-de-plantilla-doperadors-de-transit-en-loficina-local-dalzira-i-demana-reforcos-urgents\/\" title=\"CSIF denuncia la p\u00e8rdua del 65% de plantilla d&#8217;operadors de Tr\u00e0nsit en l&#8217;Oficina Local d&#8217;Alzira i demana refor\u00e7os urgents\">[+] <\/a><\/div>\n","protected":false},"author":12,"featured_media":207907,"comment_status":"open","ping_status":"open","sticky":false,"template":"","format":"standard","meta":{"footnotes":""},"categories":[10889,10948,10894,10902,10947,10896],"tags":[11192,11345,11356],"class_list":{"0":"post-207914","1":"post","2":"type-post","3":"status-publish","4":"format-standard","5":"has-post-thumbnail","7":"category-alzira-cat","8":"category-infraestructuras-ca","9":"category-la-comarca-ca","10":"category-la-ribera-ca","11":"category-politica","12":"category-seccion-ca","13":"tag-alzira-ca","14":"tag-csif-ca","15":"tag-ribera-alta-ca"},"_links":{"self":[{"href":"https:\/\/www.tucomarca.com\/wordpress\/segunda\/ca\/wp-json\/wp\/v2\/posts\/207914","targetHints":{"allow":["GET"]}}],"collection":[{"href":"https:\/\/www.tucomarca.com\/wordpress\/segunda\/ca\/wp-json\/wp\/v2\/posts"}],"about":[{"href":"https:\/\/www.tucomarca.com\/wordpress\/segunda\/ca\/wp-json\/wp\/v2\/types\/post"}],"author":[{"embeddable":true,"href":"https:\/\/www.tucomarca.com\/wordpress\/segunda\/ca\/wp-json\/wp\/v2\/users\/12"}],"replies":[{"embeddable":true,"href":"https:\/\/www.tucomarca.com\/wordpress\/segunda\/ca\/wp-json\/wp\/v2\/comments?post=207914"}],"version-history":[{"count":0,"href":"https:\/\/www.tucomarca.com\/wordpress\/segunda\/ca\/wp-json\/wp\/v2\/posts\/207914\/revisions"}],"wp:featuredmedia":[{"embeddable":true,"href":"https:\/\/www.tucomarca.com\/wordpress\/segunda\/ca\/wp-json\/wp\/v2\/media\/207907"}],"wp:attachment":[{"href":"https:\/\/www.tucomarca.com\/wordpress\/segunda\/ca\/wp-json\/wp\/v2\/media?parent=207914"}],"wp:term":[{"taxonomy":"category","embeddable":true,"href":"https:\/\/www.tucomarca.com\/wordpress\/segunda\/ca\/wp-json\/wp\/v2\/categories?post=207914"},{"taxonomy":"post_tag","embeddable":true,"href":"https:\/\/www.tucomarca.com\/wordpress\/segunda\/ca\/wp-json\/wp\/v2\/tags?post=207914"}],"curies":[{"name":"wp","href":"https:\/\/api.w.org\/{rel}","templated":true}]}}