{"id":208137,"date":"2024-01-22T09:55:00","date_gmt":"2024-01-22T08:55:00","guid":{"rendered":"https:\/\/www.tucomarca.com\/wordpress\/segunda\/?p=208137"},"modified":"2024-01-22T22:16:36","modified_gmt":"2024-01-22T21:16:36","slug":"el-barri-de-les-penyes-de-requena-celebra-la-festivitat-del-seu-patro-sant-sebastia","status":"publish","type":"post","link":"https:\/\/www.tucomarca.com\/wordpress\/segunda\/ca\/el-barri-de-les-penyes-de-requena-celebra-la-festivitat-del-seu-patro-sant-sebastia\/","title":{"rendered":"El barri de les Penyes de Requena celebra la festivitat del seu patr\u00f3, Sant Sebasti\u00e0&nbsp;"},"content":{"rendered":"\n<p>El barri de les Penyes, de Requena, ha celebrat el passat cap de setmana, els actes amb motiu de les festes en honor del seu sant patr\u00f3, Sant Sebasti\u00e0.<br>Entre ells destaca l&#8217;encesa de centenars de ciris que van donar un especial atractiu als carrers del barri. Tamb\u00e9 l&#8217;encesa d&#8217;una monumental foguera i el tret d&#8217;un castell de focs artificials.<br>A la calor de la foguera cada assistent va poder degustar una cre\u00eflla rostida i un entrep\u00e0 acompanyats per un excel\u00b7lent vi negre, productes oferits gratu\u00eftament per la comissi\u00f3 de festes. Tamb\u00e9 van poder assaborir un exquisit caf\u00e9.<br>Altres actes de gran relleu van ser la missa, la process\u00f3 amb el sant patr\u00f3 i el repartiment de pa bene\u00eft. Les coques de pa bene\u00eft , com \u00e9s tradicional, es van exhibir per alguns carrers de Requena en un cercaviles matinal. Informa, <strong>Luis Ib\u00e1\u00f1ez.<\/strong><\/p>\n","protected":false},"excerpt":{"rendered":"<div class=\"mh-excerpt\">El barri de les Penyes, de Requena, ha celebrat el passat cap de setmana, els actes amb motiu de les festes en honor del seu sant patr\u00f3, Sant Sebasti\u00e0.Entre ells destaca l&#8217;encesa de centenars de <a class=\"mh-excerpt-more\" href=\"https:\/\/www.tucomarca.com\/wordpress\/segunda\/ca\/el-barri-de-les-penyes-de-requena-celebra-la-festivitat-del-seu-patro-sant-sebastia\/\" title=\"El barri de les Penyes de Requena celebra la festivitat del seu patr\u00f3, Sant Sebasti\u00e0&nbsp;\">[+] <\/a><\/div>\n","protected":false},"author":12,"featured_media":208136,"comment_status":"open","ping_status":"open","sticky":false,"template":"","format":"standard","meta":{"footnotes":""},"categories":[10894,11007,10908,10909,10896],"tags":[13712,11099,10910],"class_list":{"0":"post-208137","1":"post","2":"type-post","3":"status-publish","4":"format-standard","5":"has-post-thumbnail","7":"category-la-comarca-ca","8":"category-ocio-y-cultura-ca","9":"category-requena-ca","10":"category-requena-utiel-ca","11":"category-seccion-ca","12":"tag-las-penas-ca","13":"tag-requena-ca","14":"tag-requena-utiel-ca"},"_links":{"self":[{"href":"https:\/\/www.tucomarca.com\/wordpress\/segunda\/ca\/wp-json\/wp\/v2\/posts\/208137","targetHints":{"allow":["GET"]}}],"collection":[{"href":"https:\/\/www.tucomarca.com\/wordpress\/segunda\/ca\/wp-json\/wp\/v2\/posts"}],"about":[{"href":"https:\/\/www.tucomarca.com\/wordpress\/segunda\/ca\/wp-json\/wp\/v2\/types\/post"}],"author":[{"embeddable":true,"href":"https:\/\/www.tucomarca.com\/wordpress\/segunda\/ca\/wp-json\/wp\/v2\/users\/12"}],"replies":[{"embeddable":true,"href":"https:\/\/www.tucomarca.com\/wordpress\/segunda\/ca\/wp-json\/wp\/v2\/comments?post=208137"}],"version-history":[{"count":0,"href":"https:\/\/www.tucomarca.com\/wordpress\/segunda\/ca\/wp-json\/wp\/v2\/posts\/208137\/revisions"}],"wp:featuredmedia":[{"embeddable":true,"href":"https:\/\/www.tucomarca.com\/wordpress\/segunda\/ca\/wp-json\/wp\/v2\/media\/208136"}],"wp:attachment":[{"href":"https:\/\/www.tucomarca.com\/wordpress\/segunda\/ca\/wp-json\/wp\/v2\/media?parent=208137"}],"wp:term":[{"taxonomy":"category","embeddable":true,"href":"https:\/\/www.tucomarca.com\/wordpress\/segunda\/ca\/wp-json\/wp\/v2\/categories?post=208137"},{"taxonomy":"post_tag","embeddable":true,"href":"https:\/\/www.tucomarca.com\/wordpress\/segunda\/ca\/wp-json\/wp\/v2\/tags?post=208137"}],"curies":[{"name":"wp","href":"https:\/\/api.w.org\/{rel}","templated":true}]}}