{"id":208151,"date":"2024-01-22T14:00:00","date_gmt":"2024-01-22T13:00:00","guid":{"rendered":"https:\/\/www.tucomarca.com\/wordpress\/segunda\/?p=208151"},"modified":"2024-01-22T22:05:16","modified_gmt":"2024-01-22T21:05:16","slug":"opinio-a-boca-de-cano-respecte-a-botubot-i-els-robatoris-del-madrid-per-joseh-larrazabal","status":"publish","type":"post","link":"https:\/\/www.tucomarca.com\/wordpress\/segunda\/ca\/opinio-a-boca-de-cano-respecte-a-botubot-i-els-robatoris-del-madrid-per-joseh-larrazabal\/","title":{"rendered":"Opini\u00f3. A boca de can\u00f3: &#8220;Respecte a Botubot i els robatoris del Madrid&#8221;, per J\u00f3seh Larraz\u00e1bal"},"content":{"rendered":"\n<figure class=\"wp-block-image size-full is-resized\"><img loading=\"lazy\" decoding=\"async\" src=\"http:\/\/www.tucomarca.com\/wordpress\/segunda\/wp-content\/uploads\/2024\/01\/Larrazabalnueva.jpg\" alt=\"\" class=\"wp-image-208146\" width=\"169\" height=\"170\"\/><\/figure>\n\n\n\n<p>Dijous passat, dia 18 de gener, en el programa Lliure Directe, de R\u00e0dio Bunyol, entrevistem a Manolo Botubot, un exjugador de futbol del VCF all\u00e0 pels anys 80 i a m\u00e9s internacional per Espanya.<br>Va ser una entrevista alegre, emotiva i sincera en la qual parlem d&#8217;aquell Val\u00e8ncia de l&#8217;etapa de Botubot i tamb\u00e9 d&#8217;altres coses en les quals ell va voler entrar, al contrari del tema de Lim en el qual no va voler banyar-se per no molestar a ning\u00fa. Es que Manolo est\u00e0 contra Lim perqu\u00e8 ho veig en Twitter per\u00f2 en aquesta ocasi\u00f3 no va voler comprometre&#8217;s i aix\u00ed ho acceptem.<br>Quant al tema de la traject\u00f2ria de l&#8217;equip no va voler aprofundir massa per\u00f2 s\u00ed que va dir que no creia que ho fera tan mal com l&#8217;any passat.<br>Quant a l&#8217;afici\u00f3 de la seua \u00e8poca s\u00ed que va dir que era m\u00e9s exigent que l&#8217;actual ja que en aquells dies havien pa\u00f1oladas i xiulets a jugadors, cosa que hui no es dona.<br>Jo vaig afirmar uns dies abans en el meu grup de WhatsApp que el vcf d&#8217;aquells anys va tindre grans jugadors per\u00f2 malgrat guanyar alguns t\u00edtols: Copa Rei 79, Recopa d&#8217;Europa 80, i Supercopa 80, es van posar haver guanyat molts t\u00edtols m\u00e9s per\u00f2 no va anar aix\u00ed. Li vaig preguntar al nostre entrevistat per qu\u00e8 i va coincidir amb la meua apreciaci\u00f3: li guany\u00e0vem al Madrid i Barcelona i ja estava l&#8217;objectiu complit. Despr\u00e9s arribava a Mestalla qualsevol equip de la part mitjana o baixa de la taula i s&#8217;emportava els punts de Val\u00e8ncia.<br>El va dir, igual que jo havia avan\u00e7at en les meues manifestacions de WhatsApp, que potser es va pecar de falta d&#8217;ambici\u00f3 i conformisme. Els dos coincidim en eixa apreciaci\u00f3 que ha sigut un mal end\u00e8mic del Val\u00e8ncia al llarg de la seua hist\u00f2ria.<br>Ara continua passant el mateix.<br>L&#8217;afici\u00f3 ja no exigeix. S&#8217;ha acostumat a les mis\u00e8ries de Peter Lim i es conforma amb qualsevol cosa o qualsevol jugador cedit o a cost zero que arriba a Mestalla. I el m\u00e9s gros: es conformen amb no descendir i se senten feli\u00e7os per aix\u00f2 oblidant que el Val\u00e8ncia deu, per grandesa i hist\u00f2ria, estar sempre en els llocs alts de la taula lluitant per totes les competicions en les quals participa. Aix\u00f2 s\u00ed, competint per\u00f2 sense obligaci\u00f3 de guanyar-ho tot com Madrid o Bar\u00e7a, que tampoc ens tornarem bojos.<br>Es va emocionar el bo de Manolo Botubot quan recordem al gran \u00c1ngel Castellanos, mort recentment a causa d&#8217;una terrible i implacable malaltia.<br>Va ser un jugador molt volgut per\u00f2 alhora molt xiulat per aquella afici\u00f3 dels anys 80.<br>En definitiva Manolo Botubot Pereira \u00e9s un Gadit\u00e0 que vol al VCF, no a Lim, i s&#8217;assega tan Valencianista com el que m\u00e9s.<br>Gr\u00e0cies per tot, Manolo i fins prompte.<br>Gran persona i magn\u00edfic jugador.<\/p>\n\n\n\n<p><strong>Quant al Reial Madrid res canvia<\/strong><\/p>\n\n\n\n<p>De nou un altre esc\u00e0ndol al Bernab\u00e9u i van&#8230;<br>Portem m\u00e9s d&#8217;un segle suportant les injust\u00edcies i els robatoris a favor del Madrid.<br>Res canvia i el Madrid continua guanyant les lligues per decret.<br>Ahir tres errors arbitrals que li van donar la volta a un partit que l&#8217;Almer\u00eda tenia bestiar i mantenen al Madrid en el m\u00e9s alt de la clasificacion.<br>L&#8217;\u00fanica cosa bona del cas \u00e9s que ja s\u00f3n molts els equips de la lliga que comencen a al\u00e7ar la veu contra aquests &#8220;Atacs a la Lliga que es venen donant des de fa m\u00e9s d&#8217;un segle (m\u00e9s val tard).<br>Res canvia \u00e9s la hist\u00f2ria de sempre.<br>Fa molts anys el Reial Madrid guanyava les lligues per decret durant el govern Franquista, per\u00f2 ara el dictador ja no existeix i continua succeint el mateix.<br>Per qu\u00e8?<br>A Espanya Estem en democr\u00e0cia, en tot menys en el futbol. Ac\u00ed continua existint la dictadura del Reial Madrid que els \u00e0rbitres assumeixen per por de les repres\u00e0lies.<br>Ja n&#8217;hi ha prou. Si Espanya \u00e9s un pa\u00eds lliure i democr\u00e0tic, o hauria de ser-ho, aix\u00f2 s&#8217;ha de reflectir en tots els \u00e0mbits, i un dels quals m\u00e9s pateix \u00e9s la lliga Espanyola de futbol.<br>N&#8217;hi ha prou de tanta Madriditis.<br>Espanya som tots i el dret a una competici\u00f3 justa i a un tracte equ\u00e0nime \u00e9s de tots.<br>\u00c0rbitres honrats i valents \u00e9s una de les claus fonamentals.<\/p>\n","protected":false},"excerpt":{"rendered":"<div class=\"mh-excerpt\">Dijous passat, dia 18 de gener, en el programa Lliure Directe, de R\u00e0dio Bunyol, entrevistem a Manolo Botubot, un exjugador de futbol del VCF all\u00e0 pels anys 80 i a m\u00e9s internacional per Espanya.Va ser <a class=\"mh-excerpt-more\" href=\"https:\/\/www.tucomarca.com\/wordpress\/segunda\/ca\/opinio-a-boca-de-cano-respecte-a-botubot-i-els-robatoris-del-madrid-per-joseh-larrazabal\/\" title=\"Opini\u00f3. A boca de can\u00f3: &#8220;Respecte a Botubot i els robatoris del Madrid&#8221;, per J\u00f3seh Larraz\u00e1bal\">[+] <\/a><\/div>\n","protected":false},"author":12,"featured_media":208147,"comment_status":"open","ping_status":"open","sticky":false,"template":"","format":"standard","meta":{"footnotes":""},"categories":[11014,11003,11020,11021,10896],"tags":[15972,15481,15380],"class_list":{"0":"post-208151","1":"post","2":"type-post","3":"status-publish","4":"format-standard","5":"has-post-thumbnail","7":"category-canal-valencia-cf-ca","8":"category-sports","9":"category-opinion-ca","10":"category-opinion-ca-2","11":"category-seccion-ca","12":"tag-a-bocajarro-ca","13":"tag-joseh-larrazabal-ca","14":"tag-vcf-ca"},"_links":{"self":[{"href":"https:\/\/www.tucomarca.com\/wordpress\/segunda\/ca\/wp-json\/wp\/v2\/posts\/208151","targetHints":{"allow":["GET"]}}],"collection":[{"href":"https:\/\/www.tucomarca.com\/wordpress\/segunda\/ca\/wp-json\/wp\/v2\/posts"}],"about":[{"href":"https:\/\/www.tucomarca.com\/wordpress\/segunda\/ca\/wp-json\/wp\/v2\/types\/post"}],"author":[{"embeddable":true,"href":"https:\/\/www.tucomarca.com\/wordpress\/segunda\/ca\/wp-json\/wp\/v2\/users\/12"}],"replies":[{"embeddable":true,"href":"https:\/\/www.tucomarca.com\/wordpress\/segunda\/ca\/wp-json\/wp\/v2\/comments?post=208151"}],"version-history":[{"count":0,"href":"https:\/\/www.tucomarca.com\/wordpress\/segunda\/ca\/wp-json\/wp\/v2\/posts\/208151\/revisions"}],"wp:featuredmedia":[{"embeddable":true,"href":"https:\/\/www.tucomarca.com\/wordpress\/segunda\/ca\/wp-json\/wp\/v2\/media\/208147"}],"wp:attachment":[{"href":"https:\/\/www.tucomarca.com\/wordpress\/segunda\/ca\/wp-json\/wp\/v2\/media?parent=208151"}],"wp:term":[{"taxonomy":"category","embeddable":true,"href":"https:\/\/www.tucomarca.com\/wordpress\/segunda\/ca\/wp-json\/wp\/v2\/categories?post=208151"},{"taxonomy":"post_tag","embeddable":true,"href":"https:\/\/www.tucomarca.com\/wordpress\/segunda\/ca\/wp-json\/wp\/v2\/tags?post=208151"}],"curies":[{"name":"wp","href":"https:\/\/api.w.org\/{rel}","templated":true}]}}