{"id":208362,"date":"2024-01-24T13:00:00","date_gmt":"2024-01-24T12:00:00","guid":{"rendered":"https:\/\/www.tucomarca.com\/wordpress\/segunda\/?p=208362"},"modified":"2024-01-24T19:15:12","modified_gmt":"2024-01-24T18:15:12","slug":"la-diputacio-de-valencia-impulsa-en-fitur-lequilibri-turistic-entre-la-costa-i-linterior-de-la-provincia","status":"publish","type":"post","link":"https:\/\/www.tucomarca.com\/wordpress\/segunda\/ca\/la-diputacio-de-valencia-impulsa-en-fitur-lequilibri-turistic-entre-la-costa-i-linterior-de-la-provincia\/","title":{"rendered":"La Diputaci\u00f3 de Val\u00e8ncia impulsa en Fitur l&#8217;equilibri tur\u00edstic entre la costa i l&#8217;interior de la prov\u00edncia"},"content":{"rendered":"\n<h3 class=\"wp-block-heading\"><strong><strong>El programa ACD, que compta amb un pressupost de 5,8 milions d&#8217;euros, comen\u00e7ar\u00e0 a executar-se en 2024 amb l&#8217;objectiu de redistribuir els fluxos tur\u00edstics des del litoral cap a l&#8217;interior, amb l&#8217;aigua com a eix vertebrador<\/strong><\/strong>.<\/h3>\n\n\n\n<h3 class=\"wp-block-heading\"><strong><strong>El president Vicent Momp\u00f3, posa l&#8217;accent en \u201cel potencial del turisme per a lluitar contra la despoblaci\u00f3\u201d. \u201cPer aix\u00f2, enguany la nostra aposta se centra en promocionar l&#8217;interior de la prov\u00edncia com un dest\u00ed segur, sostenible i de qualitat\u201d, destaca.<\/strong><\/strong><\/h3>\n\n\n\n<h3 class=\"wp-block-heading\"><strong><strong>Val\u00e8ncia Turisme anuncia, a m\u00e9s, accions tur\u00edstiques conjuntes entre pobles de costa i interior, i la posada en marxa de rutes destinades als habitants de la prov\u00edncia per a con\u00e9ixer altres zones del territori<\/strong><\/strong>.<\/h3>\n\n\n\n<p>La Diputaci\u00f3 de Val\u00e8ncia ha celebrat un any m\u00e9s el Dia de la Prov\u00edncia en Fitur en la jornada inaugural de la Fira Internacional de Turisme de Madrid. En un acte que ha tingut lloc en la Pla\u00e7a Central del Pavell\u00f3 7 d\u2019IFEMA, el president de la corporaci\u00f3, Vicent Momp\u00f3, i el diputat de Turisme, Pedro Cuesta, han desgranat l&#8217;estrat\u00e8gia tur\u00edstica de la instituci\u00f3 de cara al 2024.<\/p>\n\n\n\n<p>Conscients que existix una demanda cada vegada major de destins d&#8217;interior, poc massificats, i en els quals es puga disfrutar de la naturalesa i la gastronomia en un entorn tranquil, la Diputaci\u00f3 de Val\u00e8ncia centrar\u00e0 les seues accions d&#8217;enguany a impulsar el turisme en les zones despoblades de la prov\u00edncia a trav\u00e9s de diversos plans i accions concrets.<\/p>\n\n\n\n<p>\u201cCreiem que el turisme \u00e9s una ferramenta efica\u00e7 per a solucionar el problema de la despoblaci\u00f3, i per aix\u00f2 cooperarem i col\u00b7laborarem econ\u00f2micament amb ajuntaments, mancomunitats i altres entitats per a crear nous productes i experi\u00e8ncies. El que volem \u00e9s que el turista senta un valor afegit en la seua visita, i que es conega l&#8217;interior de la prov\u00edncia com un dest\u00ed segur, sostenible i de qualitat\u201d, ha defensat Momp\u00f3.<\/p>\n\n\n\n<p>Per a complir amb estos objectius, diverses accions previstes per al present exercici es basen a reequilibrar els fluxos tur\u00edstics entre el litoral i l&#8217;interior. En esta l\u00ednia, Vicent Momp\u00f3 ha anunciat com a gran novetat l&#8217;inici imminent de l&#8217;execuci\u00f3 del programa d&#8217;Accions de Cohesi\u00f3 en Destins (ACD de la Diputaci\u00f3 de Val\u00e8ncia), que compta amb un pressupost de 5,8 milions d&#8217;euros. Segons Momp\u00f3, \u201ces tracta d&#8217;un pla que busca redistribuir el turisme des de la costa, normalment m\u00e9s massificada, cap a l&#8217;interior, i vertebrar aix\u00ed el territori a la nostra prov\u00edncia a trav\u00e9s de l&#8217;aigua\u201d.<\/p>\n\n\n\n<p>Per a aix\u00f2, s&#8217;escometr\u00e0 una reconversi\u00f3 dels recursos vinculats a l&#8217;aigua com a producte tur\u00edstic. La finalitzaci\u00f3 de l&#8217;execuci\u00f3 d&#8217;este programa est\u00e0 prevista per a 2026, i ja en 2024 es destinaran 2 milions d&#8217;euros a accions concretes com la creaci\u00f3 d&#8217;una oficina t\u00e8cnica per a la gesti\u00f3 de l\u2019ACD, la millora de l&#8217;accessibilitat a les platges, o la compra de quads el\u00e8ctrics per a millorar els serveis de neteja en aquests espais. El pla ACD est\u00e0 integrat en els Plans Territorials de Sostenibilitat Tur\u00edstica en Dest\u00ed de la Comunitat Valenciana 2021-2023, i \u00e9s finan\u00e7at amb fons procedents del Pla de Recuperaci\u00f3, Transformaci\u00f3 i Resili\u00e8ncia, finan\u00e7at amb Fons NextGenerationEU.<\/p>\n\n\n\n<figure class=\"wp-block-image size-large\"><img loading=\"lazy\" decoding=\"async\" width=\"1024\" height=\"682\" src=\"http:\/\/www.tucomarca.com\/wordpress\/segunda\/wp-content\/uploads\/2024\/01\/DipuFitur2024B-1024x682.jpg\" alt=\"\" class=\"wp-image-208357\" srcset=\"https:\/\/www.tucomarca.com\/wordpress\/segunda\/wp-content\/uploads\/2024\/01\/DipuFitur2024B-1024x682.jpg 1024w, https:\/\/www.tucomarca.com\/wordpress\/segunda\/wp-content\/uploads\/2024\/01\/DipuFitur2024B-300x200.jpg 300w, https:\/\/www.tucomarca.com\/wordpress\/segunda\/wp-content\/uploads\/2024\/01\/DipuFitur2024B-768x512.jpg 768w, https:\/\/www.tucomarca.com\/wordpress\/segunda\/wp-content\/uploads\/2024\/01\/DipuFitur2024B-1536x1024.jpg 1536w, https:\/\/www.tucomarca.com\/wordpress\/segunda\/wp-content\/uploads\/2024\/01\/DipuFitur2024B-2048x1365.jpg 2048w\" sizes=\"auto, (max-width: 1024px) 100vw, 1024px\" \/><\/figure>\n\n\n\n<p><strong>Altres novetats<\/strong><\/p>\n\n\n\n<p>El Pla d&#8217;Actuacions de la Diputaci\u00f3 de Val\u00e8ncia i la seua marca tur\u00edstica, Val\u00e8ncia Turisme, previst per a enguany, inclou altres accions i programes nous, entre els quals destaca la posada en marxa de les Rutes Val\u00e8ncia Turisme \u2018Coneix la prov\u00edncia de Val\u00e8ncia\u2019. T\u00e9 com a objectiu refor\u00e7ar el flux de visitants des de la costa cap a l&#8217;interior i viceversa amb autob\u00fas.<\/p>\n\n\n\n<p>A m\u00e9s, cal ressaltar el programa \u2018De Poble en Poble\u2019, centrat en el turisme d&#8217;intercanvi de tradicions i folklore, amb el qual es duran a terme actuacions d&#8217;intercanvi tur\u00edstic-cultural. En la mateixa l\u00ednia, en 2024 es desenvolupar\u00e0 el programa de \u2018Agermanaments Costa \u2013 Interior\u2019. Altres iniciatives a destacar s\u00f3n la volta del programa \u2018Cinema a les platges\u2019 o la celebraci\u00f3 de la I Gal\u00b7la del Turisme de la prov\u00edncia de Val\u00e8ncia, que englobar\u00e0 els Premis Film Val\u00e8ncia als millors v\u00eddeos de promoci\u00f3 tur\u00edstica i els Premis \u2018Val\u00e8ncia Turisme\u2019 a la Sostenibilitat Tur\u00edstica.<\/p>\n\n\n\n<p>En l&#8217;\u00e0mbit m\u00e9s professional, el programa \u2018A menys de 60 minuts\u2019 combinar\u00e0 la realitzaci\u00f3 de <em>fam trips<\/em> o viatges de familiaritzaci\u00f3 per a empresaris i t\u00e8cnics del sector tur\u00edstic amb altres destinats a les ag\u00e8ncies receptives de la ciutat de Val\u00e8ncia. Este programa preveu tamb\u00e9 la celebraci\u00f3 d&#8217;accions amb <em>influencers<\/em> durant l&#8217;any.<\/p>\n\n\n\n<p>\u201cEl disseny de les l\u00ednies d&#8217;actuaci\u00f3 de cara a l&#8217;exercici 2024 s&#8217;ha fet tractant d&#8217;adaptar-les al m\u00e0xim les circumst\u00e0ncies del moment i a les necessitats priorit\u00e0ries, tant dels destins com de les empreses del sector a la prov\u00edncia\u201d, ha assenyalat el diputat de Turisme, Pedro Cuesta, que ha afegit que \u201cel que far\u00e0 la Diputaci\u00f3 \u00e9s, en definitiva, sumar els seus esfor\u00e7os al de tots els agents implicats en la millora i projecci\u00f3 del sector tur\u00edstic a la prov\u00edncia\u201d.<\/p>\n\n\n\n<figure class=\"wp-block-image size-large\"><img loading=\"lazy\" decoding=\"async\" width=\"1024\" height=\"682\" src=\"http:\/\/www.tucomarca.com\/wordpress\/segunda\/wp-content\/uploads\/2024\/01\/VicentMompoDipuFitur-1024x682.jpg\" alt=\"\" class=\"wp-image-208360\" srcset=\"https:\/\/www.tucomarca.com\/wordpress\/segunda\/wp-content\/uploads\/2024\/01\/VicentMompoDipuFitur-1024x682.jpg 1024w, https:\/\/www.tucomarca.com\/wordpress\/segunda\/wp-content\/uploads\/2024\/01\/VicentMompoDipuFitur-300x200.jpg 300w, https:\/\/www.tucomarca.com\/wordpress\/segunda\/wp-content\/uploads\/2024\/01\/VicentMompoDipuFitur-768x512.jpg 768w, https:\/\/www.tucomarca.com\/wordpress\/segunda\/wp-content\/uploads\/2024\/01\/VicentMompoDipuFitur-1536x1024.jpg 1536w, https:\/\/www.tucomarca.com\/wordpress\/segunda\/wp-content\/uploads\/2024\/01\/VicentMompoDipuFitur-2048x1365.jpg 2048w\" sizes=\"auto, (max-width: 1024px) 100vw, 1024px\" \/><\/figure>\n\n\n\n<p><strong>Impulsem Turisme i Fem Poble<\/strong><\/p>\n\n\n\n<p>En 2024 la Diputaci\u00f3 de Val\u00e8ncia tamb\u00e9 continuar\u00e0 potenciant els plans d&#8217;ajudes d&#8217;anys anteriors. \u00c9s el cas d\u2019\u2018Impulsem Turisme\u2019, que compta amb una dotaci\u00f3 de m\u00e9s de dos milions d&#8217;euros. Un pla que contempla una l\u00ednia de subvencions a pobles que no tinguen reconeguda la condici\u00f3 de municipi tur\u00edstic, i una altra per a pobles de menys de 30.000 habitants i mancomunitats per a invertir en infraestructures i equipaments de recursos tur\u00edstics.<\/p>\n\n\n\n<p>A m\u00e9s, enguany es tornaran a concedir ajudes espec\u00edfiques per a impulsar la promoci\u00f3 tur\u00edstica i el desenvolupament tur\u00edstic dels municipis rurals amb el risc de despoblaci\u00f3 alt o molt alt i elevada ruralitat. \u201cAmb la finalitat que tots els municipis d&#8217;esta naturalesa puguen dur a terme les accions vinculades amb el turisme, destinarem altres 350.000 euros\u201d, ha concretat Vicent Momp\u00f3.<\/p>\n\n\n\n<p>Finalment, es mantindr\u00e0 vigent el programa \u2018Fem Poble\u2019, gr\u00e0cies al qual es continuaran creant i generant nous productes tur\u00edstics en zones rurals. \u201cAjudarem estes localitats a incrementar el valor dels seus recursos i aix\u00ed poder crear vertaderes experi\u00e8ncies que activen la seua economia local i, en conseq\u00fc\u00e8ncia, la seua projecci\u00f3 territorial\u201d, ha subratllat el president de la Diputaci\u00f3 de Val\u00e8ncia. En el marc d&#8217;este programa, est\u00e0 previst que pr\u00f2ximament s&#8217;edite la 2a edici\u00f3 del cat\u00e0leg experi\u00e8ncies tur\u00edstiques que reunix prop d&#8217;un centenar d&#8217;activitats<\/p>\n","protected":false},"excerpt":{"rendered":"<div class=\"mh-excerpt\">El programa ACD, que compta amb un pressupost de 5,8 milions d&#8217;euros, comen\u00e7ar\u00e0 a executar-se en 2024 amb l&#8217;objectiu de redistribuir els fluxos tur\u00edstics des del litoral cap a l&#8217;interior, amb l&#8217;aigua com a eix <a class=\"mh-excerpt-more\" href=\"https:\/\/www.tucomarca.com\/wordpress\/segunda\/ca\/la-diputacio-de-valencia-impulsa-en-fitur-lequilibri-turistic-entre-la-costa-i-linterior-de-la-provincia\/\" title=\"La Diputaci\u00f3 de Val\u00e8ncia impulsa en Fitur l&#8217;equilibri tur\u00edstic entre la costa i l&#8217;interior de la prov\u00edncia\">[+] <\/a><\/div>\n","protected":false},"author":1,"featured_media":208356,"comment_status":"open","ping_status":"open","sticky":false,"template":"","format":"gallery","meta":{"footnotes":""},"categories":[10890,10892,11046,10898,10948,10963,10894,10904,10912,11007,10947,10909,10896],"tags":[11246,11401,11441,11199],"class_list":{"0":"post-208362","1":"post","2":"type-post","3":"status-publish","4":"format-gallery","5":"has-post-thumbnail","7":"category-ademus","8":"category-camp-de-turia-ca","9":"category-los-serranos-ca","10":"category-ventana-ca","11":"category-infraestructuras-ca","12":"category-la-canal-de-navarres-ca","13":"category-la-comarca-ca","14":"category-sin-categorizar-ca","15":"category-la-hoya-ca","16":"category-ocio-y-cultura-ca","17":"category-politica","18":"category-requena-utiel-ca","19":"category-seccion-ca","20":"tag-diputacio-de-valencia-ca","21":"tag-diputacion-de-valencia-ca","22":"tag-fitur-ca","23":"tag-la-comunitat-ca","24":"post_format-post-format-gallery"},"_links":{"self":[{"href":"https:\/\/www.tucomarca.com\/wordpress\/segunda\/ca\/wp-json\/wp\/v2\/posts\/208362","targetHints":{"allow":["GET"]}}],"collection":[{"href":"https:\/\/www.tucomarca.com\/wordpress\/segunda\/ca\/wp-json\/wp\/v2\/posts"}],"about":[{"href":"https:\/\/www.tucomarca.com\/wordpress\/segunda\/ca\/wp-json\/wp\/v2\/types\/post"}],"author":[{"embeddable":true,"href":"https:\/\/www.tucomarca.com\/wordpress\/segunda\/ca\/wp-json\/wp\/v2\/users\/1"}],"replies":[{"embeddable":true,"href":"https:\/\/www.tucomarca.com\/wordpress\/segunda\/ca\/wp-json\/wp\/v2\/comments?post=208362"}],"version-history":[{"count":0,"href":"https:\/\/www.tucomarca.com\/wordpress\/segunda\/ca\/wp-json\/wp\/v2\/posts\/208362\/revisions"}],"wp:featuredmedia":[{"embeddable":true,"href":"https:\/\/www.tucomarca.com\/wordpress\/segunda\/ca\/wp-json\/wp\/v2\/media\/208356"}],"wp:attachment":[{"href":"https:\/\/www.tucomarca.com\/wordpress\/segunda\/ca\/wp-json\/wp\/v2\/media?parent=208362"}],"wp:term":[{"taxonomy":"category","embeddable":true,"href":"https:\/\/www.tucomarca.com\/wordpress\/segunda\/ca\/wp-json\/wp\/v2\/categories?post=208362"},{"taxonomy":"post_tag","embeddable":true,"href":"https:\/\/www.tucomarca.com\/wordpress\/segunda\/ca\/wp-json\/wp\/v2\/tags?post=208362"}],"curies":[{"name":"wp","href":"https:\/\/api.w.org\/{rel}","templated":true}]}}