{"id":208504,"date":"2024-01-25T14:00:00","date_gmt":"2024-01-25T13:00:00","guid":{"rendered":"https:\/\/www.tucomarca.com\/wordpress\/segunda\/?p=208504"},"modified":"2024-01-25T18:37:56","modified_gmt":"2024-01-25T17:37:56","slug":"lincendi-duna-maquina-de-neteja-forestal-a-serra-provoca-que-les-flames-es-propaguen-a-la-vegetacio-circumdant","status":"publish","type":"post","link":"https:\/\/www.tucomarca.com\/wordpress\/segunda\/ca\/lincendi-duna-maquina-de-neteja-forestal-a-serra-provoca-que-les-flames-es-propaguen-a-la-vegetacio-circumdant\/","title":{"rendered":"L&#8217;incendi d&#8217;una m\u00e0quina de neteja forestal a Serra provoca que les flames es propaguen a la vegetaci\u00f3 circumdant\u00a0"},"content":{"rendered":"\n<p>El Consorci de Bombers de Val\u00e8ncia s&#8217;ha mobilitzat aquest dijous al mat\u00ed per a intervindre en un incendi forestal en el terme municipal de Serra, que ha sigut provocat per una m\u00e0quina destinada a treballs forestals que s&#8217;ha incendiat i les flames s&#8217;han propagat a la vegetaci\u00f3 circumdant.&nbsp;<\/p>\n\n\n\n<p>L&#8217;incendi s&#8217;ha declarat prop de les 11,00 hores en el Pla de les Llomes, a la zona de la Serra Calderona; i ha sigut controlat a penes dues hores despr\u00e9s.<\/p>\n\n\n\n<p>Els efectius han treballat en la zona durant tot el dia per a acabar d&#8217;extingir-lo. Fins all\u00ed s&#8217;han despla\u00e7at bombers i un sergent dels parcs de Sagunt, brigades forestals del Consorci, un coordinador forestal del Consorci i bombers forestals de la Generalitat Valenciana.<\/p>\n\n\n\n<figure class=\"wp-block-gallery has-nested-images columns-2 is-cropped wp-block-gallery-1 is-layout-flex wp-block-gallery-is-layout-flex\">\n<figure class=\"wp-block-image size-large\"><img loading=\"lazy\" decoding=\"async\" width=\"886\" height=\"665\" data-id=\"208500\" src=\"http:\/\/www.tucomarca.com\/wordpress\/segunda\/wp-content\/uploads\/2024\/01\/SerraIncendio1.jpg\" alt=\"\" class=\"wp-image-208500\" srcset=\"https:\/\/www.tucomarca.com\/wordpress\/segunda\/wp-content\/uploads\/2024\/01\/SerraIncendio1.jpg 886w, https:\/\/www.tucomarca.com\/wordpress\/segunda\/wp-content\/uploads\/2024\/01\/SerraIncendio1-300x225.jpg 300w, https:\/\/www.tucomarca.com\/wordpress\/segunda\/wp-content\/uploads\/2024\/01\/SerraIncendio1-768x576.jpg 768w, https:\/\/www.tucomarca.com\/wordpress\/segunda\/wp-content\/uploads\/2024\/01\/SerraIncendio1-678x509.jpg 678w, https:\/\/www.tucomarca.com\/wordpress\/segunda\/wp-content\/uploads\/2024\/01\/SerraIncendio1-326x245.jpg 326w, https:\/\/www.tucomarca.com\/wordpress\/segunda\/wp-content\/uploads\/2024\/01\/SerraIncendio1-80x60.jpg 80w\" sizes=\"auto, (max-width: 886px) 100vw, 886px\" \/><\/figure>\n\n\n\n<figure class=\"wp-block-image size-large\"><img loading=\"lazy\" decoding=\"async\" width=\"886\" height=\"1181\" data-id=\"208496\" src=\"http:\/\/www.tucomarca.com\/wordpress\/segunda\/wp-content\/uploads\/2024\/01\/SerraIncendio3.jpg\" alt=\"\" class=\"wp-image-208496\" srcset=\"https:\/\/www.tucomarca.com\/wordpress\/segunda\/wp-content\/uploads\/2024\/01\/SerraIncendio3.jpg 886w, https:\/\/www.tucomarca.com\/wordpress\/segunda\/wp-content\/uploads\/2024\/01\/SerraIncendio3-225x300.jpg 225w, https:\/\/www.tucomarca.com\/wordpress\/segunda\/wp-content\/uploads\/2024\/01\/SerraIncendio3-768x1024.jpg 768w\" sizes=\"auto, (max-width: 886px) 100vw, 886px\" \/><\/figure>\n\n\n\n<figure class=\"wp-block-image size-large\"><img loading=\"lazy\" decoding=\"async\" width=\"886\" height=\"665\" data-id=\"208494\" src=\"http:\/\/www.tucomarca.com\/wordpress\/segunda\/wp-content\/uploads\/2024\/01\/SerraIncendio2.jpg\" alt=\"\" class=\"wp-image-208494\" srcset=\"https:\/\/www.tucomarca.com\/wordpress\/segunda\/wp-content\/uploads\/2024\/01\/SerraIncendio2.jpg 886w, https:\/\/www.tucomarca.com\/wordpress\/segunda\/wp-content\/uploads\/2024\/01\/SerraIncendio2-300x225.jpg 300w, https:\/\/www.tucomarca.com\/wordpress\/segunda\/wp-content\/uploads\/2024\/01\/SerraIncendio2-768x576.jpg 768w, https:\/\/www.tucomarca.com\/wordpress\/segunda\/wp-content\/uploads\/2024\/01\/SerraIncendio2-678x509.jpg 678w, https:\/\/www.tucomarca.com\/wordpress\/segunda\/wp-content\/uploads\/2024\/01\/SerraIncendio2-326x245.jpg 326w, https:\/\/www.tucomarca.com\/wordpress\/segunda\/wp-content\/uploads\/2024\/01\/SerraIncendio2-80x60.jpg 80w\" sizes=\"auto, (max-width: 886px) 100vw, 886px\" \/><\/figure>\n<\/figure>\n","protected":false},"excerpt":{"rendered":"<div class=\"mh-excerpt\">El Consorci de Bombers de Val\u00e8ncia s&#8217;ha mobilitzat aquest dijous al mat\u00ed per a intervindre en un incendi forestal en el terme municipal de Serra, que ha sigut provocat per una m\u00e0quina destinada a treballs <a class=\"mh-excerpt-more\" href=\"https:\/\/www.tucomarca.com\/wordpress\/segunda\/ca\/lincendi-duna-maquina-de-neteja-forestal-a-serra-provoca-que-les-flames-es-propaguen-a-la-vegetacio-circumdant\/\" title=\"L&#8217;incendi d&#8217;una m\u00e0quina de neteja forestal a Serra provoca que les flames es propaguen a la vegetaci\u00f3 circumdant\u00a0\">[+] <\/a><\/div>\n","protected":false},"author":1,"featured_media":208493,"comment_status":"open","ping_status":"open","sticky":false,"template":"","format":"gallery","meta":{"footnotes":""},"categories":[10892,10898,10948,10894,10904,10903,10896,10933,10897],"tags":[10899,12834,11429],"class_list":{"0":"post-208504","1":"post","2":"type-post","3":"status-publish","4":"format-gallery","5":"has-post-thumbnail","7":"category-camp-de-turia-ca","8":"category-ventana-ca","9":"category-infraestructuras-ca","10":"category-la-comarca-ca","11":"category-sin-categorizar-ca","12":"category-medio-ambiente-la-comarca-ca","13":"category-seccion-ca","14":"category-serra-ca","15":"category-sucesos-la-comarca-ca","16":"tag-camp-de-turia-ca","17":"tag-consorcio-provincial-de-bomberos-de-valencia-ca","18":"tag-serra-ca","19":"post_format-post-format-gallery"},"_links":{"self":[{"href":"https:\/\/www.tucomarca.com\/wordpress\/segunda\/ca\/wp-json\/wp\/v2\/posts\/208504","targetHints":{"allow":["GET"]}}],"collection":[{"href":"https:\/\/www.tucomarca.com\/wordpress\/segunda\/ca\/wp-json\/wp\/v2\/posts"}],"about":[{"href":"https:\/\/www.tucomarca.com\/wordpress\/segunda\/ca\/wp-json\/wp\/v2\/types\/post"}],"author":[{"embeddable":true,"href":"https:\/\/www.tucomarca.com\/wordpress\/segunda\/ca\/wp-json\/wp\/v2\/users\/1"}],"replies":[{"embeddable":true,"href":"https:\/\/www.tucomarca.com\/wordpress\/segunda\/ca\/wp-json\/wp\/v2\/comments?post=208504"}],"version-history":[{"count":0,"href":"https:\/\/www.tucomarca.com\/wordpress\/segunda\/ca\/wp-json\/wp\/v2\/posts\/208504\/revisions"}],"wp:featuredmedia":[{"embeddable":true,"href":"https:\/\/www.tucomarca.com\/wordpress\/segunda\/ca\/wp-json\/wp\/v2\/media\/208493"}],"wp:attachment":[{"href":"https:\/\/www.tucomarca.com\/wordpress\/segunda\/ca\/wp-json\/wp\/v2\/media?parent=208504"}],"wp:term":[{"taxonomy":"category","embeddable":true,"href":"https:\/\/www.tucomarca.com\/wordpress\/segunda\/ca\/wp-json\/wp\/v2\/categories?post=208504"},{"taxonomy":"post_tag","embeddable":true,"href":"https:\/\/www.tucomarca.com\/wordpress\/segunda\/ca\/wp-json\/wp\/v2\/tags?post=208504"}],"curies":[{"name":"wp","href":"https:\/\/api.w.org\/{rel}","templated":true}]}}