{"id":208847,"date":"2024-01-29T14:00:00","date_gmt":"2024-01-29T13:00:00","guid":{"rendered":"https:\/\/www.tucomarca.com\/wordpress\/segunda\/?p=208847"},"modified":"2024-01-29T15:24:43","modified_gmt":"2024-01-29T14:24:43","slug":"la-diputacio-de-valencia-destaca-el-bon-acolliment-de-les-seues-iniciatives-en-fitur","status":"publish","type":"post","link":"https:\/\/www.tucomarca.com\/wordpress\/segunda\/ca\/la-diputacio-de-valencia-destaca-el-bon-acolliment-de-les-seues-iniciatives-en-fitur\/","title":{"rendered":"La Diputaci\u00f3 de Val\u00e8ncia destaca el bon acolliment de les seues iniciatives en Fitur"},"content":{"rendered":"\n<h3 class=\"wp-block-heading\"><strong><strong>El diputat de Turisme, Pedro Cuesta, fa balan\u00e7 de l&#8217;\u00faltima edici\u00f3 del certamen en la qual s&#8217;han celebrat m\u00e9s de 300 reunions professionals i s&#8217;han presentat 35 noves experi\u00e8ncies tur\u00edstiques a la prov\u00edncia<\/strong><\/strong>.<\/h3>\n\n\n\n<p>La Diputaci\u00f3 de Val\u00e8ncia ha concl\u00f2s la seua participaci\u00f3 en Fitur 2024 amb un balan\u00e7 molt positiu, tant de la participaci\u00f3 de municipis i mancomunitats de la prov\u00edncia en la fira, com de les trobades professionals mantingudes durant tot el certamen. Tamb\u00e9 ha sigut molt notable l&#8217;aflu\u00e8ncia de p\u00fablic a l&#8217;estand de la marca tur\u00edstica de la corporaci\u00f3 provincial, Val\u00e8ncia Turisme, dins de l&#8217;espai de la Comunitat Valenciana.<\/p>\n\n\n\n<p>El diputat de Turisme, Pedro Cuesta, ha destacat especialment \u201cel bon acolliment que han tingut totes les novetats que hem presentat en esta edici\u00f3, tant entre els professionals del sector com entre els municipis i el p\u00fablic en general\u201d. \u201cHan sigut dies molt fruct\u00edfers en els quals hi ha hagut una gran participaci\u00f3 d&#8217;empreses tur\u00edstiques i de les entitats locals de la prov\u00edncia\u201d, ha assenyalat Cuesta.<\/p>\n\n\n\n<p>Un total de 40 municipis i mancomunitats de la prov\u00edncia han tingut activitat en Fitur baix la coordinaci\u00f3 de Val\u00e8ncia Turisme, mentre que 21 han participat en la fira com a coexpositors de la Diputaci\u00f3. A m\u00e9s, en l&#8217;estand de la Diputaci\u00f3 de Val\u00e8ncia tamb\u00e9 han estat en contacte amb el p\u00fablic els municipis representats en l&#8217;espai \u2018Fem Poble\u2019 de Turisme contra la Despoblaci\u00f3, mentre que la resta de municipis de la prov\u00edncia, sense taulell propi, han estat representats en l&#8217;expositor espec\u00edfic de Val\u00e8ncia Turisme.<\/p>\n\n\n\n<p>En el conjunt de Fitur, i pel que respecta a l&#8217;acci\u00f3 de la Diputaci\u00f3 de Val\u00e8ncia, s&#8217;han celebrat nombroses reunions professionals per part del personal t\u00e8cnic de Val\u00e8ncia Turisme, a m\u00e9s de 300 encontres entre ajuntaments, empreses i mitjans de comunicaci\u00f3 en tot l&#8217;estand de la corporaci\u00f3 provincial durant els dies del certamen.<\/p>\n\n\n\n<p>A m\u00e9s, s&#8217;han realitzat 35 presentacions de productes i experi\u00e8ncies noves de productes tur\u00edstics, zones naturals i rutes, activitats locals i culturals o projectes tur\u00edstics, entre altres, per part d&#8217;ajuntaments, mancomunitats i empreses locals.<\/p>\n\n\n\n<p>Tamb\u00e9 s&#8217;han realitzat una vintena de showcooking i altres tantes degustacions de productes gastron\u00f2mics, aix\u00ed com una desena d&#8217;activitats infantils i altres representatives de la cultura i el folklore de la prov\u00edncia durant els dies d&#8217;obertura al p\u00fablic general.<\/p>\n\n\n\n<p>En este \u00e0mbit ha destacat el gran acolliment entre tot el p\u00fablic visitant de l&#8217;espai gastron\u00f2mic La Mare Que Va, habilitat enguany per primera vegada en l&#8217;estand de la Diputaci\u00f3 i at\u00e9s per alumnes i alumnes d&#8217;este centre formatiu de la Fundaci\u00f3 Asindown a Val\u00e8ncia, en el suport de Gourmet Catering, en el qual s&#8217;han realitzat m\u00e9s de 30 degustacions programades de productes valencians.<\/p>\n\n\n\n<p>Segons dades de la Fira Internacional de Turisme, el certamen ha rebut un total de 250.000 visitants, dels quals 153.000 han sigut professionals i m\u00e9s de 97.000 p\u00fablic general, la qual cosa suposa un increment del 13,7% respecte al 2023, mentre que han sigut un total de 9.000 les empreses participants en aquesta 44a edici\u00f3 de Fitur.<\/p>\n","protected":false},"excerpt":{"rendered":"<div class=\"mh-excerpt\">El diputat de Turisme, Pedro Cuesta, fa balan\u00e7 de l&#8217;\u00faltima edici\u00f3 del certamen en la qual s&#8217;han celebrat m\u00e9s de 300 reunions professionals i s&#8217;han presentat 35 noves experi\u00e8ncies tur\u00edstiques a la prov\u00edncia. La Diputaci\u00f3 <a class=\"mh-excerpt-more\" href=\"https:\/\/www.tucomarca.com\/wordpress\/segunda\/ca\/la-diputacio-de-valencia-destaca-el-bon-acolliment-de-les-seues-iniciatives-en-fitur\/\" title=\"La Diputaci\u00f3 de Val\u00e8ncia destaca el bon acolliment de les seues iniciatives en Fitur\">[+] <\/a><\/div>\n","protected":false},"author":1,"featured_media":208845,"comment_status":"open","ping_status":"open","sticky":false,"template":"","format":"standard","meta":{"footnotes":""},"categories":[10898,10948,10894,10904,11007,10947,10896],"tags":[11246,11401,11199],"class_list":{"0":"post-208847","1":"post","2":"type-post","3":"status-publish","4":"format-standard","5":"has-post-thumbnail","7":"category-ventana-ca","8":"category-infraestructuras-ca","9":"category-la-comarca-ca","10":"category-sin-categorizar-ca","11":"category-ocio-y-cultura-ca","12":"category-politica","13":"category-seccion-ca","14":"tag-diputacio-de-valencia-ca","15":"tag-diputacion-de-valencia-ca","16":"tag-la-comunitat-ca"},"_links":{"self":[{"href":"https:\/\/www.tucomarca.com\/wordpress\/segunda\/ca\/wp-json\/wp\/v2\/posts\/208847","targetHints":{"allow":["GET"]}}],"collection":[{"href":"https:\/\/www.tucomarca.com\/wordpress\/segunda\/ca\/wp-json\/wp\/v2\/posts"}],"about":[{"href":"https:\/\/www.tucomarca.com\/wordpress\/segunda\/ca\/wp-json\/wp\/v2\/types\/post"}],"author":[{"embeddable":true,"href":"https:\/\/www.tucomarca.com\/wordpress\/segunda\/ca\/wp-json\/wp\/v2\/users\/1"}],"replies":[{"embeddable":true,"href":"https:\/\/www.tucomarca.com\/wordpress\/segunda\/ca\/wp-json\/wp\/v2\/comments?post=208847"}],"version-history":[{"count":0,"href":"https:\/\/www.tucomarca.com\/wordpress\/segunda\/ca\/wp-json\/wp\/v2\/posts\/208847\/revisions"}],"wp:featuredmedia":[{"embeddable":true,"href":"https:\/\/www.tucomarca.com\/wordpress\/segunda\/ca\/wp-json\/wp\/v2\/media\/208845"}],"wp:attachment":[{"href":"https:\/\/www.tucomarca.com\/wordpress\/segunda\/ca\/wp-json\/wp\/v2\/media?parent=208847"}],"wp:term":[{"taxonomy":"category","embeddable":true,"href":"https:\/\/www.tucomarca.com\/wordpress\/segunda\/ca\/wp-json\/wp\/v2\/categories?post=208847"},{"taxonomy":"post_tag","embeddable":true,"href":"https:\/\/www.tucomarca.com\/wordpress\/segunda\/ca\/wp-json\/wp\/v2\/tags?post=208847"}],"curies":[{"name":"wp","href":"https:\/\/api.w.org\/{rel}","templated":true}]}}