{"id":208922,"date":"2024-01-30T14:00:00","date_gmt":"2024-01-30T13:00:00","guid":{"rendered":"https:\/\/www.tucomarca.com\/wordpress\/segunda\/?p=208922"},"modified":"2024-01-30T19:25:22","modified_gmt":"2024-01-30T18:25:22","slug":"setaigues-gaudira-aquest-cap-de-setmana-de-la-festivitat-de-sant-blas-i-dels-bous-dhivern","status":"publish","type":"post","link":"https:\/\/www.tucomarca.com\/wordpress\/segunda\/ca\/setaigues-gaudira-aquest-cap-de-setmana-de-la-festivitat-de-sant-blas-i-dels-bous-dhivern\/","title":{"rendered":"Setaig\u00fces gaudir\u00e0 aquest cap de setmana de la festivitat de Sant Blas i dels Bous d&#8217;Hivern"},"content":{"rendered":"\n<h3 class=\"wp-block-heading\">Setaig\u00fces gaudir\u00e0 aquest cap de setmana, 2, 3 i 4 de febrer de la festivitat de Sant Blas i dels Bous d&#8217;Hivern, uns actes aquests \u00faltims organitzats per la Comissi\u00f3 Taurina Setaig\u00fces amb la col\u00b7laboraci\u00f3 de l&#8217;Ajuntament de Setaig\u00fces.<\/h3>\n\n\n\n<figure class=\"wp-block-gallery has-nested-images columns-default is-cropped wp-block-gallery-1 is-layout-flex wp-block-gallery-is-layout-flex\">\n<figure class=\"wp-block-image size-large\"><img loading=\"lazy\" decoding=\"async\" width=\"886\" height=\"1253\" data-id=\"208914\" src=\"http:\/\/www.tucomarca.com\/wordpress\/segunda\/wp-content\/uploads\/2024\/01\/7AguasSANBLAS2024.jpg\" alt=\"\" class=\"wp-image-208914\" srcset=\"https:\/\/www.tucomarca.com\/wordpress\/segunda\/wp-content\/uploads\/2024\/01\/7AguasSANBLAS2024.jpg 886w, https:\/\/www.tucomarca.com\/wordpress\/segunda\/wp-content\/uploads\/2024\/01\/7AguasSANBLAS2024-212x300.jpg 212w, https:\/\/www.tucomarca.com\/wordpress\/segunda\/wp-content\/uploads\/2024\/01\/7AguasSANBLAS2024-724x1024.jpg 724w, https:\/\/www.tucomarca.com\/wordpress\/segunda\/wp-content\/uploads\/2024\/01\/7AguasSANBLAS2024-768x1086.jpg 768w\" sizes=\"auto, (max-width: 886px) 100vw, 886px\" \/><\/figure>\n\n\n\n<figure class=\"wp-block-image size-large\"><img loading=\"lazy\" decoding=\"async\" width=\"886\" height=\"1109\" data-id=\"208916\" src=\"http:\/\/www.tucomarca.com\/wordpress\/segunda\/wp-content\/uploads\/2024\/01\/7AguasToros.jpeg\" alt=\"\" class=\"wp-image-208916\" srcset=\"https:\/\/www.tucomarca.com\/wordpress\/segunda\/wp-content\/uploads\/2024\/01\/7AguasToros.jpeg 886w, https:\/\/www.tucomarca.com\/wordpress\/segunda\/wp-content\/uploads\/2024\/01\/7AguasToros-240x300.jpeg 240w, https:\/\/www.tucomarca.com\/wordpress\/segunda\/wp-content\/uploads\/2024\/01\/7AguasToros-818x1024.jpeg 818w, https:\/\/www.tucomarca.com\/wordpress\/segunda\/wp-content\/uploads\/2024\/01\/7AguasToros-768x961.jpeg 768w\" sizes=\"auto, (max-width: 886px) 100vw, 886px\" \/><\/figure>\n<\/figure>\n\n\n\n<p>El municipi de Setaig\u00fces celebra aquest cap de setmana les seues festes d&#8217;hivern en honor a Sant Blas amb els tradicionals actes religiosos del dissabte: la missa a les 11,00 h en honor al sant i la popular romeria a l&#8217;ermita. El diumenge, 4 de febrer, se celebrar\u00e0 la tradicional Festa de la Zorda amb concurs de disfresses i chocolat\u00e1, a les 18,00 h, en el Poliesportiu Municipal (les inscripcions al concurs es faran en el mateix lloc i dia).<\/p>\n\n\n\n<p><strong>Bous d&#8217;Hivern<br><\/strong>Dins dels actes festius d&#8217;hivern en la localitat tamb\u00e9 se celebraran els Bous d&#8217;Hivern, organitzats per la Comissi\u00f3 Taurina Setaig\u00fces en els quals els aficionats taurins podran gaudir de dos intensos dies de bous:<br>El divendres 2 de febrer, hi haur\u00e0 a partir de les 18,00 hores: 5 vaques, 1 bou en puntes i 1 bou embolado pel carrer Raval i carrer Ricardo Serrano, de la ramaderia M.A. M\u00ednguez.<br>El dissabte, 3 de febrer, a partir de les 13,00 hores s&#8217;han programat: 5 vaques pel carrer Raval i carrer Ricardo Serrano, de la ganaderia M.A Minguez. Ja a la vesprada, a les 18:00h: 5 vaques, 1 bou en puntes i 1 bou embolado pel carrer Raval i carrer Ricardo Serrano, de la ramaderia M.A. M\u00ednguez.<\/p>\n","protected":false},"excerpt":{"rendered":"<div class=\"mh-excerpt\">Setaig\u00fces gaudir\u00e0 aquest cap de setmana, 2, 3 i 4 de febrer de la festivitat de Sant Blas i dels Bous d&#8217;Hivern, uns actes aquests \u00faltims organitzats per la Comissi\u00f3 Taurina Setaig\u00fces amb la col\u00b7laboraci\u00f3 <a class=\"mh-excerpt-more\" href=\"https:\/\/www.tucomarca.com\/wordpress\/segunda\/ca\/setaigues-gaudira-aquest-cap-de-setmana-de-la-festivitat-de-sant-blas-i-dels-bous-dhivern\/\" title=\"Setaig\u00fces gaudir\u00e0 aquest cap de setmana de la festivitat de Sant Blas i dels Bous d&#8217;Hivern\">[+] <\/a><\/div>\n","protected":false},"author":12,"featured_media":208920,"comment_status":"open","ping_status":"open","sticky":false,"template":"","format":"standard","meta":{"footnotes":""},"categories":[11019,10894,10912,11007,10896,10979],"tags":[10914,18750,11157],"class_list":{"0":"post-208922","1":"post","2":"type-post","3":"status-publish","4":"format-standard","5":"has-post-thumbnail","7":"category-agenda-ca","8":"category-la-comarca-ca","9":"category-la-hoya-ca","10":"category-ocio-y-cultura-ca","11":"category-seccion-ca","12":"category-siete-aguas-ca","13":"tag-la-hoya-de-bunol-chiva-ca","14":"tag-san-blas-ca","15":"tag-siete-aguas-ca"},"_links":{"self":[{"href":"https:\/\/www.tucomarca.com\/wordpress\/segunda\/ca\/wp-json\/wp\/v2\/posts\/208922","targetHints":{"allow":["GET"]}}],"collection":[{"href":"https:\/\/www.tucomarca.com\/wordpress\/segunda\/ca\/wp-json\/wp\/v2\/posts"}],"about":[{"href":"https:\/\/www.tucomarca.com\/wordpress\/segunda\/ca\/wp-json\/wp\/v2\/types\/post"}],"author":[{"embeddable":true,"href":"https:\/\/www.tucomarca.com\/wordpress\/segunda\/ca\/wp-json\/wp\/v2\/users\/12"}],"replies":[{"embeddable":true,"href":"https:\/\/www.tucomarca.com\/wordpress\/segunda\/ca\/wp-json\/wp\/v2\/comments?post=208922"}],"version-history":[{"count":0,"href":"https:\/\/www.tucomarca.com\/wordpress\/segunda\/ca\/wp-json\/wp\/v2\/posts\/208922\/revisions"}],"wp:featuredmedia":[{"embeddable":true,"href":"https:\/\/www.tucomarca.com\/wordpress\/segunda\/ca\/wp-json\/wp\/v2\/media\/208920"}],"wp:attachment":[{"href":"https:\/\/www.tucomarca.com\/wordpress\/segunda\/ca\/wp-json\/wp\/v2\/media?parent=208922"}],"wp:term":[{"taxonomy":"category","embeddable":true,"href":"https:\/\/www.tucomarca.com\/wordpress\/segunda\/ca\/wp-json\/wp\/v2\/categories?post=208922"},{"taxonomy":"post_tag","embeddable":true,"href":"https:\/\/www.tucomarca.com\/wordpress\/segunda\/ca\/wp-json\/wp\/v2\/tags?post=208922"}],"curies":[{"name":"wp","href":"https:\/\/api.w.org\/{rel}","templated":true}]}}