{"id":209007,"date":"2024-01-30T08:45:00","date_gmt":"2024-01-30T07:45:00","guid":{"rendered":"https:\/\/www.tucomarca.com\/wordpress\/segunda\/?p=209007"},"modified":"2024-01-30T19:12:47","modified_gmt":"2024-01-30T18:12:47","slug":"fotogaleria-xest-clama-per-la-pau","status":"publish","type":"post","link":"https:\/\/www.tucomarca.com\/wordpress\/segunda\/ca\/fotogaleria-xest-clama-per-la-pau\/","title":{"rendered":"Fotogaler\u00eda: Xest clama per la Pau"},"content":{"rendered":"\n<p>Aquest mat\u00ed l&#8217;alumnat i professorat dels centres educatius de Xest s&#8217;ha reunit en la pla\u00e7a Doctor Cajal en un emotiu acte per La Paz organitzat juntament amb l&#8217;Ajuntament.<\/p>\n\n\n\n<p>La regidora d&#8217;Educaci\u00f3, M\u00aa \u00c1ngeles Llorente, ha introdu\u00eft l&#8217;acte reivindicant la fi de les guerres. \u201cCada any, el 30 de gener, se celebra el Dia escolar de la No Viol\u00e8ncia i de la Pau, i es commemora en aquesta data perqu\u00e8 en 1948 va ser assassinat Gandi, l\u00edder pacifista que va defensar la resist\u00e8ncia pac\u00edfica enfront de la injust\u00edcia i que va ser assassinat per defensar aquestes idees. Enguany tots els col\u00b7legis de Xest, juntament amb l&#8217;Ajuntament, decidim fer aquesta concentraci\u00f3 i la posterior marxa per a demanar que paren les guerres, totes les guerres, i per a defensar els drets de les xiquetes i xiquets innocents que estan morint a milers. Hui al\u00e7arem la veu en un c\u00e0ntic col\u00b7lectiu, que arribe al cel i que vaja volant pels n\u00favols, agitant les consci\u00e8ncies, demanant pau, sempre pau\u201d, manifestava la regidora. Despr\u00e9s d&#8217;ella, l&#8217;alumnat dels quatre centres educatius, juntament amb les seues directores, pujaven a l&#8217;escenari per a llegir els seus manifestos per la pau i soltar dos coloms. En els seus missatges han demanat amor, respecte a la diversitat i empatia per a una conviv\u00e8ncia pac\u00edfica, i han rebutjat qualsevol forma de viol\u00e8ncia.<\/p>\n\n\n\n<p>Despr\u00e9s de les lectures, tots i totes han cantat i ballat la can\u00e7\u00f3&nbsp;<em>Color esperan\u00e7a,&nbsp;<\/em>juntament amb els ve\u00efns i ve\u00efnes que s&#8217;han sumat a l&#8217;acte<em>,&nbsp;<\/em>i han realitzat una marxa pel centre urb\u00e0 amb pancartes i missatges pacifistes.<\/p>\n\n\n\n<figure class=\"wp-block-gallery has-nested-images columns-1 is-cropped wp-block-gallery-1 is-layout-flex wp-block-gallery-is-layout-flex\">\n<figure class=\"wp-block-image size-large\"><img loading=\"lazy\" decoding=\"async\" width=\"886\" height=\"591\" data-id=\"208990\" src=\"http:\/\/www.tucomarca.com\/wordpress\/segunda\/wp-content\/uploads\/2024\/01\/Cheste_DiaPaz03.jpg\" alt=\"\" class=\"wp-image-208990\" srcset=\"https:\/\/www.tucomarca.com\/wordpress\/segunda\/wp-content\/uploads\/2024\/01\/Cheste_DiaPaz03.jpg 886w, https:\/\/www.tucomarca.com\/wordpress\/segunda\/wp-content\/uploads\/2024\/01\/Cheste_DiaPaz03-300x200.jpg 300w, https:\/\/www.tucomarca.com\/wordpress\/segunda\/wp-content\/uploads\/2024\/01\/Cheste_DiaPaz03-768x512.jpg 768w\" sizes=\"auto, (max-width: 886px) 100vw, 886px\" \/><\/figure>\n\n\n\n<figure class=\"wp-block-image size-large\"><img loading=\"lazy\" decoding=\"async\" width=\"886\" height=\"591\" data-id=\"208986\" src=\"http:\/\/www.tucomarca.com\/wordpress\/segunda\/wp-content\/uploads\/2024\/01\/Cheste_DiaPaz01.jpg\" alt=\"\" class=\"wp-image-208986\" srcset=\"https:\/\/www.tucomarca.com\/wordpress\/segunda\/wp-content\/uploads\/2024\/01\/Cheste_DiaPaz01.jpg 886w, https:\/\/www.tucomarca.com\/wordpress\/segunda\/wp-content\/uploads\/2024\/01\/Cheste_DiaPaz01-300x200.jpg 300w, https:\/\/www.tucomarca.com\/wordpress\/segunda\/wp-content\/uploads\/2024\/01\/Cheste_DiaPaz01-768x512.jpg 768w\" sizes=\"auto, (max-width: 886px) 100vw, 886px\" \/><\/figure>\n\n\n\n<figure class=\"wp-block-image size-large\"><img loading=\"lazy\" decoding=\"async\" width=\"886\" height=\"591\" data-id=\"208992\" src=\"http:\/\/www.tucomarca.com\/wordpress\/segunda\/wp-content\/uploads\/2024\/01\/Cheste_DiaPaz04.jpg\" alt=\"\" class=\"wp-image-208992\" srcset=\"https:\/\/www.tucomarca.com\/wordpress\/segunda\/wp-content\/uploads\/2024\/01\/Cheste_DiaPaz04.jpg 886w, https:\/\/www.tucomarca.com\/wordpress\/segunda\/wp-content\/uploads\/2024\/01\/Cheste_DiaPaz04-300x200.jpg 300w, https:\/\/www.tucomarca.com\/wordpress\/segunda\/wp-content\/uploads\/2024\/01\/Cheste_DiaPaz04-768x512.jpg 768w\" sizes=\"auto, (max-width: 886px) 100vw, 886px\" \/><\/figure>\n\n\n\n<figure class=\"wp-block-image size-large\"><img loading=\"lazy\" decoding=\"async\" width=\"886\" height=\"591\" data-id=\"208994\" src=\"http:\/\/www.tucomarca.com\/wordpress\/segunda\/wp-content\/uploads\/2024\/01\/Cheste_DiaPaz05.jpg\" alt=\"\" class=\"wp-image-208994\" srcset=\"https:\/\/www.tucomarca.com\/wordpress\/segunda\/wp-content\/uploads\/2024\/01\/Cheste_DiaPaz05.jpg 886w, https:\/\/www.tucomarca.com\/wordpress\/segunda\/wp-content\/uploads\/2024\/01\/Cheste_DiaPaz05-300x200.jpg 300w, https:\/\/www.tucomarca.com\/wordpress\/segunda\/wp-content\/uploads\/2024\/01\/Cheste_DiaPaz05-768x512.jpg 768w\" sizes=\"auto, (max-width: 886px) 100vw, 886px\" \/><\/figure>\n\n\n\n<figure class=\"wp-block-image size-large\"><img loading=\"lazy\" decoding=\"async\" width=\"886\" height=\"591\" data-id=\"208996\" src=\"http:\/\/www.tucomarca.com\/wordpress\/segunda\/wp-content\/uploads\/2024\/01\/Cheste_DiaPaz06.jpg\" alt=\"\" class=\"wp-image-208996\" srcset=\"https:\/\/www.tucomarca.com\/wordpress\/segunda\/wp-content\/uploads\/2024\/01\/Cheste_DiaPaz06.jpg 886w, https:\/\/www.tucomarca.com\/wordpress\/segunda\/wp-content\/uploads\/2024\/01\/Cheste_DiaPaz06-300x200.jpg 300w, https:\/\/www.tucomarca.com\/wordpress\/segunda\/wp-content\/uploads\/2024\/01\/Cheste_DiaPaz06-768x512.jpg 768w\" sizes=\"auto, (max-width: 886px) 100vw, 886px\" \/><\/figure>\n\n\n\n<figure class=\"wp-block-image size-large\"><img loading=\"lazy\" decoding=\"async\" width=\"886\" height=\"591\" data-id=\"209000\" src=\"http:\/\/www.tucomarca.com\/wordpress\/segunda\/wp-content\/uploads\/2024\/01\/Cheste_DiaPaz08.jpg\" alt=\"\" class=\"wp-image-209000\" srcset=\"https:\/\/www.tucomarca.com\/wordpress\/segunda\/wp-content\/uploads\/2024\/01\/Cheste_DiaPaz08.jpg 886w, https:\/\/www.tucomarca.com\/wordpress\/segunda\/wp-content\/uploads\/2024\/01\/Cheste_DiaPaz08-300x200.jpg 300w, https:\/\/www.tucomarca.com\/wordpress\/segunda\/wp-content\/uploads\/2024\/01\/Cheste_DiaPaz08-768x512.jpg 768w\" sizes=\"auto, (max-width: 886px) 100vw, 886px\" \/><\/figure>\n\n\n\n<figure class=\"wp-block-image size-large\"><img loading=\"lazy\" decoding=\"async\" width=\"886\" height=\"591\" data-id=\"208998\" src=\"http:\/\/www.tucomarca.com\/wordpress\/segunda\/wp-content\/uploads\/2024\/01\/Cheste_DiaPaz07.jpg\" alt=\"\" class=\"wp-image-208998\" srcset=\"https:\/\/www.tucomarca.com\/wordpress\/segunda\/wp-content\/uploads\/2024\/01\/Cheste_DiaPaz07.jpg 886w, https:\/\/www.tucomarca.com\/wordpress\/segunda\/wp-content\/uploads\/2024\/01\/Cheste_DiaPaz07-300x200.jpg 300w, https:\/\/www.tucomarca.com\/wordpress\/segunda\/wp-content\/uploads\/2024\/01\/Cheste_DiaPaz07-768x512.jpg 768w\" sizes=\"auto, (max-width: 886px) 100vw, 886px\" \/><\/figure>\n<\/figure>\n","protected":false},"excerpt":{"rendered":"<div class=\"mh-excerpt\">Aquest mat\u00ed l&#8217;alumnat i professorat dels centres educatius de Xest s&#8217;ha reunit en la pla\u00e7a Doctor Cajal en un emotiu acte per La Paz organitzat juntament amb l&#8217;Ajuntament. La regidora d&#8217;Educaci\u00f3, M\u00aa \u00c1ngeles Llorente, ha <a class=\"mh-excerpt-more\" href=\"https:\/\/www.tucomarca.com\/wordpress\/segunda\/ca\/fotogaleria-xest-clama-per-la-pau\/\" title=\"Fotogaler\u00eda: Xest clama per la Pau\">[+] <\/a><\/div>\n","protected":false},"author":12,"featured_media":208989,"comment_status":"open","ping_status":"open","sticky":false,"template":"","format":"gallery","meta":{"footnotes":""},"categories":[10894,10912,11007,10896,10974],"tags":[11071,20163,10914],"class_list":{"0":"post-209007","1":"post","2":"type-post","3":"status-publish","4":"format-gallery","5":"has-post-thumbnail","7":"category-la-comarca-ca","8":"category-la-hoya-ca","9":"category-ocio-y-cultura-ca","10":"category-seccion-ca","11":"category-cheste-ca","12":"tag-cheste","13":"tag-dia-de-la-paz-ca","14":"tag-la-hoya-de-bunol-chiva-ca","15":"post_format-post-format-gallery"},"_links":{"self":[{"href":"https:\/\/www.tucomarca.com\/wordpress\/segunda\/ca\/wp-json\/wp\/v2\/posts\/209007","targetHints":{"allow":["GET"]}}],"collection":[{"href":"https:\/\/www.tucomarca.com\/wordpress\/segunda\/ca\/wp-json\/wp\/v2\/posts"}],"about":[{"href":"https:\/\/www.tucomarca.com\/wordpress\/segunda\/ca\/wp-json\/wp\/v2\/types\/post"}],"author":[{"embeddable":true,"href":"https:\/\/www.tucomarca.com\/wordpress\/segunda\/ca\/wp-json\/wp\/v2\/users\/12"}],"replies":[{"embeddable":true,"href":"https:\/\/www.tucomarca.com\/wordpress\/segunda\/ca\/wp-json\/wp\/v2\/comments?post=209007"}],"version-history":[{"count":0,"href":"https:\/\/www.tucomarca.com\/wordpress\/segunda\/ca\/wp-json\/wp\/v2\/posts\/209007\/revisions"}],"wp:featuredmedia":[{"embeddable":true,"href":"https:\/\/www.tucomarca.com\/wordpress\/segunda\/ca\/wp-json\/wp\/v2\/media\/208989"}],"wp:attachment":[{"href":"https:\/\/www.tucomarca.com\/wordpress\/segunda\/ca\/wp-json\/wp\/v2\/media?parent=209007"}],"wp:term":[{"taxonomy":"category","embeddable":true,"href":"https:\/\/www.tucomarca.com\/wordpress\/segunda\/ca\/wp-json\/wp\/v2\/categories?post=209007"},{"taxonomy":"post_tag","embeddable":true,"href":"https:\/\/www.tucomarca.com\/wordpress\/segunda\/ca\/wp-json\/wp\/v2\/tags?post=209007"}],"curies":[{"name":"wp","href":"https:\/\/api.w.org\/{rel}","templated":true}]}}