{"id":209100,"date":"2024-01-31T13:15:00","date_gmt":"2024-01-31T12:15:00","guid":{"rendered":"https:\/\/www.tucomarca.com\/wordpress\/segunda\/?p=209100"},"modified":"2024-01-31T14:13:17","modified_gmt":"2024-01-31T13:13:17","slug":"neomusica-inaugura-unes-noves-installacions-a-lliria-ciutat-de-la-musica","status":"publish","type":"post","link":"https:\/\/www.tucomarca.com\/wordpress\/segunda\/ca\/neomusica-inaugura-unes-noves-installacions-a-lliria-ciutat-de-la-musica\/","title":{"rendered":"NEOm\u00fasica inaugura unes noves instal\u00b7lacions a Ll\u00edria, ciutat de la m\u00fasica"},"content":{"rendered":"\n<figure class=\"wp-block-gallery has-nested-images columns-default is-cropped wp-block-gallery-1 is-layout-flex wp-block-gallery-is-layout-flex\">\n<figure class=\"wp-block-image size-large\"><img loading=\"lazy\" decoding=\"async\" width=\"2048\" height=\"1536\" data-id=\"209097\" src=\"http:\/\/www.tucomarca.com\/wordpress\/segunda\/wp-content\/uploads\/2024\/01\/NeomusicaLLiria4.jpg\" alt=\"\" class=\"wp-image-209097\" srcset=\"https:\/\/www.tucomarca.com\/wordpress\/segunda\/wp-content\/uploads\/2024\/01\/NeomusicaLLiria4.jpg 2048w, https:\/\/www.tucomarca.com\/wordpress\/segunda\/wp-content\/uploads\/2024\/01\/NeomusicaLLiria4-300x225.jpg 300w, https:\/\/www.tucomarca.com\/wordpress\/segunda\/wp-content\/uploads\/2024\/01\/NeomusicaLLiria4-1024x768.jpg 1024w, https:\/\/www.tucomarca.com\/wordpress\/segunda\/wp-content\/uploads\/2024\/01\/NeomusicaLLiria4-768x576.jpg 768w, https:\/\/www.tucomarca.com\/wordpress\/segunda\/wp-content\/uploads\/2024\/01\/NeomusicaLLiria4-1536x1152.jpg 1536w, https:\/\/www.tucomarca.com\/wordpress\/segunda\/wp-content\/uploads\/2024\/01\/NeomusicaLLiria4-678x509.jpg 678w, https:\/\/www.tucomarca.com\/wordpress\/segunda\/wp-content\/uploads\/2024\/01\/NeomusicaLLiria4-326x245.jpg 326w, https:\/\/www.tucomarca.com\/wordpress\/segunda\/wp-content\/uploads\/2024\/01\/NeomusicaLLiria4-80x60.jpg 80w\" sizes=\"auto, (max-width: 2048px) 100vw, 2048px\" \/><\/figure>\n\n\n\n<figure class=\"wp-block-image size-large\"><img loading=\"lazy\" decoding=\"async\" width=\"1990\" height=\"1493\" data-id=\"209095\" src=\"http:\/\/www.tucomarca.com\/wordpress\/segunda\/wp-content\/uploads\/2024\/01\/NeomusicaLLiria2.jpg\" alt=\"\" class=\"wp-image-209095\" srcset=\"https:\/\/www.tucomarca.com\/wordpress\/segunda\/wp-content\/uploads\/2024\/01\/NeomusicaLLiria2.jpg 1990w, https:\/\/www.tucomarca.com\/wordpress\/segunda\/wp-content\/uploads\/2024\/01\/NeomusicaLLiria2-300x225.jpg 300w, https:\/\/www.tucomarca.com\/wordpress\/segunda\/wp-content\/uploads\/2024\/01\/NeomusicaLLiria2-1024x768.jpg 1024w, https:\/\/www.tucomarca.com\/wordpress\/segunda\/wp-content\/uploads\/2024\/01\/NeomusicaLLiria2-768x576.jpg 768w, https:\/\/www.tucomarca.com\/wordpress\/segunda\/wp-content\/uploads\/2024\/01\/NeomusicaLLiria2-1536x1152.jpg 1536w, https:\/\/www.tucomarca.com\/wordpress\/segunda\/wp-content\/uploads\/2024\/01\/NeomusicaLLiria2-678x509.jpg 678w, https:\/\/www.tucomarca.com\/wordpress\/segunda\/wp-content\/uploads\/2024\/01\/NeomusicaLLiria2-326x245.jpg 326w, https:\/\/www.tucomarca.com\/wordpress\/segunda\/wp-content\/uploads\/2024\/01\/NeomusicaLLiria2-80x60.jpg 80w\" sizes=\"auto, (max-width: 1990px) 100vw, 1990px\" \/><\/figure>\n<\/figure>\n\n\n\n<p>L&#8217;empresa valenciana NEOm\u00fasica inaugurar\u00e0 aquest pr\u00f2xim divendres, 2 de febrer, les noves instal\u00b7lacions a la ciutat edetana. Segons han declarat des de la pr\u00f2pia ger\u00e8ncia, \u201caquesta obertura suposa un pas ferm en l&#8217;expansi\u00f3 de l&#8217;empresa, apostant per una ciutat tan estrat\u00e8gica, musical i geogr\u00e0ficament, com \u00e9s Ll\u00edria\u201d.<\/p>\n\n\n\n<p>NEOm\u00fasica \u00e9s una de les empreses l\u00edders en el sector de la venda i reparaci\u00f3 d&#8217;instruments musicals, que ha consolidat la seua posici\u00f3 en el mercat principalment per dos aspectes fonamentals: d&#8217;una banda, la creaci\u00f3 d&#8217;un equip hum\u00e0 professional de la m\u00fasica i, per un altre, disposar d&#8217;un estoc permanent de les principals marques d&#8217;instruments del mercat. \u201cUn m\u00fasic necessita veure, provar i decidir quin ser\u00e0 el company idoni per al seu dia a dia\u201d, como han destacat des de l&#8217;empresa.<\/p>\n\n\n\n<p>Una altra de les fortaleses que mostra l&#8217;empresa NEOm\u00fasica \u00e9s la satisfacci\u00f3 mostrada pels clients, com es pot apreciar en les ressenyes de Google. Davant aquesta evid\u00e8ncia, des de la pr\u00f2pia empresa assenyalen \u201c\u00e9s la nostra m\u00e0xima ocupaci\u00f3, que l&#8217;experi\u00e8ncia del client siga la millor possible, acompanyant-lo abans, durant i despr\u00e9s de la compra\u201d.&nbsp;<\/p>\n\n\n\n<p>La inauguraci\u00f3, que tindr\u00e0 lloc a les 20,00 hores, comptar\u00e0 amb l&#8217;assist\u00e8ncia dels principals representants musicals tant de la ciutat com de la comarca.<\/p>\n\n\n\n<p>Les noves instal\u00b7lacions de NEOm\u00fasica estan situades al carrer Sant Vicent de Paul, n\u00famero 7, de la ciutat de Ll\u00edria, encara que l&#8217;empresa ja compta amb dues instal\u00b7lacions m\u00e9s: una en l&#8217;Avinguda Blasco Ib\u00e1\u00f1ez, n\u00famero 20, de Bunyol; i una altra en l&#8217;Avinguda de Balears, n\u00famero 73, de Val\u00e8ncia.<\/p>\n\n\n\n<figure class=\"wp-block-gallery has-nested-images columns-default is-cropped wp-block-gallery-2 is-layout-flex wp-block-gallery-is-layout-flex\">\n<figure class=\"wp-block-image size-large\"><img loading=\"lazy\" decoding=\"async\" width=\"1800\" height=\"1200\" data-id=\"209108\" src=\"http:\/\/www.tucomarca.com\/wordpress\/segunda\/wp-content\/uploads\/2024\/01\/NeoBunol.jpg\" alt=\"\" class=\"wp-image-209108\" srcset=\"https:\/\/www.tucomarca.com\/wordpress\/segunda\/wp-content\/uploads\/2024\/01\/NeoBunol.jpg 1800w, https:\/\/www.tucomarca.com\/wordpress\/segunda\/wp-content\/uploads\/2024\/01\/NeoBunol-300x200.jpg 300w, https:\/\/www.tucomarca.com\/wordpress\/segunda\/wp-content\/uploads\/2024\/01\/NeoBunol-1024x683.jpg 1024w, https:\/\/www.tucomarca.com\/wordpress\/segunda\/wp-content\/uploads\/2024\/01\/NeoBunol-768x512.jpg 768w, https:\/\/www.tucomarca.com\/wordpress\/segunda\/wp-content\/uploads\/2024\/01\/NeoBunol-1536x1024.jpg 1536w\" sizes=\"auto, (max-width: 1800px) 100vw, 1800px\" \/><\/figure>\n\n\n\n<figure class=\"wp-block-image size-large\"><img loading=\"lazy\" decoding=\"async\" width=\"1024\" height=\"768\" data-id=\"209110\" src=\"http:\/\/www.tucomarca.com\/wordpress\/segunda\/wp-content\/uploads\/2024\/01\/NeoValencia.jpg\" alt=\"\" class=\"wp-image-209110\" srcset=\"https:\/\/www.tucomarca.com\/wordpress\/segunda\/wp-content\/uploads\/2024\/01\/NeoValencia.jpg 1024w, https:\/\/www.tucomarca.com\/wordpress\/segunda\/wp-content\/uploads\/2024\/01\/NeoValencia-300x225.jpg 300w, https:\/\/www.tucomarca.com\/wordpress\/segunda\/wp-content\/uploads\/2024\/01\/NeoValencia-768x576.jpg 768w, https:\/\/www.tucomarca.com\/wordpress\/segunda\/wp-content\/uploads\/2024\/01\/NeoValencia-678x509.jpg 678w, https:\/\/www.tucomarca.com\/wordpress\/segunda\/wp-content\/uploads\/2024\/01\/NeoValencia-326x245.jpg 326w, https:\/\/www.tucomarca.com\/wordpress\/segunda\/wp-content\/uploads\/2024\/01\/NeoValencia-80x60.jpg 80w\" sizes=\"auto, (max-width: 1024px) 100vw, 1024px\" \/><\/figure>\n<\/figure>\n","protected":false},"excerpt":{"rendered":"<div class=\"mh-excerpt\">L&#8217;empresa valenciana NEOm\u00fasica inaugurar\u00e0 aquest pr\u00f2xim divendres, 2 de febrer, les noves instal\u00b7lacions a la ciutat edetana. Segons han declarat des de la pr\u00f2pia ger\u00e8ncia, \u201caquesta obertura suposa un pas ferm en l&#8217;expansi\u00f3 de l&#8217;empresa, <a class=\"mh-excerpt-more\" href=\"https:\/\/www.tucomarca.com\/wordpress\/segunda\/ca\/neomusica-inaugura-unes-noves-installacions-a-lliria-ciutat-de-la-musica\/\" title=\"NEOm\u00fasica inaugura unes noves instal\u00b7lacions a Ll\u00edria, ciutat de la m\u00fasica\">[+] <\/a><\/div>\n","protected":false},"author":12,"featured_media":209094,"comment_status":"open","ping_status":"open","sticky":false,"template":"","format":"gallery","meta":{"footnotes":""},"categories":[10911,10892,11005,11046,10894,10904,10912,10928,11007,10896],"tags":[10899,11070,11080,14522,20167],"class_list":{"0":"post-209100","1":"post","2":"type-post","3":"status-publish","4":"format-gallery","5":"has-post-thumbnail","7":"category-bunol-ca","8":"category-camp-de-turia-ca","9":"category-canal-musica","10":"category-los-serranos-ca","11":"category-la-comarca-ca","12":"category-sin-categorizar-ca","13":"category-la-hoya-ca","14":"category-lliria-ca","15":"category-ocio-y-cultura-ca","16":"category-seccion-ca","17":"tag-camp-de-turia-ca","18":"tag-lliria-ca","19":"tag-los-serranos-ca","20":"tag-neomusica-2-ca","21":"tag-nuevas-instalaciones-ca","22":"post_format-post-format-gallery"},"_links":{"self":[{"href":"https:\/\/www.tucomarca.com\/wordpress\/segunda\/ca\/wp-json\/wp\/v2\/posts\/209100","targetHints":{"allow":["GET"]}}],"collection":[{"href":"https:\/\/www.tucomarca.com\/wordpress\/segunda\/ca\/wp-json\/wp\/v2\/posts"}],"about":[{"href":"https:\/\/www.tucomarca.com\/wordpress\/segunda\/ca\/wp-json\/wp\/v2\/types\/post"}],"author":[{"embeddable":true,"href":"https:\/\/www.tucomarca.com\/wordpress\/segunda\/ca\/wp-json\/wp\/v2\/users\/12"}],"replies":[{"embeddable":true,"href":"https:\/\/www.tucomarca.com\/wordpress\/segunda\/ca\/wp-json\/wp\/v2\/comments?post=209100"}],"version-history":[{"count":0,"href":"https:\/\/www.tucomarca.com\/wordpress\/segunda\/ca\/wp-json\/wp\/v2\/posts\/209100\/revisions"}],"wp:featuredmedia":[{"embeddable":true,"href":"https:\/\/www.tucomarca.com\/wordpress\/segunda\/ca\/wp-json\/wp\/v2\/media\/209094"}],"wp:attachment":[{"href":"https:\/\/www.tucomarca.com\/wordpress\/segunda\/ca\/wp-json\/wp\/v2\/media?parent=209100"}],"wp:term":[{"taxonomy":"category","embeddable":true,"href":"https:\/\/www.tucomarca.com\/wordpress\/segunda\/ca\/wp-json\/wp\/v2\/categories?post=209100"},{"taxonomy":"post_tag","embeddable":true,"href":"https:\/\/www.tucomarca.com\/wordpress\/segunda\/ca\/wp-json\/wp\/v2\/tags?post=209100"}],"curies":[{"name":"wp","href":"https:\/\/api.w.org\/{rel}","templated":true}]}}