{"id":209348,"date":"2024-02-01T18:00:00","date_gmt":"2024-02-01T17:00:00","guid":{"rendered":"https:\/\/www.tucomarca.com\/wordpress\/segunda\/?p=209348"},"modified":"2024-02-01T19:32:59","modified_gmt":"2024-02-01T18:32:59","slug":"la-conselleria-de-justicia-e-interior-elige-chiva-para-presentar-sus-32-nuevas-unidades-moviles-de-prevencion-de-incendios","status":"publish","type":"post","link":"https:\/\/www.tucomarca.com\/wordpress\/segunda\/ca\/la-conselleria-de-justicia-e-interior-elige-chiva-para-presentar-sus-32-nuevas-unidades-moviles-de-prevencion-de-incendios\/","title":{"rendered":"La Conselleria de Just\u00edcia i Interior tria Xiva per a presentar les seues 32 noves unitats m\u00f2bils de prevenci\u00f3 d&#8217;incendis"},"content":{"rendered":"\n<h3 class=\"wp-block-heading\"><strong><strong>Estos vehicles s&#8217;encarreguen de la vigil\u00e0ncia i detecci\u00f3 d&#8217;incendis, fums o qualsevol risc potencial per al terreny forestal<\/strong><\/strong>.<\/h3>\n\n\n\n<h3 class=\"wp-block-heading\"><strong><strong>La prestaci\u00f3 del Servici de Vigil\u00e0ncia Preventiva contra el Risc d&#8217;Incendis Forestals t\u00e9 com a principal objectiu reduir el nombre d&#8217;incendis forestals i minimitzar la superf\u00edcie afectada.<\/strong><\/strong><\/h3>\n\n\n\n<p>La Conselleria de Just\u00edcia i Interior, a trav\u00e9s de la Direcci\u00f3 General de Prevenci\u00f3 d&#8217;Incendis Forestals, incorpora a partir d&#8217;este dijous 32 noves unitats m\u00f2bils de prevenci\u00f3 d&#8217;incendis a la Comunitat Valenciana. Esta actuaci\u00f3 s&#8217;emmarca en la comanda de gesti\u00f3 a l&#8217;empresa p\u00fablica Vaersa per a la prestaci\u00f3 del Servici de Vigil\u00e0ncia Preventiva contra el Risc d&#8217;Incendis Forestals.<\/p>\n\n\n\n<p>La consellera de Just\u00edcia i Interior, Elisa N\u00fa\u00f1ez, acompanyada per l&#8217;alcaldessa de Xiva, Amparo Fort, el secretari auton\u00f2mic de Seguretat i Emerg\u00e8ncies, Javier Montero; el director general de Prevenci\u00f3 d&#8217;Incendis Forestals, Francisco Aparisi, i el director general de Vaersa,&nbsp;Jos\u00e9 Alberto Comos, han assistit a Chiva a l&#8217;acte de lliurament de 18 d&#8217;estes 32 unitats, les corresponents a la prov\u00edncia de Val\u00e8ncia. Es tracta de 14 vehicles Suzuky Jimny; 3 vehicles Land Rover Freelander i 1 vehicle Toyota&nbsp;<em>(pick-up&nbsp;<\/em>amb motobomba). A Castell\u00f3 s&#8217;han incorporat 6 unitats i a Alacant 8.<\/p>\n\n\n\n<figure class=\"wp-block-image size-large\"><img loading=\"lazy\" decoding=\"async\" width=\"1024\" height=\"690\" src=\"http:\/\/www.tucomarca.com\/wordpress\/segunda\/wp-content\/uploads\/2024\/02\/ChivaJusticia00-1024x690.jpg\" alt=\"\" class=\"wp-image-209351\" srcset=\"https:\/\/www.tucomarca.com\/wordpress\/segunda\/wp-content\/uploads\/2024\/02\/ChivaJusticia00-1024x690.jpg 1024w, https:\/\/www.tucomarca.com\/wordpress\/segunda\/wp-content\/uploads\/2024\/02\/ChivaJusticia00-300x202.jpg 300w, https:\/\/www.tucomarca.com\/wordpress\/segunda\/wp-content\/uploads\/2024\/02\/ChivaJusticia00-768x517.jpg 768w, https:\/\/www.tucomarca.com\/wordpress\/segunda\/wp-content\/uploads\/2024\/02\/ChivaJusticia00.jpg 1378w\" sizes=\"auto, (max-width: 1024px) 100vw, 1024px\" \/><\/figure>\n\n\n\n<p>L&#8217;acte de lliurament de vehicles ha tingut lloc en les instal\u00b7lacions de Vaersa a Xiva, lloc on est\u00e0 situada la central dels agents mediambientals, i ha posat, una vegada m\u00e9s de manifest, la bona sintonia existent amb l&#8217;administraci\u00f3 auton\u00f2mica. Recordar que tan sols en unes setmanes, Xiva ser\u00e0 protagonista de la Jornada de Portes Obertes del 112, una exposici\u00f3 que es converteix en un aparador dels serveis i professionals d&#8217;emerg\u00e8ncies.<\/p>\n\n\n\n<p>Els components de les 18 unitats de Val\u00e8ncia han rebut el vehicle corresponent juntament amb el material de treball necessari per a desenvolupar la seua activitat que consistix, principalment, en la vigil\u00e0ncia i detecci\u00f3 d&#8217;incendis, fums o qualsevol risc potencial per al terreny forestal. A m\u00e9s, s&#8217;encarreguen d&#8217;activar alarmes; informar sobre el risc d&#8217;incendis, la normativa, la utilitzaci\u00f3 del foc o el control de les cremes autoritzades.<\/p>\n\n\n\n<figure class=\"wp-block-image size-large\"><img loading=\"lazy\" decoding=\"async\" width=\"1024\" height=\"478\" src=\"http:\/\/www.tucomarca.com\/wordpress\/segunda\/wp-content\/uploads\/2024\/02\/JusticiaChiva12-1024x478.jpg\" alt=\"\" class=\"wp-image-209349\" srcset=\"https:\/\/www.tucomarca.com\/wordpress\/segunda\/wp-content\/uploads\/2024\/02\/JusticiaChiva12-1024x478.jpg 1024w, https:\/\/www.tucomarca.com\/wordpress\/segunda\/wp-content\/uploads\/2024\/02\/JusticiaChiva12-300x140.jpg 300w, https:\/\/www.tucomarca.com\/wordpress\/segunda\/wp-content\/uploads\/2024\/02\/JusticiaChiva12-768x359.jpg 768w, https:\/\/www.tucomarca.com\/wordpress\/segunda\/wp-content\/uploads\/2024\/02\/JusticiaChiva12-1536x717.jpg 1536w, https:\/\/www.tucomarca.com\/wordpress\/segunda\/wp-content\/uploads\/2024\/02\/JusticiaChiva12.jpg 2000w\" sizes=\"auto, (max-width: 1024px) 100vw, 1024px\" \/><\/figure>\n\n\n\n<p><strong><strong>Reduir incendis i superf\u00edcie afectada<\/strong><\/strong><\/p>\n\n\n\n<p>La prestaci\u00f3 del Servici de Vigil\u00e0ncia Preventiva contra el Risc d&#8217;Incendis Forestals encomanada a Vaersa t\u00e9 com a principal objectiu reduir el nombre d&#8217;incendis forestals i minimitzar la superf\u00edcie afectada.<\/p>\n\n\n\n<p>Per a dur a terme este objectiu s&#8217;articulen diverses l\u00ednies d&#8217;actuaci\u00f3 que inclouen la informaci\u00f3 al ciutad\u00e0 i a la mateixa administraci\u00f3 de la normativa vigent i les condicions a cada moment, segons el risc d&#8217;incendi existent per a una zona i un temps determinat; la detecci\u00f3 dels incendis forestals com m\u00e9s prompte millor; i el suport als mitjans d&#8217;extinci\u00f3 conforme als protocols existents.<\/p>\n\n\n\n<p>Quant als tipus b\u00e0sics de recursos que s&#8217;inclouen dins del servici es troben, a m\u00e9s de les unitats m\u00f2bils de prevenci\u00f3; equip de coordinaci\u00f3 i estructura; observatoris forestals; unitat d&#8217;an\u00e0lisi i prevenci\u00f3 d&#8217;incendis forestals; equip de formaci\u00f3; el sistema integrat de gesti\u00f3 d&#8217;incendis forestals (SIGIF); les centrals de prevenci\u00f3 d&#8217;incendis forestals (CPIF) i l&#8217;equip de suport t\u00e8cnic.<\/p>\n\n\n\n<figure class=\"wp-block-image size-large\"><img loading=\"lazy\" decoding=\"async\" width=\"1024\" height=\"768\" src=\"http:\/\/www.tucomarca.com\/wordpress\/segunda\/wp-content\/uploads\/2024\/02\/JusticiaChiva2-1024x768.jpeg\" alt=\"\" class=\"wp-image-209342\" srcset=\"https:\/\/www.tucomarca.com\/wordpress\/segunda\/wp-content\/uploads\/2024\/02\/JusticiaChiva2-1024x768.jpeg 1024w, https:\/\/www.tucomarca.com\/wordpress\/segunda\/wp-content\/uploads\/2024\/02\/JusticiaChiva2-300x225.jpeg 300w, https:\/\/www.tucomarca.com\/wordpress\/segunda\/wp-content\/uploads\/2024\/02\/JusticiaChiva2-768x576.jpeg 768w, https:\/\/www.tucomarca.com\/wordpress\/segunda\/wp-content\/uploads\/2024\/02\/JusticiaChiva2-1536x1152.jpeg 1536w, https:\/\/www.tucomarca.com\/wordpress\/segunda\/wp-content\/uploads\/2024\/02\/JusticiaChiva2-678x509.jpeg 678w, https:\/\/www.tucomarca.com\/wordpress\/segunda\/wp-content\/uploads\/2024\/02\/JusticiaChiva2-326x245.jpeg 326w, https:\/\/www.tucomarca.com\/wordpress\/segunda\/wp-content\/uploads\/2024\/02\/JusticiaChiva2-80x60.jpeg 80w, https:\/\/www.tucomarca.com\/wordpress\/segunda\/wp-content\/uploads\/2024\/02\/JusticiaChiva2.jpeg 2048w\" sizes=\"auto, (max-width: 1024px) 100vw, 1024px\" \/><\/figure>\n","protected":false},"excerpt":{"rendered":"<div class=\"mh-excerpt\">Estos vehicles s&#8217;encarreguen de la vigil\u00e0ncia i detecci\u00f3 d&#8217;incendis, fums o qualsevol risc potencial per al terreny forestal. La prestaci\u00f3 del Servici de Vigil\u00e0ncia Preventiva contra el Risc d&#8217;Incendis Forestals t\u00e9 com a principal objectiu <a class=\"mh-excerpt-more\" href=\"https:\/\/www.tucomarca.com\/wordpress\/segunda\/ca\/la-conselleria-de-justicia-e-interior-elige-chiva-para-presentar-sus-32-nuevas-unidades-moviles-de-prevencion-de-incendios\/\" title=\"La Conselleria de Just\u00edcia i Interior tria Xiva per a presentar les seues 32 noves unitats m\u00f2bils de prevenci\u00f3 d&#8217;incendis\">[+] <\/a><\/div>\n","protected":false},"author":1,"featured_media":209345,"comment_status":"open","ping_status":"open","sticky":false,"template":"","format":"gallery","meta":{"footnotes":""},"categories":[10898,10948,10894,10904,10912,10947,10896,10897,10975],"tags":[11195,20053,10914],"class_list":{"0":"post-209348","1":"post","2":"type-post","3":"status-publish","4":"format-gallery","5":"has-post-thumbnail","7":"category-ventana-ca","8":"category-infraestructuras-ca","9":"category-la-comarca-ca","10":"category-sin-categorizar-ca","11":"category-la-hoya-ca","12":"category-politica","13":"category-seccion-ca","14":"category-sucesos-la-comarca-ca","15":"category-chiva-ca","16":"tag-chiva-ca","17":"tag-justicia-ca","18":"tag-la-hoya-de-bunol-chiva-ca","19":"post_format-post-format-gallery"},"_links":{"self":[{"href":"https:\/\/www.tucomarca.com\/wordpress\/segunda\/ca\/wp-json\/wp\/v2\/posts\/209348","targetHints":{"allow":["GET"]}}],"collection":[{"href":"https:\/\/www.tucomarca.com\/wordpress\/segunda\/ca\/wp-json\/wp\/v2\/posts"}],"about":[{"href":"https:\/\/www.tucomarca.com\/wordpress\/segunda\/ca\/wp-json\/wp\/v2\/types\/post"}],"author":[{"embeddable":true,"href":"https:\/\/www.tucomarca.com\/wordpress\/segunda\/ca\/wp-json\/wp\/v2\/users\/1"}],"replies":[{"embeddable":true,"href":"https:\/\/www.tucomarca.com\/wordpress\/segunda\/ca\/wp-json\/wp\/v2\/comments?post=209348"}],"version-history":[{"count":0,"href":"https:\/\/www.tucomarca.com\/wordpress\/segunda\/ca\/wp-json\/wp\/v2\/posts\/209348\/revisions"}],"wp:featuredmedia":[{"embeddable":true,"href":"https:\/\/www.tucomarca.com\/wordpress\/segunda\/ca\/wp-json\/wp\/v2\/media\/209345"}],"wp:attachment":[{"href":"https:\/\/www.tucomarca.com\/wordpress\/segunda\/ca\/wp-json\/wp\/v2\/media?parent=209348"}],"wp:term":[{"taxonomy":"category","embeddable":true,"href":"https:\/\/www.tucomarca.com\/wordpress\/segunda\/ca\/wp-json\/wp\/v2\/categories?post=209348"},{"taxonomy":"post_tag","embeddable":true,"href":"https:\/\/www.tucomarca.com\/wordpress\/segunda\/ca\/wp-json\/wp\/v2\/tags?post=209348"}],"curies":[{"name":"wp","href":"https:\/\/api.w.org\/{rel}","templated":true}]}}