{"id":209376,"date":"2024-02-01T17:35:00","date_gmt":"2024-02-01T16:35:00","guid":{"rendered":"https:\/\/www.tucomarca.com\/wordpress\/segunda\/?p=209376"},"modified":"2024-02-01T20:32:13","modified_gmt":"2024-02-01T19:32:13","slug":"el-ple-de-xest-aprova-per-unanimitat-lii-pla-digualtat-municipal-i-la-proposta-de-condecoracions-policials","status":"publish","type":"post","link":"https:\/\/www.tucomarca.com\/wordpress\/segunda\/ca\/el-ple-de-xest-aprova-per-unanimitat-lii-pla-digualtat-municipal-i-la-proposta-de-condecoracions-policials\/","title":{"rendered":"El Ple de Xest aprova per unanimitat l&#8217;II Pla d&#8217;Igualtat municipal i la proposta de condecoracions policials"},"content":{"rendered":"\n<p>Este dimecres, 31 de gener, es va celebrar una sessi\u00f3 ordin\u00e0ria del Ple en la qual es va aprovar per unanimitat l&#8217;II Pla d&#8217;Igualtat municipal i la proposta de concessi\u00f3 de la Creu al M\u00e8rit Policial a dos agents de la Policia Local.<\/p>\n\n\n\n<p><strong>II Pla d&#8217;Igualtat municipal\u00a0<br><\/strong>La regidora d&#8217;Igualtat, Brenda Jim\u00e9nez, va presentar aquest punt explicant el contingut del Pla, destacant que, per a la seua elaboraci\u00f3, l&#8217;empresa encarregada havia realitzat un primer diagn\u00f2stic i, amb les dades recaptades, un conseg\u00fcent pla d&#8217;acci\u00f3 amb 42 punts concrets. Tant el grup Popular com Esquerra Unida van manifestar la seua voluntat de participar en el proc\u00e9s, per la qual cosa Jim\u00e9nez es va comprometre a crear una comissi\u00f3 per a revisar i millorar el pla conjuntament.<\/p>\n\n\n\n<p><strong>M\u00e8rit policial<br><\/strong>El regidor de Seguretat, \u00d3scar Gald\u00f3n, va ser l&#8217;encarregat de presentar la proposta per a la concessi\u00f3 de la Creu al M\u00e8rit Policial amb distintiu blau per als agents Javier L\u00f3pez Gil i Guillermo Caprani de Diego, per una actuaci\u00f3 en la qual van dur a terme una reanimaci\u00f3 cardiopulmonar a un ve\u00ed esva\u00eft en el s\u00f2l.<\/p>\n\n\n\n<p><strong>Ajudes a la gesti\u00f3 forestal<br><\/strong>En l&#8217;ordre del dia del Ple tamb\u00e9 es va donar comptes de la sol\u00b7licitud de l&#8217;ajudes per a la gesti\u00f3 forestal sostenible convocades per la Generalitat, amb finan\u00e7ament dels fons europeus FEDER. El regidor de Medi Ambient, David Pujals, va explicar que amb elles s&#8217;ampliar\u00e0 el Pla forestal, per a poder realitzar xicotetes actuacions, com a tractaments de procession\u00e0ria, i que, m\u00e9s endavant, aquesta acci\u00f3 ser\u00e0 clau per a la sol\u00b7licitud de noves subvencions de major quantia.<\/p>\n\n\n\n<p><strong>Mocions<\/strong><br>En primer lloc, tots els grups van recolzar la declaraci\u00f3 institucional de Federaci\u00f3 Valenciana de Municipis i Prov\u00edncies amb motiu del Dia Internacional de l&#8217;Eliminaci\u00f3 de la Viol\u00e8ncia contra la Dona, commemorat el passat 25 de novembre, que va llegir la regidora d&#8217;Igualtat.\u00a0<\/p>\n\n\n\n<p>D&#8217;altra banda, el portaveu del PP, Enrique Peinado, va exposar davant el ple la moci\u00f3 \u201cen defensa de la Constituci\u00f3 espanyola, la Igualtat dels espanyols i el respecte a l&#8217;Estat de dret i la democr\u00e0cia\u201d, per a manifestar el rebuig del seu grup a una possible Llei d&#8217;Amnistia. Esquerra Unida va votar en contra, defensant l&#8217;argumentari del manifest \u201cJuristes per l&#8217;Amnistia, la Democr\u00e0cia i la Conviv\u00e8ncia\u201d, i el PSOE es va abstindre, manifestant que a partir de la present sessi\u00f3 es mantindrien al marge de qualsevol moci\u00f3 presentada que consideraren no vinculada a Xest.<\/p>\n\n\n\n<p>La portaveu de l&#8217;Esquerra Unida, M\u00aa \u00c1ngeles Llorente, va presentar l&#8217;\u00faltima moci\u00f3 de la sessi\u00f3 sota el t\u00edtol \u201ccridant al Govern d&#8217;Espanya a denunciar per genocidi a Israel davant la Cort Internacional de Just\u00edcia\u201d per a sol\u00b7licitar l&#8217;adhesi\u00f3 del Govern a la demanda que l&#8217;Executiu sud-afric\u00e0 va presentar a la fi d&#8217;any contra Israel per genocidi. PP i PSOE es van abstindre en aquest punt.<\/p>\n","protected":false},"excerpt":{"rendered":"<div class=\"mh-excerpt\">Este dimecres, 31 de gener, es va celebrar una sessi\u00f3 ordin\u00e0ria del Ple en la qual es va aprovar per unanimitat l&#8217;II Pla d&#8217;Igualtat municipal i la proposta de concessi\u00f3 de la Creu al M\u00e8rit <a class=\"mh-excerpt-more\" href=\"https:\/\/www.tucomarca.com\/wordpress\/segunda\/ca\/el-ple-de-xest-aprova-per-unanimitat-lii-pla-digualtat-municipal-i-la-proposta-de-condecoracions-policials\/\" title=\"El Ple de Xest aprova per unanimitat l&#8217;II Pla d&#8217;Igualtat municipal i la proposta de condecoracions policials\">[+] <\/a><\/div>\n","protected":false},"author":12,"featured_media":209375,"comment_status":"open","ping_status":"open","sticky":false,"template":"","format":"standard","meta":{"footnotes":""},"categories":[10894,10912,10947,10896,10974],"tags":[11071,20188,10914],"class_list":{"0":"post-209376","1":"post","2":"type-post","3":"status-publish","4":"format-standard","5":"has-post-thumbnail","7":"category-la-comarca-ca","8":"category-la-hoya-ca","9":"category-politica","10":"category-seccion-ca","11":"category-cheste-ca","12":"tag-cheste","13":"tag-ii-plan-de-igualdad-ca","14":"tag-la-hoya-de-bunol-chiva-ca"},"_links":{"self":[{"href":"https:\/\/www.tucomarca.com\/wordpress\/segunda\/ca\/wp-json\/wp\/v2\/posts\/209376","targetHints":{"allow":["GET"]}}],"collection":[{"href":"https:\/\/www.tucomarca.com\/wordpress\/segunda\/ca\/wp-json\/wp\/v2\/posts"}],"about":[{"href":"https:\/\/www.tucomarca.com\/wordpress\/segunda\/ca\/wp-json\/wp\/v2\/types\/post"}],"author":[{"embeddable":true,"href":"https:\/\/www.tucomarca.com\/wordpress\/segunda\/ca\/wp-json\/wp\/v2\/users\/12"}],"replies":[{"embeddable":true,"href":"https:\/\/www.tucomarca.com\/wordpress\/segunda\/ca\/wp-json\/wp\/v2\/comments?post=209376"}],"version-history":[{"count":0,"href":"https:\/\/www.tucomarca.com\/wordpress\/segunda\/ca\/wp-json\/wp\/v2\/posts\/209376\/revisions"}],"wp:featuredmedia":[{"embeddable":true,"href":"https:\/\/www.tucomarca.com\/wordpress\/segunda\/ca\/wp-json\/wp\/v2\/media\/209375"}],"wp:attachment":[{"href":"https:\/\/www.tucomarca.com\/wordpress\/segunda\/ca\/wp-json\/wp\/v2\/media?parent=209376"}],"wp:term":[{"taxonomy":"category","embeddable":true,"href":"https:\/\/www.tucomarca.com\/wordpress\/segunda\/ca\/wp-json\/wp\/v2\/categories?post=209376"},{"taxonomy":"post_tag","embeddable":true,"href":"https:\/\/www.tucomarca.com\/wordpress\/segunda\/ca\/wp-json\/wp\/v2\/tags?post=209376"}],"curies":[{"name":"wp","href":"https:\/\/api.w.org\/{rel}","templated":true}]}}