{"id":209458,"date":"2024-02-01T20:00:00","date_gmt":"2024-02-01T19:00:00","guid":{"rendered":"https:\/\/www.tucomarca.com\/wordpress\/segunda\/?p=209458"},"modified":"2024-02-02T16:16:47","modified_gmt":"2024-02-02T15:16:47","slug":"el-cantant-alejandro-sanz-i-reforesta-planten-3-900-arbres-a-requena-per-a-crear-un-corredor-ecologic","status":"publish","type":"post","link":"https:\/\/www.tucomarca.com\/wordpress\/segunda\/ca\/el-cantant-alejandro-sanz-i-reforesta-planten-3-900-arbres-a-requena-per-a-crear-un-corredor-ecologic\/","title":{"rendered":"El cantant Alejandro Sanz i Reforesta planten 3.900 arbres a&nbsp; Requena per a crear un corredor ecol\u00f2gic"},"content":{"rendered":"\n<p>El cantant Alejandro Sanz al costat de l&#8217;associaci\u00f3 Reforesta han realitzat la plantaci\u00f3 de 3.900 arbres a la Canyada Real de Sant Joan de Requena a fi de crear un corredor ecol\u00f2gic per a la dispersi\u00f3 de llavors i per a la fauna, aquesta acci\u00f3 forma part de la iniciativa &#8216;Llavors per a l&#8217;esperan\u00e7a&#8217;, que el cantant va comen\u00e7ar a partir de les \u00faltimes gires i en les quals va estalviar una tona de residus pl\u00e0stics gr\u00e0cies a la implantaci\u00f3 de gots reutilitzables, recaptant aix\u00ed una important quantitat de diners que ha destinat a aquesta associaci\u00f3 i que amb aquests diners va posar en marxa el pla de reforestaci\u00f3 a Requena que, gr\u00e0cies al voluntariat, ha augmentat la biodiversitat en un entorn agr\u00edcola.&nbsp;<\/p>\n\n\n\n<p>El projecte acaba aquest dissabte, 3 de febrer, amb la plantaci\u00f3 dels \u00faltims 300 exemplars, la qual cosa millora la qualitat del s\u00f2l i del paisatge al llarg de quasi tres quil\u00f2metres de la via pecu\u00e0ria.<\/p>\n","protected":false},"excerpt":{"rendered":"<div class=\"mh-excerpt\">El cantant Alejandro Sanz al costat de l&#8217;associaci\u00f3 Reforesta han realitzat la plantaci\u00f3 de 3.900 arbres a la Canyada Real de Sant Joan de Requena a fi de crear un corredor ecol\u00f2gic per a la <a class=\"mh-excerpt-more\" href=\"https:\/\/www.tucomarca.com\/wordpress\/segunda\/ca\/el-cantant-alejandro-sanz-i-reforesta-planten-3-900-arbres-a-requena-per-a-crear-un-corredor-ecologic\/\" title=\"El cantant Alejandro Sanz i Reforesta planten 3.900 arbres a&nbsp; Requena per a crear un corredor ecol\u00f2gic\">[+] <\/a><\/div>\n","protected":false},"author":12,"featured_media":209451,"comment_status":"open","ping_status":"open","sticky":false,"template":"","format":"standard","meta":{"footnotes":""},"categories":[10948,10894,10903,10908,10909,10896],"tags":[20194,11099,10910],"class_list":{"0":"post-209458","1":"post","2":"type-post","3":"status-publish","4":"format-standard","5":"has-post-thumbnail","7":"category-infraestructuras-ca","8":"category-la-comarca-ca","9":"category-medio-ambiente-la-comarca-ca","10":"category-requena-ca","11":"category-requena-utiel-ca","12":"category-seccion-ca","13":"tag-alejandro-sanz-ca","14":"tag-requena-ca","15":"tag-requena-utiel-ca"},"_links":{"self":[{"href":"https:\/\/www.tucomarca.com\/wordpress\/segunda\/ca\/wp-json\/wp\/v2\/posts\/209458","targetHints":{"allow":["GET"]}}],"collection":[{"href":"https:\/\/www.tucomarca.com\/wordpress\/segunda\/ca\/wp-json\/wp\/v2\/posts"}],"about":[{"href":"https:\/\/www.tucomarca.com\/wordpress\/segunda\/ca\/wp-json\/wp\/v2\/types\/post"}],"author":[{"embeddable":true,"href":"https:\/\/www.tucomarca.com\/wordpress\/segunda\/ca\/wp-json\/wp\/v2\/users\/12"}],"replies":[{"embeddable":true,"href":"https:\/\/www.tucomarca.com\/wordpress\/segunda\/ca\/wp-json\/wp\/v2\/comments?post=209458"}],"version-history":[{"count":0,"href":"https:\/\/www.tucomarca.com\/wordpress\/segunda\/ca\/wp-json\/wp\/v2\/posts\/209458\/revisions"}],"wp:featuredmedia":[{"embeddable":true,"href":"https:\/\/www.tucomarca.com\/wordpress\/segunda\/ca\/wp-json\/wp\/v2\/media\/209451"}],"wp:attachment":[{"href":"https:\/\/www.tucomarca.com\/wordpress\/segunda\/ca\/wp-json\/wp\/v2\/media?parent=209458"}],"wp:term":[{"taxonomy":"category","embeddable":true,"href":"https:\/\/www.tucomarca.com\/wordpress\/segunda\/ca\/wp-json\/wp\/v2\/categories?post=209458"},{"taxonomy":"post_tag","embeddable":true,"href":"https:\/\/www.tucomarca.com\/wordpress\/segunda\/ca\/wp-json\/wp\/v2\/tags?post=209458"}],"curies":[{"name":"wp","href":"https:\/\/api.w.org\/{rel}","templated":true}]}}