{"id":209565,"date":"2024-02-02T13:15:00","date_gmt":"2024-02-02T12:15:00","guid":{"rendered":"https:\/\/www.tucomarca.com\/wordpress\/segunda\/?p=209565"},"modified":"2024-02-05T12:29:29","modified_gmt":"2024-02-05T11:29:29","slug":"la-comunitat-de-regants-de-xiva-i-lajuntament-analitzen-amb-el-conseller-dagricultura-la-viabilitat-de-projectes-futurs","status":"publish","type":"post","link":"https:\/\/www.tucomarca.com\/wordpress\/segunda\/ca\/la-comunitat-de-regants-de-xiva-i-lajuntament-analitzen-amb-el-conseller-dagricultura-la-viabilitat-de-projectes-futurs\/","title":{"rendered":"La Comunitat de Regants de Xiva i l&#8217;Ajuntament analitzen amb el conseller d&#8217;Agricultura la viabilitat de projectes futurs"},"content":{"rendered":"\n<p>L&#8217;equip de govern de l&#8217;ajuntament de Xiva i la Comunitat de Regants, ha mantingut la seua primera reuni\u00f3 de treball amb el Conseller d&#8217;Agricultura, Ramaderia i Pesca, Jose Luis Aguirre, a fi d&#8217;analitzar la situaci\u00f3 h\u00eddrica del terme municipal i reprendre els projectes que l&#8217;el seu dia van ser elaborats per la Comunitat de Regants de Xiva per a assegurar l&#8217;adequat subministrament de cabal al terme municipal.<\/p>\n\n\n\n<p>En aquesta reuni\u00f3, els responsables de la Comunitat de Regants han destacat la import\u00e0ncia que aconsegueix assegurar el correcte subministrament d&#8217;aigua per al reg tant a la zona nord com sud del municipi, davant necessitat de regar i proveir al camp, els regants van elaborar un projecte que permet realitzar una tercera perforaci\u00f3 en el Pou Ballesteros per a baixar aigua del pou al nucli urb\u00e0. el projecte, previst per a la seua execuci\u00f3 en dues fases ja est\u00e0 plenament elaborat mancant el seu finan\u00e7ament .<\/p>\n\n\n\n<p>Aquesta primera reuni\u00f3 mantinguda amb el conseller, ha de ser completada amb la visita a la Confederaci\u00f3 Hidrogr\u00e0fica del X\u00faquer en breu, en disposar aquest organisme de compet\u00e8ncies en la mat\u00e8ria.<\/p>\n\n\n\n<p>En la reuni\u00f3, han sigut estudiades totes les possibilitats de finan\u00e7ament, comptant a priori amb una excel\u00b7lent predisposici\u00f3 per part de Conselleria, qui ha traslladat la idone\u00eftat del projecte sobre la base dels objectius perseguits.<\/p>\n\n\n\n<p>Tal com assenyalen els responsables de la comuni9dad de Regants; \u201cel projecte, redactat en 2014 suposa un pas fonamental per a assegurar el subministrament i superviv\u00e8ncia de l&#8217;activitat dels regants a Xiva i fins i tot el prove\u00efment de la pr\u00f2pia poblaci\u00f3 en cas de necessitat\u201d.<\/p>\n","protected":false},"excerpt":{"rendered":"<div class=\"mh-excerpt\">L&#8217;equip de govern de l&#8217;ajuntament de Xiva i la Comunitat de Regants, ha mantingut la seua primera reuni\u00f3 de treball amb el Conseller d&#8217;Agricultura, Ramaderia i Pesca, Jose Luis Aguirre, a fi d&#8217;analitzar la situaci\u00f3 <a class=\"mh-excerpt-more\" href=\"https:\/\/www.tucomarca.com\/wordpress\/segunda\/ca\/la-comunitat-de-regants-de-xiva-i-lajuntament-analitzen-amb-el-conseller-dagricultura-la-viabilitat-de-projectes-futurs\/\" title=\"La Comunitat de Regants de Xiva i l&#8217;Ajuntament analitzen amb el conseller d&#8217;Agricultura la viabilitat de projectes futurs\">[+] <\/a><\/div>\n","protected":false},"author":1,"featured_media":209563,"comment_status":"open","ping_status":"open","sticky":false,"template":"","format":"standard","meta":{"footnotes":""},"categories":[10905,10948,10894,10912,10903,10947,10896,10975],"tags":[11195,10914],"class_list":{"0":"post-209565","1":"post","2":"type-post","3":"status-publish","4":"format-standard","5":"has-post-thumbnail","7":"category-agricultura-la-comarca-ca","8":"category-infraestructuras-ca","9":"category-la-comarca-ca","10":"category-la-hoya-ca","11":"category-medio-ambiente-la-comarca-ca","12":"category-politica","13":"category-seccion-ca","14":"category-chiva-ca","15":"tag-chiva-ca","16":"tag-la-hoya-de-bunol-chiva-ca"},"_links":{"self":[{"href":"https:\/\/www.tucomarca.com\/wordpress\/segunda\/ca\/wp-json\/wp\/v2\/posts\/209565","targetHints":{"allow":["GET"]}}],"collection":[{"href":"https:\/\/www.tucomarca.com\/wordpress\/segunda\/ca\/wp-json\/wp\/v2\/posts"}],"about":[{"href":"https:\/\/www.tucomarca.com\/wordpress\/segunda\/ca\/wp-json\/wp\/v2\/types\/post"}],"author":[{"embeddable":true,"href":"https:\/\/www.tucomarca.com\/wordpress\/segunda\/ca\/wp-json\/wp\/v2\/users\/1"}],"replies":[{"embeddable":true,"href":"https:\/\/www.tucomarca.com\/wordpress\/segunda\/ca\/wp-json\/wp\/v2\/comments?post=209565"}],"version-history":[{"count":0,"href":"https:\/\/www.tucomarca.com\/wordpress\/segunda\/ca\/wp-json\/wp\/v2\/posts\/209565\/revisions"}],"wp:featuredmedia":[{"embeddable":true,"href":"https:\/\/www.tucomarca.com\/wordpress\/segunda\/ca\/wp-json\/wp\/v2\/media\/209563"}],"wp:attachment":[{"href":"https:\/\/www.tucomarca.com\/wordpress\/segunda\/ca\/wp-json\/wp\/v2\/media?parent=209565"}],"wp:term":[{"taxonomy":"category","embeddable":true,"href":"https:\/\/www.tucomarca.com\/wordpress\/segunda\/ca\/wp-json\/wp\/v2\/categories?post=209565"},{"taxonomy":"post_tag","embeddable":true,"href":"https:\/\/www.tucomarca.com\/wordpress\/segunda\/ca\/wp-json\/wp\/v2\/tags?post=209565"}],"curies":[{"name":"wp","href":"https:\/\/api.w.org\/{rel}","templated":true}]}}