{"id":209572,"date":"2024-02-02T16:05:00","date_gmt":"2024-02-02T15:05:00","guid":{"rendered":"https:\/\/www.tucomarca.com\/wordpress\/segunda\/?p=209572"},"modified":"2024-02-02T20:36:33","modified_gmt":"2024-02-02T19:36:33","slug":"el-departament-de-salut-arnau-de-vilanova-lliria-constitueix-el-consell-de-salut-de-la-zona-basica-eliana-sant-antoni-de-benaixeve","status":"publish","type":"post","link":"https:\/\/www.tucomarca.com\/wordpress\/segunda\/ca\/el-departament-de-salut-arnau-de-vilanova-lliria-constitueix-el-consell-de-salut-de-la-zona-basica-eliana-sant-antoni-de-benaixeve\/","title":{"rendered":"El departament de salut Arnau de Vilanova-Ll\u00edria constitueix el Consell de Salut de la Zona B\u00e0sica Eliana-Sant Antoni de Benaixeve"},"content":{"rendered":"\n<h3 class=\"wp-block-heading\">Se har\u00e1 cargo de analizar el estado de salud y las necesidades asistenciales de la poblaci\u00f3n de estos municipios.&nbsp;<\/h3>\n\n\n\n<h3 class=\"wp-block-heading\">La finalidad es poner en marcha las acciones de salud comunitaria m\u00e1s adecuadas.\u00a0<\/h3>\n\n\n\n<p>Es far\u00e0 c\u00e0rrec d&#8217;analitzar l&#8217;estat de salut i les necessitats assistencials de la poblaci\u00f3 d&#8217;aquests municipis&nbsp;<br>La finalitat \u00e9s posar en marxa les accions de salut comunit\u00e0ria m\u00e9s adequades&nbsp;<\/p>\n\n\n\n<p>El departament de Salut Arnau de Vilanova-Ll\u00edria ha constitu\u00eft el nou Consell de Salut de la Zona B\u00e0sica Eliana-Sant Antoni de Benaixeve, un espai de participaci\u00f3 ciutadana l&#8217;objectiu de la qual \u00e9s millorar la salut de la poblaci\u00f3 d&#8217;aquests municipis.<\/p>\n\n\n\n<p>Durant la primera sessi\u00f3 constituent del consell, s&#8217;han donat cita m\u00e9s de 40 persones de diferents \u00e0mbits socials. En concret, ha reunit professionals sanitaris de la zona, representants dels ajuntaments, aix\u00ed com membres d&#8217;associacions de malalts, com l&#8217;Associaci\u00f3 de Familiars i Persones amb Malaltia Mental de Paterna, L&#8217;Eliana i Sant Antoni de Benaixeve o l&#8217;Associaci\u00f3 Espanyola contra el C\u00e0ncer.<\/p>\n\n\n\n<p>A m\u00e9s, han participat membres d&#8217;associacions juvenils, representants dels sindicats, col\u00b7legis, associacions ve\u00efnals, associacions de mares i pares d&#8217;alumnes, oficines de farm\u00e0cia i de l&#8217;\u00e0mbit de salut p\u00fablica d&#8217;aquesta zona.&nbsp;<\/p>\n\n\n\n<p>Entre les principals funcions del Consell de Salut, es troben: analitzar la situaci\u00f3 de l&#8217;estat de salut de la poblaci\u00f3 de L&#8217;Eliana i Sant Antoni, identificar i prioritzar objectius de promoci\u00f3 de la salut, aix\u00ed com dels recursos i actius de totes dues localitats, i identificar i promoure les accions de salut comunit\u00e0ria que es consideren m\u00e9s adequades per a la poblaci\u00f3 de la zona.<\/p>\n","protected":false},"excerpt":{"rendered":"<div class=\"mh-excerpt\">Se har\u00e1 cargo de analizar el estado de salud y las necesidades asistenciales de la poblaci\u00f3n de estos municipios.&nbsp; La finalidad es poner en marcha las acciones de salud comunitaria m\u00e1s adecuadas.\u00a0 Es far\u00e0 c\u00e0rrec <a class=\"mh-excerpt-more\" href=\"https:\/\/www.tucomarca.com\/wordpress\/segunda\/ca\/el-departament-de-salut-arnau-de-vilanova-lliria-constitueix-el-consell-de-salut-de-la-zona-basica-eliana-sant-antoni-de-benaixeve\/\" title=\"El departament de salut Arnau de Vilanova-Ll\u00edria constitueix el Consell de Salut de la Zona B\u00e0sica Eliana-Sant Antoni de Benaixeve\">[+] <\/a><\/div>\n","protected":false},"author":1,"featured_media":209569,"comment_status":"open","ping_status":"open","sticky":false,"template":"","format":"standard","meta":{"footnotes":""},"categories":[10892,11010,10898,10948,10894,10904,10893,10947,10934,10896],"tags":[10899,11999,11070],"class_list":{"0":"post-209572","1":"post","2":"type-post","3":"status-publish","4":"format-standard","5":"has-post-thumbnail","7":"category-camp-de-turia-ca","8":"category-canal-salud","9":"category-ventana-ca","10":"category-infraestructuras-ca","11":"category-la-comarca-ca","12":"category-sin-categorizar-ca","13":"category-leliana-ca","14":"category-politica","15":"category-san-antonio-de-benageber-ca","16":"category-seccion-ca","17":"tag-camp-de-turia-ca","18":"tag-hospital-arnau-de-vilanova-ca","19":"tag-lliria-ca"},"_links":{"self":[{"href":"https:\/\/www.tucomarca.com\/wordpress\/segunda\/ca\/wp-json\/wp\/v2\/posts\/209572","targetHints":{"allow":["GET"]}}],"collection":[{"href":"https:\/\/www.tucomarca.com\/wordpress\/segunda\/ca\/wp-json\/wp\/v2\/posts"}],"about":[{"href":"https:\/\/www.tucomarca.com\/wordpress\/segunda\/ca\/wp-json\/wp\/v2\/types\/post"}],"author":[{"embeddable":true,"href":"https:\/\/www.tucomarca.com\/wordpress\/segunda\/ca\/wp-json\/wp\/v2\/users\/1"}],"replies":[{"embeddable":true,"href":"https:\/\/www.tucomarca.com\/wordpress\/segunda\/ca\/wp-json\/wp\/v2\/comments?post=209572"}],"version-history":[{"count":0,"href":"https:\/\/www.tucomarca.com\/wordpress\/segunda\/ca\/wp-json\/wp\/v2\/posts\/209572\/revisions"}],"wp:featuredmedia":[{"embeddable":true,"href":"https:\/\/www.tucomarca.com\/wordpress\/segunda\/ca\/wp-json\/wp\/v2\/media\/209569"}],"wp:attachment":[{"href":"https:\/\/www.tucomarca.com\/wordpress\/segunda\/ca\/wp-json\/wp\/v2\/media?parent=209572"}],"wp:term":[{"taxonomy":"category","embeddable":true,"href":"https:\/\/www.tucomarca.com\/wordpress\/segunda\/ca\/wp-json\/wp\/v2\/categories?post=209572"},{"taxonomy":"post_tag","embeddable":true,"href":"https:\/\/www.tucomarca.com\/wordpress\/segunda\/ca\/wp-json\/wp\/v2\/tags?post=209572"}],"curies":[{"name":"wp","href":"https:\/\/api.w.org\/{rel}","templated":true}]}}