{"id":209594,"date":"2024-02-03T10:30:00","date_gmt":"2024-02-03T09:30:00","guid":{"rendered":"https:\/\/www.tucomarca.com\/wordpress\/segunda\/?p=209594"},"modified":"2024-02-03T10:37:20","modified_gmt":"2024-02-03T09:37:20","slug":"la-diputacio-de-valencia-i-la-generalitat-coordinen-les-seues-actuacions-en-materia-de-carreteres","status":"publish","type":"post","link":"https:\/\/www.tucomarca.com\/wordpress\/segunda\/ca\/la-diputacio-de-valencia-i-la-generalitat-coordinen-les-seues-actuacions-en-materia-de-carreteres\/","title":{"rendered":"La Diputaci\u00f3 de Val\u00e8ncia i la Generalitat coordinen les seues actuacions en mat\u00e8ria de carreteres"},"content":{"rendered":"\n<p>La diputada de Carreteres i vicepresidenta segona de la Diputaci\u00f3, Reme Mazzolari, i la directora general d&#8217;Infraestructures i Projectes Urbans, Mar\u00eda Jos\u00e9 Mart\u00ednez Ruzafa, es reunixen per a establir els mecanismes per a coordinar els treballs de millora de les respectives xarxes vi\u00e0ries<\/p>\n\n\n\n<p>Generalitat i Diputaci\u00f3 subscriuran un conveni marc que permeta la col\u00b7laboraci\u00f3 entre les dos administracions per a millorar camins rurals en comarques amb especial risc de despoblaci\u00f3.<\/p>\n\n\n\n<p>L&#8217;\u00e0rea de Carreteres de la Diputaci\u00f3 de Val\u00e8ncia i la Direcci\u00f3 General d&#8217;Infraestructures i Projectes Urbans de la Generalitat coordinaran les actuacions programades per les dos administracions per a la millora de les seues respectives xarxes de carreteres. Aix\u00ed s&#8217;ha acordat en una reuni\u00f3 de treball entre la diputada de Carreteres, Reme Mazzolari, i la directora general d\u2019Infraestructures del Consell, Mar\u00eda Jos\u00e9 Mart\u00ednez Ruzafa, juntament amb personal t\u00e8cnic de les dos entitats.<\/p>\n\n\n\n<p>Mazzolari, tamb\u00e9 vicepresidenta segona de la Diputaci\u00f3, afirma que \u201cla millora de les comunicacions entre els pobles \u00e9s un servici essencial per a la ciutadania, per la qual cosa \u00e9s obligaci\u00f3 de l&#8217;Administraci\u00f3 P\u00fablica oferir-lo amb les millors garanties, m\u00e9s enll\u00e0 de les compet\u00e8ncies que tinga cada instituci\u00f3\u201d.<\/p>\n\n\n\n<p>Aix\u00ed mateix, la diputada de Carreteres ha anunciat que \u201cla Diputaci\u00f3 s&#8217;integrar\u00e0 en un grup de treball entre la Generalitat Valenciana i les tres Diputacions per a la revisi\u00f3 de la Llei de Carreteres i la preparaci\u00f3 d&#8217;un reglament associat\u201d.<\/p>\n\n\n\n<p><strong>Conveni per a millorar els camins rurals<\/strong><\/p>\n\n\n\n<p>Un altre dels assumptes tractats durant la jornada de treball va ser el programa de millora dels Camins d&#8217;Inter\u00e9s Territorial empr\u00e9s per l&#8217;\u00e0rea de Carreteres de la Diputaci\u00f3. Es tracta de camins de domini p\u00fablic, la titularitat dels quals correspon als ajuntaments, per\u00f2 que tenen una funcionalitat afegida per algun motiu, com pot ser acurtar itineraris, comunicar llocs amb mobilitat estacional o constituir l&#8217;\u00fanica via d&#8217;acc\u00e9s a nuclis habitats de relativa import\u00e0ncia.&nbsp;<\/p>\n\n\n\n<p>En este sentit, la vicepresidenta de la Diputaci\u00f3 i la directora general van acordar preparar un conveni marc que permeta la col\u00b7laboraci\u00f3 entre les dos administracions a les comarques en especial risc de despoblaci\u00f3. \u201cEs tracta d&#8217;una magn\u00edfica not\u00edcia per als usuaris d&#8217;estos camins, perqu\u00e8 s\u00f3n vies molt transitades pels ve\u00efns de la zona, i el seu condicionament els permetr\u00e0 rec\u00f3rrer-los amb major seguretat, i tamb\u00e9 comoditat\u201d, conclou Mazzolari.<\/p>\n\n\n\n<p>La reuni\u00f3 tamb\u00e9 va servir perqu\u00e8 la Diputaci\u00f3 presente la proposta d&#8217;actuacions a incloure en el conveni existent entre la Generalitat Valenciana i el Ministeri de Transports i Mobilitat Sostenible per a l&#8217;execuci\u00f3 d&#8217;actuacions de millora del sistema viari de la Comunitat Valenciana en el per\u00edode 2022\/2025.<\/p>\n\n\n\n<p><\/p>\n","protected":false},"excerpt":{"rendered":"<div class=\"mh-excerpt\">La diputada de Carreteres i vicepresidenta segona de la Diputaci\u00f3, Reme Mazzolari, i la directora general d&#8217;Infraestructures i Projectes Urbans, Mar\u00eda Jos\u00e9 Mart\u00ednez Ruzafa, es reunixen per a establir els mecanismes per a coordinar els <a class=\"mh-excerpt-more\" href=\"https:\/\/www.tucomarca.com\/wordpress\/segunda\/ca\/la-diputacio-de-valencia-i-la-generalitat-coordinen-les-seues-actuacions-en-materia-de-carreteres\/\" title=\"La Diputaci\u00f3 de Val\u00e8ncia i la Generalitat coordinen les seues actuacions en mat\u00e8ria de carreteres\">[+] <\/a><\/div>\n","protected":false},"author":12,"featured_media":209593,"comment_status":"open","ping_status":"open","sticky":false,"template":"","format":"standard","meta":{"footnotes":""},"categories":[10898,10948,10894,10904,10947,10896],"tags":[12823,11246,11498],"class_list":{"0":"post-209594","1":"post","2":"type-post","3":"status-publish","4":"format-standard","5":"has-post-thumbnail","7":"category-ventana-ca","8":"category-infraestructuras-ca","9":"category-la-comarca-ca","10":"category-sin-categorizar-ca","11":"category-politica","12":"category-seccion-ca","13":"tag-carreteras-ca","14":"tag-diputacio-de-valencia-ca","15":"tag-generalitat-valenciana-ca"},"_links":{"self":[{"href":"https:\/\/www.tucomarca.com\/wordpress\/segunda\/ca\/wp-json\/wp\/v2\/posts\/209594","targetHints":{"allow":["GET"]}}],"collection":[{"href":"https:\/\/www.tucomarca.com\/wordpress\/segunda\/ca\/wp-json\/wp\/v2\/posts"}],"about":[{"href":"https:\/\/www.tucomarca.com\/wordpress\/segunda\/ca\/wp-json\/wp\/v2\/types\/post"}],"author":[{"embeddable":true,"href":"https:\/\/www.tucomarca.com\/wordpress\/segunda\/ca\/wp-json\/wp\/v2\/users\/12"}],"replies":[{"embeddable":true,"href":"https:\/\/www.tucomarca.com\/wordpress\/segunda\/ca\/wp-json\/wp\/v2\/comments?post=209594"}],"version-history":[{"count":0,"href":"https:\/\/www.tucomarca.com\/wordpress\/segunda\/ca\/wp-json\/wp\/v2\/posts\/209594\/revisions"}],"wp:featuredmedia":[{"embeddable":true,"href":"https:\/\/www.tucomarca.com\/wordpress\/segunda\/ca\/wp-json\/wp\/v2\/media\/209593"}],"wp:attachment":[{"href":"https:\/\/www.tucomarca.com\/wordpress\/segunda\/ca\/wp-json\/wp\/v2\/media?parent=209594"}],"wp:term":[{"taxonomy":"category","embeddable":true,"href":"https:\/\/www.tucomarca.com\/wordpress\/segunda\/ca\/wp-json\/wp\/v2\/categories?post=209594"},{"taxonomy":"post_tag","embeddable":true,"href":"https:\/\/www.tucomarca.com\/wordpress\/segunda\/ca\/wp-json\/wp\/v2\/tags?post=209594"}],"curies":[{"name":"wp","href":"https:\/\/api.w.org\/{rel}","templated":true}]}}