{"id":209665,"date":"2024-02-05T10:25:00","date_gmt":"2024-02-05T09:25:00","guid":{"rendered":"https:\/\/www.tucomarca.com\/wordpress\/segunda\/?p=209665"},"modified":"2024-02-05T11:21:51","modified_gmt":"2024-02-05T10:21:51","slug":"fotogaleria-lara-carrascosa-agustina-ja-es-la-fallera-major-de-la-comissio-reis-catolics-de-bunyol","status":"publish","type":"post","link":"https:\/\/www.tucomarca.com\/wordpress\/segunda\/ca\/fotogaleria-lara-carrascosa-agustina-ja-es-la-fallera-major-de-la-comissio-reis-catolics-de-bunyol\/","title":{"rendered":"Fotogaler\u00eda: Lara Carrascosa Agustina ja \u00e9s la Fallera Major de la comissi\u00f3 Reis Cat\u00f2lics de Bunyol"},"content":{"rendered":"\n<p>El teatre Montecarlo de Bunyol ha acollit aquest dissabte&nbsp;l&#8217;acte de presentaci\u00f3 de la Fallera Major de la comissi\u00f3 Reis Cat\u00f2lics i Adjacents per a l&#8217;exercici 2024, Lara Carrascosa, que va ser rebuda per la fallera sortint, Candela Padilla, i la presidenta de la comissi\u00f3, Mar\u00eda Eugenia Gonz\u00e1lez.<\/p>\n\n\n\n<p>La presentaci\u00f3 va donar principi amb la recepci\u00f3 de les integrants de la Cort d&#8217;Honor que a poc a poc van anar omplint l&#8217;escenari del Montecarlo. Despr\u00e9s de mostrar un escenari replet de falleres i fallers va arribar el torn d&#8217;imposar&nbsp; la banda a&nbsp;Lara<strong>,&nbsp;<\/strong>que molt il\u00b7lusionada es va dirigir a l&#8217;escenari, acompanyada pel seu pare, on va ser rebuda amb nombroses mostres d&#8217;afecte&nbsp;per la presidenta de la comissi\u00f3, Mar\u00eda Eugenia, i Candela qui li va imposar la banda com a Fallera Major 2024 i es va acomiadar amb un emotiu discurs.&nbsp;<\/p>\n\n\n\n<p>L&#8217;acte faller va tindre com a mantenidor a l&#8217;escriptor M\u00e0xim Huerta, molt amic de la fam\u00edlia. L&#8217;aplaudiment del p\u00fablic a la comissi\u00f3 Reis Cat\u00f2lics i a la seua Fallera Major \u00e9s la major mostra d&#8217;afecte i reconeixement als qui gaudiran d&#8217;unes festes plenes i carregades d&#8217;il\u00b7lusi\u00f3.<\/p>\n\n\n\n<p>La cita va ser seguida en primera persona per l&#8217;alcaldessa, Virginia Sanz, junt Indelecio Zan\u00f3n, president de la Junta Local; el regidor de Festes, Sergio Galarza; i la Reina de les Festes, Celeste Agustina; les representants de les societats musicals, de les falles de Bunyol i de les comissions falleres amigues.<\/p>\n\n\n\n<p>Fotos: <strong>Jos\u00e9 L. Mont\u00f3n<\/strong><\/p>\n\n\n\n<figure class=\"wp-block-gallery has-nested-images columns-2 is-cropped wp-block-gallery-1 is-layout-flex wp-block-gallery-is-layout-flex\">\n<figure class=\"wp-block-image size-large\"><img loading=\"lazy\" decoding=\"async\" width=\"886\" height=\"591\" data-id=\"209647\" src=\"http:\/\/www.tucomarca.com\/wordpress\/segunda\/wp-content\/uploads\/2024\/02\/PresentacionRRCC24_03.jpg\" alt=\"\" class=\"wp-image-209647\" srcset=\"https:\/\/www.tucomarca.com\/wordpress\/segunda\/wp-content\/uploads\/2024\/02\/PresentacionRRCC24_03.jpg 886w, https:\/\/www.tucomarca.com\/wordpress\/segunda\/wp-content\/uploads\/2024\/02\/PresentacionRRCC24_03-300x200.jpg 300w, https:\/\/www.tucomarca.com\/wordpress\/segunda\/wp-content\/uploads\/2024\/02\/PresentacionRRCC24_03-768x512.jpg 768w\" sizes=\"auto, (max-width: 886px) 100vw, 886px\" \/><\/figure>\n\n\n\n<figure class=\"wp-block-image size-large\"><img loading=\"lazy\" decoding=\"async\" width=\"886\" height=\"591\" data-id=\"209643\" src=\"http:\/\/www.tucomarca.com\/wordpress\/segunda\/wp-content\/uploads\/2024\/02\/PresentacionRRCC24_01.jpg\" alt=\"\" class=\"wp-image-209643\" srcset=\"https:\/\/www.tucomarca.com\/wordpress\/segunda\/wp-content\/uploads\/2024\/02\/PresentacionRRCC24_01.jpg 886w, https:\/\/www.tucomarca.com\/wordpress\/segunda\/wp-content\/uploads\/2024\/02\/PresentacionRRCC24_01-300x200.jpg 300w, https:\/\/www.tucomarca.com\/wordpress\/segunda\/wp-content\/uploads\/2024\/02\/PresentacionRRCC24_01-768x512.jpg 768w\" sizes=\"auto, (max-width: 886px) 100vw, 886px\" \/><\/figure>\n\n\n\n<figure class=\"wp-block-image size-large\"><img loading=\"lazy\" decoding=\"async\" width=\"886\" height=\"568\" data-id=\"209645\" src=\"http:\/\/www.tucomarca.com\/wordpress\/segunda\/wp-content\/uploads\/2024\/02\/PresentacionRRCC24_02.jpg\" alt=\"\" class=\"wp-image-209645\" srcset=\"https:\/\/www.tucomarca.com\/wordpress\/segunda\/wp-content\/uploads\/2024\/02\/PresentacionRRCC24_02.jpg 886w, https:\/\/www.tucomarca.com\/wordpress\/segunda\/wp-content\/uploads\/2024\/02\/PresentacionRRCC24_02-300x192.jpg 300w, https:\/\/www.tucomarca.com\/wordpress\/segunda\/wp-content\/uploads\/2024\/02\/PresentacionRRCC24_02-768x492.jpg 768w\" sizes=\"auto, (max-width: 886px) 100vw, 886px\" \/><\/figure>\n\n\n\n<figure class=\"wp-block-image size-large\"><img loading=\"lazy\" decoding=\"async\" width=\"886\" height=\"1329\" data-id=\"209653\" src=\"http:\/\/www.tucomarca.com\/wordpress\/segunda\/wp-content\/uploads\/2024\/02\/PresentacionRRCC24_06.jpg\" alt=\"\" class=\"wp-image-209653\" srcset=\"https:\/\/www.tucomarca.com\/wordpress\/segunda\/wp-content\/uploads\/2024\/02\/PresentacionRRCC24_06.jpg 886w, https:\/\/www.tucomarca.com\/wordpress\/segunda\/wp-content\/uploads\/2024\/02\/PresentacionRRCC24_06-200x300.jpg 200w, https:\/\/www.tucomarca.com\/wordpress\/segunda\/wp-content\/uploads\/2024\/02\/PresentacionRRCC24_06-683x1024.jpg 683w, https:\/\/www.tucomarca.com\/wordpress\/segunda\/wp-content\/uploads\/2024\/02\/PresentacionRRCC24_06-768x1152.jpg 768w\" sizes=\"auto, (max-width: 886px) 100vw, 886px\" \/><\/figure>\n\n\n\n<figure class=\"wp-block-image size-large\"><img loading=\"lazy\" decoding=\"async\" width=\"886\" height=\"591\" data-id=\"209651\" src=\"http:\/\/www.tucomarca.com\/wordpress\/segunda\/wp-content\/uploads\/2024\/02\/PresentacionRRCC24_05.jpg\" alt=\"\" class=\"wp-image-209651\" srcset=\"https:\/\/www.tucomarca.com\/wordpress\/segunda\/wp-content\/uploads\/2024\/02\/PresentacionRRCC24_05.jpg 886w, https:\/\/www.tucomarca.com\/wordpress\/segunda\/wp-content\/uploads\/2024\/02\/PresentacionRRCC24_05-300x200.jpg 300w, https:\/\/www.tucomarca.com\/wordpress\/segunda\/wp-content\/uploads\/2024\/02\/PresentacionRRCC24_05-768x512.jpg 768w\" sizes=\"auto, (max-width: 886px) 100vw, 886px\" \/><\/figure>\n\n\n\n<figure class=\"wp-block-image size-large\"><img loading=\"lazy\" decoding=\"async\" width=\"886\" height=\"591\" data-id=\"209655\" src=\"http:\/\/www.tucomarca.com\/wordpress\/segunda\/wp-content\/uploads\/2024\/02\/PresentacionRRCC24_07.jpg\" alt=\"\" class=\"wp-image-209655\" srcset=\"https:\/\/www.tucomarca.com\/wordpress\/segunda\/wp-content\/uploads\/2024\/02\/PresentacionRRCC24_07.jpg 886w, https:\/\/www.tucomarca.com\/wordpress\/segunda\/wp-content\/uploads\/2024\/02\/PresentacionRRCC24_07-300x200.jpg 300w, https:\/\/www.tucomarca.com\/wordpress\/segunda\/wp-content\/uploads\/2024\/02\/PresentacionRRCC24_07-768x512.jpg 768w\" sizes=\"auto, (max-width: 886px) 100vw, 886px\" \/><\/figure>\n\n\n\n<figure class=\"wp-block-image size-large\"><img loading=\"lazy\" decoding=\"async\" width=\"886\" height=\"591\" data-id=\"209657\" src=\"http:\/\/www.tucomarca.com\/wordpress\/segunda\/wp-content\/uploads\/2024\/02\/PresentacionRRCC24_08.jpg\" alt=\"\" class=\"wp-image-209657\" srcset=\"https:\/\/www.tucomarca.com\/wordpress\/segunda\/wp-content\/uploads\/2024\/02\/PresentacionRRCC24_08.jpg 886w, https:\/\/www.tucomarca.com\/wordpress\/segunda\/wp-content\/uploads\/2024\/02\/PresentacionRRCC24_08-300x200.jpg 300w, https:\/\/www.tucomarca.com\/wordpress\/segunda\/wp-content\/uploads\/2024\/02\/PresentacionRRCC24_08-768x512.jpg 768w\" sizes=\"auto, (max-width: 886px) 100vw, 886px\" \/><\/figure>\n\n\n\n<figure class=\"wp-block-image size-large\"><img loading=\"lazy\" decoding=\"async\" width=\"886\" height=\"591\" data-id=\"209659\" src=\"http:\/\/www.tucomarca.com\/wordpress\/segunda\/wp-content\/uploads\/2024\/02\/PresentacionRRCC24_09.jpg\" alt=\"\" class=\"wp-image-209659\" srcset=\"https:\/\/www.tucomarca.com\/wordpress\/segunda\/wp-content\/uploads\/2024\/02\/PresentacionRRCC24_09.jpg 886w, https:\/\/www.tucomarca.com\/wordpress\/segunda\/wp-content\/uploads\/2024\/02\/PresentacionRRCC24_09-300x200.jpg 300w, https:\/\/www.tucomarca.com\/wordpress\/segunda\/wp-content\/uploads\/2024\/02\/PresentacionRRCC24_09-768x512.jpg 768w\" sizes=\"auto, (max-width: 886px) 100vw, 886px\" \/><\/figure>\n\n\n\n<figure class=\"wp-block-image size-large\"><img loading=\"lazy\" decoding=\"async\" width=\"886\" height=\"591\" data-id=\"209661\" src=\"http:\/\/www.tucomarca.com\/wordpress\/segunda\/wp-content\/uploads\/2024\/02\/PresentacionRRCC24_10.jpg\" alt=\"\" class=\"wp-image-209661\" srcset=\"https:\/\/www.tucomarca.com\/wordpress\/segunda\/wp-content\/uploads\/2024\/02\/PresentacionRRCC24_10.jpg 886w, https:\/\/www.tucomarca.com\/wordpress\/segunda\/wp-content\/uploads\/2024\/02\/PresentacionRRCC24_10-300x200.jpg 300w, https:\/\/www.tucomarca.com\/wordpress\/segunda\/wp-content\/uploads\/2024\/02\/PresentacionRRCC24_10-768x512.jpg 768w\" sizes=\"auto, (max-width: 886px) 100vw, 886px\" \/><\/figure>\n<\/figure>\n","protected":false},"excerpt":{"rendered":"<div class=\"mh-excerpt\">El teatre Montecarlo de Bunyol ha acollit aquest dissabte&nbsp;l&#8217;acte de presentaci\u00f3 de la Fallera Major de la comissi\u00f3 Reis Cat\u00f2lics i Adjacents per a l&#8217;exercici 2024, Lara Carrascosa, que va ser rebuda per la fallera <a class=\"mh-excerpt-more\" href=\"https:\/\/www.tucomarca.com\/wordpress\/segunda\/ca\/fotogaleria-lara-carrascosa-agustina-ja-es-la-fallera-major-de-la-comissio-reis-catolics-de-bunyol\/\" title=\"Fotogaler\u00eda: Lara Carrascosa Agustina ja \u00e9s la Fallera Major de la comissi\u00f3 Reis Cat\u00f2lics de Bunyol\">[+] <\/a><\/div>\n","protected":false},"author":12,"featured_media":209650,"comment_status":"open","ping_status":"open","sticky":false,"template":"","format":"gallery","meta":{"footnotes":""},"categories":[10911,10894,10912,11004,11007,11008,10896],"tags":[10913,11948,19154,10914],"class_list":{"0":"post-209665","1":"post","2":"type-post","3":"status-publish","4":"format-gallery","5":"has-post-thumbnail","7":"category-bunol-ca","8":"category-la-comarca-ca","9":"category-la-hoya-ca","10":"category-la-semana-en-imagenes-ca","11":"category-ocio-y-cultura-ca","12":"category-pueblos-en-fiestas-ca","13":"category-seccion-ca","14":"tag-bunol-ca","15":"tag-falla-reyes-catolicos-y-adyacentes-ca","16":"tag-fallas-2024-ca","17":"tag-la-hoya-de-bunol-chiva-ca","18":"post_format-post-format-gallery"},"_links":{"self":[{"href":"https:\/\/www.tucomarca.com\/wordpress\/segunda\/ca\/wp-json\/wp\/v2\/posts\/209665","targetHints":{"allow":["GET"]}}],"collection":[{"href":"https:\/\/www.tucomarca.com\/wordpress\/segunda\/ca\/wp-json\/wp\/v2\/posts"}],"about":[{"href":"https:\/\/www.tucomarca.com\/wordpress\/segunda\/ca\/wp-json\/wp\/v2\/types\/post"}],"author":[{"embeddable":true,"href":"https:\/\/www.tucomarca.com\/wordpress\/segunda\/ca\/wp-json\/wp\/v2\/users\/12"}],"replies":[{"embeddable":true,"href":"https:\/\/www.tucomarca.com\/wordpress\/segunda\/ca\/wp-json\/wp\/v2\/comments?post=209665"}],"version-history":[{"count":0,"href":"https:\/\/www.tucomarca.com\/wordpress\/segunda\/ca\/wp-json\/wp\/v2\/posts\/209665\/revisions"}],"wp:featuredmedia":[{"embeddable":true,"href":"https:\/\/www.tucomarca.com\/wordpress\/segunda\/ca\/wp-json\/wp\/v2\/media\/209650"}],"wp:attachment":[{"href":"https:\/\/www.tucomarca.com\/wordpress\/segunda\/ca\/wp-json\/wp\/v2\/media?parent=209665"}],"wp:term":[{"taxonomy":"category","embeddable":true,"href":"https:\/\/www.tucomarca.com\/wordpress\/segunda\/ca\/wp-json\/wp\/v2\/categories?post=209665"},{"taxonomy":"post_tag","embeddable":true,"href":"https:\/\/www.tucomarca.com\/wordpress\/segunda\/ca\/wp-json\/wp\/v2\/tags?post=209665"}],"curies":[{"name":"wp","href":"https:\/\/api.w.org\/{rel}","templated":true}]}}