{"id":209785,"date":"2024-02-05T10:25:00","date_gmt":"2024-02-05T09:25:00","guid":{"rendered":"https:\/\/www.tucomarca.com\/wordpress\/segunda\/?p=209785"},"modified":"2024-02-05T18:53:00","modified_gmt":"2024-02-05T17:53:00","slug":"natalia-enguix-avanca-a-lalcaldessa-de-requena-que-la-diputacio-recuperara-el-pla-de-nuclis-suprimit-fa-10-anys","status":"publish","type":"post","link":"https:\/\/www.tucomarca.com\/wordpress\/segunda\/ca\/natalia-enguix-avanca-a-lalcaldessa-de-requena-que-la-diputacio-recuperara-el-pla-de-nuclis-suprimit-fa-10-anys\/","title":{"rendered":"Nat\u00e0lia Enguix avan\u00e7a a l&#8217;alcaldessa de Requena que la Diputaci\u00f3 recuperar\u00e0 el Pla de Nuclis suprimit fa 10 anys"},"content":{"rendered":"\n<h3 class=\"wp-block-heading\"><strong>La vicepresidenta primera de la corporaci\u00f3 provincial va aprofitar la visita de Roc\u00edo Cort\u00e9s per a comunicar-li que l&#8217;\u00e0rea de Cooperaci\u00f3 Municipal recuperar\u00e0 este pla per a aldees que es va activar per \u00faltima vegada en 2014<\/strong>.<\/h3>\n\n\n\n<h3 class=\"wp-block-heading\"><strong>Enguix defensa que estos nuclis \u201ctenen els mateixos drets i han de tindre els mateixos servicis i instal\u00b7lacions que el municipi del qual depenen\u201d, en una reuni\u00f3 en la qual va participar l&#8217;alcalde de Venta del Moro<\/strong>.<\/h3>\n\n\n\n<p>La vicepresidenta primera de la Diputaci\u00f3 de Val\u00e8ncia, Nat\u00e0lia Enguix, ha aprofitat la reuni\u00f3 amb Roc\u00edo Cort\u00e9s, alcaldessa de Requena, el municipi amb m\u00e9s aldees de la prov\u00edncia, per a anunciar-li la recuperaci\u00f3 del Pla de Nuclis deu anys despr\u00e9s de la seua supressi\u00f3. Esta l\u00ednia inversora, complement\u00e0ria al Pla Obert que deixar\u00e0 prop de 12 milions d&#8217;euros a la comarca i 2.815.000 euros a Requena, \u201cpermetr\u00e0 a les aldees tindre servicis i instal\u00b7lacions de qualitat i que les persones que ho desitgen puguen continuar habitant en elles, amb els mateixos drets que els ciutadans dels municipis dels quals depenen\u201d, explica Enguix.<\/p>\n\n\n\n<p>La vicepresidenta va avan\u00e7ar a l&#8217;alcaldessa de Requena, el municipi m\u00e9s extens de la Comunitat, la recuperaci\u00f3 d&#8217;este pla inversor que estar\u00e0 dirigit principalment \u201cals ajuntaments de menys de 25.000 habitants que compten amb nuclis de poblaci\u00f3 o aldees i que no hagen vist millorada la seua assignaci\u00f3 en el Pla Obert d\u2019Inversions per als pr\u00f2xims quatre anys\u201d.<\/p>\n\n\n\n<p>Roc\u00edo Cort\u00e9s va mostrar el seu agra\u00efment al govern provincial per \u201crecuperar un pla que per a Requena \u00e9s fonamental, tant en la lluita contra la despoblaci\u00f3 com en l&#8217;ajuda directa als nostres 25 llogarets, alguns bastant allunyats del municipi, com Casas del R\u00edo, perqu\u00e8 puguen tirar avant\u201d. En la mateixa l\u00ednia es va expressar despr\u00e9s de la reuni\u00f3 l&#8217;alcalde de Venta del Moro, Luis Francisco L\u00f3pez Yeves, qui va destacar la import\u00e0ncia de \u201crefor\u00e7ar els servicis en estes xicotetes poblacions\u201d.<\/p>\n\n\n\n<p>L&#8217;\u00faltim Pla de Nuclis aprovat per la Diputaci\u00f3 de Val\u00e8ncia data de 2014, moment des del qual no hi ha hagut una l\u00ednia espec\u00edfica dirigida a aldees de la prov\u00edncia, les aportacions de les quals arribaven a trav\u00e9s de les inversions en els municipis als quals pertanyen. La recuperaci\u00f3 del pla respon \u201ca les peticions d&#8217;alguns ajuntaments que necessiten ajudes directes per a les seues pedanies, amb la intenci\u00f3 que no hi haja ciutadans de primera i de segona a la prov\u00edncia\u201d, ha assenyalat Enguix, qui apunta que el Pla de Nuclis servir\u00e0 tamb\u00e9 per a \u201ccompensar l&#8217;assignaci\u00f3 d&#8217;alguns dels pocs municipis que no han vist incrementada la seua assignaci\u00f3 en el Pla Obert\u201d.<\/p>\n\n\n\n<p>El Pla de Nuclis avan\u00e7at per la responsable de Cooperaci\u00f3 Municipal arribar\u00e0 tamb\u00e9 a altres municipis que no han vist ampliada la seua aportaci\u00f3 en el principal programa inversor de la Diputaci\u00f3, a conseq\u00fc\u00e8ncia de modificar en la f\u00f3rmula de repartiment la incid\u00e8ncia d&#8217;estos nuclis de poblaci\u00f3 disseminats. En esta situaci\u00f3 es troben Alpuente i Andilla, a la comarca dels Serrans.<\/p>\n","protected":false},"excerpt":{"rendered":"<div class=\"mh-excerpt\">La vicepresidenta primera de la corporaci\u00f3 provincial va aprofitar la visita de Roc\u00edo Cort\u00e9s per a comunicar-li que l&#8217;\u00e0rea de Cooperaci\u00f3 Municipal recuperar\u00e0 este pla per a aldees que es va activar per \u00faltima vegada <a class=\"mh-excerpt-more\" href=\"https:\/\/www.tucomarca.com\/wordpress\/segunda\/ca\/natalia-enguix-avanca-a-lalcaldessa-de-requena-que-la-diputacio-recuperara-el-pla-de-nuclis-suprimit-fa-10-anys\/\" title=\"Nat\u00e0lia Enguix avan\u00e7a a l&#8217;alcaldessa de Requena que la Diputaci\u00f3 recuperar\u00e0 el Pla de Nuclis suprimit fa 10 anys\">[+] <\/a><\/div>\n","protected":false},"author":1,"featured_media":209782,"comment_status":"open","ping_status":"open","sticky":false,"template":"","format":"standard","meta":{"footnotes":""},"categories":[11044,11043,11046,10898,10948,10894,10904,10903,10947,10909,10896,11060],"tags":[],"class_list":{"0":"post-209785","1":"post","2":"type-post","3":"status-publish","4":"format-standard","5":"has-post-thumbnail","7":"category-alpuente-ca","8":"category-andilla-ca","9":"category-los-serranos-ca","10":"category-ventana-ca","11":"category-infraestructuras-ca","12":"category-la-comarca-ca","13":"category-sin-categorizar-ca","14":"category-medio-ambiente-la-comarca-ca","15":"category-politica","16":"category-requena-utiel-ca","17":"category-seccion-ca","18":"category-venta-del-moro-ca"},"_links":{"self":[{"href":"https:\/\/www.tucomarca.com\/wordpress\/segunda\/ca\/wp-json\/wp\/v2\/posts\/209785","targetHints":{"allow":["GET"]}}],"collection":[{"href":"https:\/\/www.tucomarca.com\/wordpress\/segunda\/ca\/wp-json\/wp\/v2\/posts"}],"about":[{"href":"https:\/\/www.tucomarca.com\/wordpress\/segunda\/ca\/wp-json\/wp\/v2\/types\/post"}],"author":[{"embeddable":true,"href":"https:\/\/www.tucomarca.com\/wordpress\/segunda\/ca\/wp-json\/wp\/v2\/users\/1"}],"replies":[{"embeddable":true,"href":"https:\/\/www.tucomarca.com\/wordpress\/segunda\/ca\/wp-json\/wp\/v2\/comments?post=209785"}],"version-history":[{"count":0,"href":"https:\/\/www.tucomarca.com\/wordpress\/segunda\/ca\/wp-json\/wp\/v2\/posts\/209785\/revisions"}],"wp:featuredmedia":[{"embeddable":true,"href":"https:\/\/www.tucomarca.com\/wordpress\/segunda\/ca\/wp-json\/wp\/v2\/media\/209782"}],"wp:attachment":[{"href":"https:\/\/www.tucomarca.com\/wordpress\/segunda\/ca\/wp-json\/wp\/v2\/media?parent=209785"}],"wp:term":[{"taxonomy":"category","embeddable":true,"href":"https:\/\/www.tucomarca.com\/wordpress\/segunda\/ca\/wp-json\/wp\/v2\/categories?post=209785"},{"taxonomy":"post_tag","embeddable":true,"href":"https:\/\/www.tucomarca.com\/wordpress\/segunda\/ca\/wp-json\/wp\/v2\/tags?post=209785"}],"curies":[{"name":"wp","href":"https:\/\/api.w.org\/{rel}","templated":true}]}}