{"id":209988,"date":"2024-02-06T13:00:00","date_gmt":"2024-02-06T12:00:00","guid":{"rendered":"https:\/\/www.tucomarca.com\/wordpress\/segunda\/?p=209988"},"modified":"2024-02-06T18:37:42","modified_gmt":"2024-02-06T17:37:42","slug":"tot-preparat-per-a-la-xxix-mostra-de-lembotit-artesa-i-qualitat-de-requena-que-sinaugura-aquest-divendres","status":"publish","type":"post","link":"https:\/\/www.tucomarca.com\/wordpress\/segunda\/ca\/tot-preparat-per-a-la-xxix-mostra-de-lembotit-artesa-i-qualitat-de-requena-que-sinaugura-aquest-divendres\/","title":{"rendered":"Tot preparat per a la XXIX Mostra de l&#8217;Embotit Artes\u00e0 i Qualitat de Requena que s&#8217;inaugura aquest divendres"},"content":{"rendered":"\n<p>En el Mercat de Col\u00f3n de Val\u00e8ncia, l&#8217;Ajuntament de Requena, liderat per l&#8217;alcaldessa, Roc\u00edo Cort\u00e9s, i acompanyada pel regidor de comer\u00e7, Julio Mart\u00ednez, s&#8217;ha presentat la XXIX Mostra de l&#8217;Embotit de Requena. <\/p>\n\n\n\n<p>Aquest esdeveniment gastron\u00f2mic, recolzat per l&#8217;Associaci\u00f3 d&#8217;Embotits de Requena i part de la corporaci\u00f3 municipal, destaca com una de les fires m\u00e9s importants de la comarca de l&#8217;interior de Val\u00e8ncia.<\/p>\n\n\n\n<figure class=\"wp-block-gallery has-nested-images columns-default is-cropped wp-block-gallery-1 is-layout-flex wp-block-gallery-is-layout-flex\">\n<figure class=\"wp-block-image size-large\"><img loading=\"lazy\" decoding=\"async\" width=\"1600\" height=\"1200\" data-id=\"209981\" src=\"http:\/\/www.tucomarca.com\/wordpress\/segunda\/wp-content\/uploads\/2024\/02\/PresEmbutidoRequena2.jpg\" alt=\"\" class=\"wp-image-209981\" srcset=\"https:\/\/www.tucomarca.com\/wordpress\/segunda\/wp-content\/uploads\/2024\/02\/PresEmbutidoRequena2.jpg 1600w, https:\/\/www.tucomarca.com\/wordpress\/segunda\/wp-content\/uploads\/2024\/02\/PresEmbutidoRequena2-300x225.jpg 300w, https:\/\/www.tucomarca.com\/wordpress\/segunda\/wp-content\/uploads\/2024\/02\/PresEmbutidoRequena2-1024x768.jpg 1024w, https:\/\/www.tucomarca.com\/wordpress\/segunda\/wp-content\/uploads\/2024\/02\/PresEmbutidoRequena2-768x576.jpg 768w, https:\/\/www.tucomarca.com\/wordpress\/segunda\/wp-content\/uploads\/2024\/02\/PresEmbutidoRequena2-1536x1152.jpg 1536w, https:\/\/www.tucomarca.com\/wordpress\/segunda\/wp-content\/uploads\/2024\/02\/PresEmbutidoRequena2-678x509.jpg 678w, https:\/\/www.tucomarca.com\/wordpress\/segunda\/wp-content\/uploads\/2024\/02\/PresEmbutidoRequena2-326x245.jpg 326w, https:\/\/www.tucomarca.com\/wordpress\/segunda\/wp-content\/uploads\/2024\/02\/PresEmbutidoRequena2-80x60.jpg 80w\" sizes=\"auto, (max-width: 1600px) 100vw, 1600px\" \/><\/figure>\n\n\n\n<figure class=\"wp-block-image size-large\"><img loading=\"lazy\" decoding=\"async\" width=\"1600\" height=\"1200\" data-id=\"209979\" src=\"http:\/\/www.tucomarca.com\/wordpress\/segunda\/wp-content\/uploads\/2024\/02\/PresEmbutidoRequena1.jpg\" alt=\"\" class=\"wp-image-209979\" srcset=\"https:\/\/www.tucomarca.com\/wordpress\/segunda\/wp-content\/uploads\/2024\/02\/PresEmbutidoRequena1.jpg 1600w, https:\/\/www.tucomarca.com\/wordpress\/segunda\/wp-content\/uploads\/2024\/02\/PresEmbutidoRequena1-300x225.jpg 300w, https:\/\/www.tucomarca.com\/wordpress\/segunda\/wp-content\/uploads\/2024\/02\/PresEmbutidoRequena1-1024x768.jpg 1024w, https:\/\/www.tucomarca.com\/wordpress\/segunda\/wp-content\/uploads\/2024\/02\/PresEmbutidoRequena1-768x576.jpg 768w, https:\/\/www.tucomarca.com\/wordpress\/segunda\/wp-content\/uploads\/2024\/02\/PresEmbutidoRequena1-1536x1152.jpg 1536w, https:\/\/www.tucomarca.com\/wordpress\/segunda\/wp-content\/uploads\/2024\/02\/PresEmbutidoRequena1-678x509.jpg 678w, https:\/\/www.tucomarca.com\/wordpress\/segunda\/wp-content\/uploads\/2024\/02\/PresEmbutidoRequena1-326x245.jpg 326w, https:\/\/www.tucomarca.com\/wordpress\/segunda\/wp-content\/uploads\/2024\/02\/PresEmbutidoRequena1-80x60.jpg 80w\" sizes=\"auto, (max-width: 1600px) 100vw, 1600px\" \/><\/figure>\n<\/figure>\n\n\n\n<p>Julio Mart\u00ednez, durant la presentaci\u00f3, va destacar \u201cl&#8217;experi\u00e8ncia completa que ofereix la Mostra, no sols en el paladar, sin\u00f3 tamb\u00e9 explorant la hist\u00f2ria, cultura i passi\u00f3 per la gastronomia de la regi\u00f3\u201d.<\/p>\n\n\n\n<p>L&#8217;alcaldessa, Roc\u00edo Cort\u00e9s, va agrair als artesans i elaboradors \u201cper la seua contribuci\u00f3 al projecte, ressaltant l&#8217;esfor\u00e7 que fan perqu\u00e8 la fira atraga a nombrosos visitants a la ciutat\u201d.<\/p>\n\n\n\n<p>La presentaci\u00f3 va ser encara m\u00e9s significativa en subratllar la import\u00e0ncia de ser la primera mostra despr\u00e9s del suport del Govern central per a oficialitzar la denominaci\u00f3 \u2018Requena\u2019 al cava de la regi\u00f3, malgrat l&#8217;oposici\u00f3 dels cellers catalans. L&#8217;alcaldessa va expressar el seu agra\u00efment per aquest suport, considerant-lo una fita en la batalla pel reconeixement del \u2018Cava de Requena\u2019.<\/p>\n\n\n\n<p>Durant els tres dies que durar\u00e0 l&#8217;esdeveniment gastron\u00f2mic, les carnisseries de l&#8217;Associaci\u00f3 de l&#8217;Embotit oferiran una varietat colossal d&#8217;embotits i productes artesans de qualitat de Requena. Els assistents podran degustar productes com a llonganissa, xori\u00e7o, salsitx\u00f3, g\u00fce\u00f1a, botifarra, sobrassada, gos, formatge, oli d&#8217;oliva, aix\u00ed com platerets tradicionals com ajoarriero, morteruelo, brioix i pa bene\u00eft, juntament amb vins de la zona.<\/p>\n\n\n\n<p>La venda anticipada de tiquets, estar\u00e0 disponible fins al 6 de febrer, inclour\u00e0 tres visites addicionals a museus o monuments, amb horari d&#8217;entrada de 10 a 12 hores els dissabtes i diumenges. Els interessats poden adquirir les seues entrades a trav\u00e9s de l&#8217;Oficina de Turisme. Informa, <strong>Luis Ib\u00e1\u00f1ez.<\/strong><\/p>\n","protected":false},"excerpt":{"rendered":"<div class=\"mh-excerpt\">En el Mercat de Col\u00f3n de Val\u00e8ncia, l&#8217;Ajuntament de Requena, liderat per l&#8217;alcaldessa, Roc\u00edo Cort\u00e9s, i acompanyada pel regidor de comer\u00e7, Julio Mart\u00ednez, s&#8217;ha presentat la XXIX Mostra de l&#8217;Embotit de Requena. Aquest esdeveniment gastron\u00f2mic, <a class=\"mh-excerpt-more\" href=\"https:\/\/www.tucomarca.com\/wordpress\/segunda\/ca\/tot-preparat-per-a-la-xxix-mostra-de-lembotit-artesa-i-qualitat-de-requena-que-sinaugura-aquest-divendres\/\" title=\"Tot preparat per a la XXIX Mostra de l&#8217;Embotit Artes\u00e0 i Qualitat de Requena que s&#8217;inaugura aquest divendres\">[+] <\/a><\/div>\n","protected":false},"author":12,"featured_media":209984,"comment_status":"open","ping_status":"open","sticky":false,"template":"","format":"gallery","meta":{"footnotes":""},"categories":[11019,11006,10898,10948,10894,11007,10908,10909,10896],"tags":[11099,10910,20212],"class_list":{"0":"post-209988","1":"post","2":"type-post","3":"status-publish","4":"format-gallery","5":"has-post-thumbnail","7":"category-agenda-ca","8":"category-canal-vinos","9":"category-ventana-ca","10":"category-infraestructuras-ca","11":"category-la-comarca-ca","12":"category-ocio-y-cultura-ca","13":"category-requena-ca","14":"category-requena-utiel-ca","15":"category-seccion-ca","16":"tag-requena-ca","17":"tag-requena-utiel-ca","18":"tag-xxix-muestra-del-embutido-de-requena-ca","19":"post_format-post-format-gallery"},"_links":{"self":[{"href":"https:\/\/www.tucomarca.com\/wordpress\/segunda\/ca\/wp-json\/wp\/v2\/posts\/209988","targetHints":{"allow":["GET"]}}],"collection":[{"href":"https:\/\/www.tucomarca.com\/wordpress\/segunda\/ca\/wp-json\/wp\/v2\/posts"}],"about":[{"href":"https:\/\/www.tucomarca.com\/wordpress\/segunda\/ca\/wp-json\/wp\/v2\/types\/post"}],"author":[{"embeddable":true,"href":"https:\/\/www.tucomarca.com\/wordpress\/segunda\/ca\/wp-json\/wp\/v2\/users\/12"}],"replies":[{"embeddable":true,"href":"https:\/\/www.tucomarca.com\/wordpress\/segunda\/ca\/wp-json\/wp\/v2\/comments?post=209988"}],"version-history":[{"count":0,"href":"https:\/\/www.tucomarca.com\/wordpress\/segunda\/ca\/wp-json\/wp\/v2\/posts\/209988\/revisions"}],"wp:featuredmedia":[{"embeddable":true,"href":"https:\/\/www.tucomarca.com\/wordpress\/segunda\/ca\/wp-json\/wp\/v2\/media\/209984"}],"wp:attachment":[{"href":"https:\/\/www.tucomarca.com\/wordpress\/segunda\/ca\/wp-json\/wp\/v2\/media?parent=209988"}],"wp:term":[{"taxonomy":"category","embeddable":true,"href":"https:\/\/www.tucomarca.com\/wordpress\/segunda\/ca\/wp-json\/wp\/v2\/categories?post=209988"},{"taxonomy":"post_tag","embeddable":true,"href":"https:\/\/www.tucomarca.com\/wordpress\/segunda\/ca\/wp-json\/wp\/v2\/tags?post=209988"}],"curies":[{"name":"wp","href":"https:\/\/api.w.org\/{rel}","templated":true}]}}