{"id":210000,"date":"2024-02-06T11:00:00","date_gmt":"2024-02-06T10:00:00","guid":{"rendered":"https:\/\/www.tucomarca.com\/wordpress\/segunda\/?p=210000"},"modified":"2024-02-06T19:41:53","modified_gmt":"2024-02-06T18:41:53","slug":"la-regidoria-de-sanitat-de-bunyol-aconsegueix-que-el-svb-compte-amb-una-zona-exclusiva-de-descans-remodelada-per-al-personal-en-el-centre-de-salut","status":"publish","type":"post","link":"https:\/\/www.tucomarca.com\/wordpress\/segunda\/ca\/la-regidoria-de-sanitat-de-bunyol-aconsegueix-que-el-svb-compte-amb-una-zona-exclusiva-de-descans-remodelada-per-al-personal-en-el-centre-de-salut\/","title":{"rendered":"La regidoria de Sanitat de Bunyol aconsegueix que el SVB compte amb una zona exclusiva de descans remodelada per al personal en el Centre de Salut\u00a0"},"content":{"rendered":"\n<h4 class=\"wp-block-heading\">Una de les prioritats del regidor de Sanitat de Bunyol, Ulisses Araujo, \u00e9s gestionar les \u00e0rees de descans del SAMU i del SVB perqu\u00e8 romanguen en el municipi.&nbsp;<\/h4>\n\n\n\n<p>Despr\u00e9s de diverses reunions amb tots dos serveis, es van recollir incid\u00e8ncies de totes dues \u00e0rees. Tenint en compte aquestes necessitats com l&#8217;establiment d&#8217;una zona fixa de descans en el Centre de Salut de Bunyol, el regidor va procedir a donar solucions amb l&#8217;ajuda de la Conselleria de Sanitat.<br>Despr\u00e9s de la reuni\u00f3 amb aquest ens auton\u00f2mic, ja s&#8217;ha aconseguit l&#8217;espai fix per al Suport Vital B\u00e0sic dins del Centre de Salut de Bunyol. Ser\u00e0 l&#8217;empresa del SVB qui de manera imminent es posar\u00e0 en marxa per a condicionar i millorar un espai exclusiu per a ells. L&#8217;edil responsable de l&#8217;\u00e0rea, Ulisses Araujo, confirma que la Conselleria ha donat el vistiplau per al condicionament d&#8217;aquesta \u00e0rea, ja que la reversi\u00f3 de l&#8217;Hospital de Manises a un servei totalment p\u00fablic \u00e9s una realitat.<br>Definitivament el SVB tindr\u00e0 eixe espai condicionat per al seu descans, millorant aix\u00ed aquest servei tan necessari per al poble de Bunyol i voltants. \u201cEntorn del mes de maig es preveu que estiguen finalitzades les obres per a millorar una zona exclusiva per a ells, que els garantir\u00e0 un millor descans i per tant un millor servei nocturn per a tota la comarca\u201d, va ressenyar Araujo.<br>A m\u00e9s, a trav\u00e9s dels pobles de la comarca tamb\u00e9 es treballar\u00e0 amb Conselleria per a la concessi\u00f3 d&#8217;un altre servei d&#8217;ambul\u00e0ncia que millore la rapidesa d&#8217;arribada als pobles de l&#8217;entorn. \u201cEncara que ser\u00e0 dif\u00edcil aconseguir-ho ja que a Bunyol comptem amb 24 hores assegurades (de 9 a 21h amb el SAMU, i de 21h a 9h amb el SVB) volem millorar cada dia m\u00e9s l&#8217;atenci\u00f3 sanit\u00e0ria de la nostra zona\u201d, va finalitzar el regidor de Sanitat de Bunyol, Ulisses Araujo.<\/p>\n","protected":false},"excerpt":{"rendered":"<div class=\"mh-excerpt\">Una de les prioritats del regidor de Sanitat de Bunyol, Ulisses Araujo, \u00e9s gestionar les \u00e0rees de descans del SAMU i del SVB perqu\u00e8 romanguen en el municipi.&nbsp; Despr\u00e9s de diverses reunions amb tots dos <a class=\"mh-excerpt-more\" href=\"https:\/\/www.tucomarca.com\/wordpress\/segunda\/ca\/la-regidoria-de-sanitat-de-bunyol-aconsegueix-que-el-svb-compte-amb-una-zona-exclusiva-de-descans-remodelada-per-al-personal-en-el-centre-de-salut\/\" title=\"La regidoria de Sanitat de Bunyol aconsegueix que el SVB compte amb una zona exclusiva de descans remodelada per al personal en el Centre de Salut\u00a0\">[+] <\/a><\/div>\n","protected":false},"author":12,"featured_media":209998,"comment_status":"open","ping_status":"open","sticky":false,"template":"","format":"standard","meta":{"footnotes":""},"categories":[10911,11010,10948,10894,10912,10947,10896],"tags":[10913,10914,11878,20214],"class_list":{"0":"post-210000","1":"post","2":"type-post","3":"status-publish","4":"format-standard","5":"has-post-thumbnail","7":"category-bunol-ca","8":"category-canal-salud","9":"category-infraestructuras-ca","10":"category-la-comarca-ca","11":"category-la-hoya-ca","12":"category-politica","13":"category-seccion-ca","14":"tag-bunol-ca","15":"tag-la-hoya-de-bunol-chiva-ca","16":"tag-samu-ca","17":"tag-svb-ca"},"_links":{"self":[{"href":"https:\/\/www.tucomarca.com\/wordpress\/segunda\/ca\/wp-json\/wp\/v2\/posts\/210000","targetHints":{"allow":["GET"]}}],"collection":[{"href":"https:\/\/www.tucomarca.com\/wordpress\/segunda\/ca\/wp-json\/wp\/v2\/posts"}],"about":[{"href":"https:\/\/www.tucomarca.com\/wordpress\/segunda\/ca\/wp-json\/wp\/v2\/types\/post"}],"author":[{"embeddable":true,"href":"https:\/\/www.tucomarca.com\/wordpress\/segunda\/ca\/wp-json\/wp\/v2\/users\/12"}],"replies":[{"embeddable":true,"href":"https:\/\/www.tucomarca.com\/wordpress\/segunda\/ca\/wp-json\/wp\/v2\/comments?post=210000"}],"version-history":[{"count":0,"href":"https:\/\/www.tucomarca.com\/wordpress\/segunda\/ca\/wp-json\/wp\/v2\/posts\/210000\/revisions"}],"wp:featuredmedia":[{"embeddable":true,"href":"https:\/\/www.tucomarca.com\/wordpress\/segunda\/ca\/wp-json\/wp\/v2\/media\/209998"}],"wp:attachment":[{"href":"https:\/\/www.tucomarca.com\/wordpress\/segunda\/ca\/wp-json\/wp\/v2\/media?parent=210000"}],"wp:term":[{"taxonomy":"category","embeddable":true,"href":"https:\/\/www.tucomarca.com\/wordpress\/segunda\/ca\/wp-json\/wp\/v2\/categories?post=210000"},{"taxonomy":"post_tag","embeddable":true,"href":"https:\/\/www.tucomarca.com\/wordpress\/segunda\/ca\/wp-json\/wp\/v2\/tags?post=210000"}],"curies":[{"name":"wp","href":"https:\/\/api.w.org\/{rel}","templated":true}]}}