{"id":210048,"date":"2024-02-06T09:00:00","date_gmt":"2024-02-06T08:00:00","guid":{"rendered":"https:\/\/www.tucomarca.com\/wordpress\/segunda\/?p=210048"},"modified":"2024-02-06T19:18:50","modified_gmt":"2024-02-06T18:18:50","slug":"la-guardia-civil-desmantella-dues-plantacions-de-marihuana-a-linterior-dhabitatges-a-la-ribera-alta","status":"publish","type":"post","link":"https:\/\/www.tucomarca.com\/wordpress\/segunda\/ca\/la-guardia-civil-desmantella-dues-plantacions-de-marihuana-a-linterior-dhabitatges-a-la-ribera-alta\/","title":{"rendered":"La Gu\u00e0rdia Civil desmantella dues plantacions de marihuana a l&#8217;interior d&#8217;habitatges a la Ribera Alta\u00a0"},"content":{"rendered":"\n<h3 class=\"wp-block-heading\"><strong>El detingut utilitzava l&#8217;interior de dos habitatges, per a cultivar i emmagatzemar la marihuana<\/strong>.<\/h3>\n\n\n\n<h3 class=\"wp-block-heading\"><strong>341 plantes de marihuana apreheses que van llan\u00e7ar un pes de 50kg<\/strong>.<\/h3>\n\n\n\n<p>La Gu\u00e0rdia Civil de Val\u00e8ncia, en el marc de l&#8217;operaci\u00f3 \u201cMARGOYA\u201d, ha detingut a una persona per un delicte de cultiu o elaboraci\u00f3 de droga i un altre de defraudaci\u00f3 de fluid el\u00e8ctric a la comarca de la Ribera Alta.<\/p>\n\n\n\n<p>La investigaci\u00f3 va comen\u00e7ar quan els gu\u00e0rdies civils van detectar que a l&#8217;interior d&#8217;un habitatge s&#8217;estava realitzant una plantaci\u00f3 de marihuana tipus \u201cindoor\u201d.<\/p>\n\n\n\n<p>En el transcurs de la investigaci\u00f3, es va poder comprovar que el detingut estava realitzant l&#8217;activitat il\u00b7l\u00edcita en un total de dos habitatges, sent una d&#8217;elles el seu domicili en el qual residia amb la seua dona i fills, aquests menors d&#8217;edat.<\/p>\n\n\n\n<p>Fruit de les dilig\u00e8ncies es van poder dur a terme, a mitjan gener, dos registres en domicilis, aprehenent 341 plantes de marihuana llan\u00e7ant un pes total de 50 kg. A m\u00e9s de tots els \u00fatils necessaris per al cultiu i elaboraci\u00f3 de la marihuana.&nbsp;<\/p>\n\n\n\n<p>L&#8217;operaci\u00f3 es va saldar amb la detenci\u00f3 d&#8217;1 home, de 29 anys d&#8217;edat i de nacionalitat espanyola.<\/p>\n\n\n\n<p>Les dilig\u00e8ncies han sigut entregades en el Jutjat de Primera Inst\u00e0ncia i Instrucci\u00f3 N\u00famero 3 de Carlet.<\/p>\n","protected":false},"excerpt":{"rendered":"<div class=\"mh-excerpt\">El detingut utilitzava l&#8217;interior de dos habitatges, per a cultivar i emmagatzemar la marihuana. 341 plantes de marihuana apreheses que van llan\u00e7ar un pes de 50kg. La Gu\u00e0rdia Civil de Val\u00e8ncia, en el marc de <a class=\"mh-excerpt-more\" href=\"https:\/\/www.tucomarca.com\/wordpress\/segunda\/ca\/la-guardia-civil-desmantella-dues-plantacions-de-marihuana-a-linterior-dhabitatges-a-la-ribera-alta\/\" title=\"La Gu\u00e0rdia Civil desmantella dues plantacions de marihuana a l&#8217;interior d&#8217;habitatges a la Ribera Alta\u00a0\">[+] <\/a><\/div>\n","protected":false},"author":1,"featured_media":210046,"comment_status":"open","ping_status":"open","sticky":false,"template":"","format":"standard","meta":{"footnotes":""},"categories":[10990,10898,10948,10894,10904,10902,10896,10897],"tags":[11118,11077],"class_list":{"0":"post-210048","1":"post","2":"type-post","3":"status-publish","4":"format-standard","5":"has-post-thumbnail","7":"category-carlet-ca","8":"category-ventana-ca","9":"category-infraestructuras-ca","10":"category-la-comarca-ca","11":"category-sin-categorizar-ca","12":"category-la-ribera-ca","13":"category-seccion-ca","14":"category-sucesos-la-comarca-ca","15":"tag-guardia-civil-ca","16":"tag-la-ribera-alta-ca"},"_links":{"self":[{"href":"https:\/\/www.tucomarca.com\/wordpress\/segunda\/ca\/wp-json\/wp\/v2\/posts\/210048","targetHints":{"allow":["GET"]}}],"collection":[{"href":"https:\/\/www.tucomarca.com\/wordpress\/segunda\/ca\/wp-json\/wp\/v2\/posts"}],"about":[{"href":"https:\/\/www.tucomarca.com\/wordpress\/segunda\/ca\/wp-json\/wp\/v2\/types\/post"}],"author":[{"embeddable":true,"href":"https:\/\/www.tucomarca.com\/wordpress\/segunda\/ca\/wp-json\/wp\/v2\/users\/1"}],"replies":[{"embeddable":true,"href":"https:\/\/www.tucomarca.com\/wordpress\/segunda\/ca\/wp-json\/wp\/v2\/comments?post=210048"}],"version-history":[{"count":0,"href":"https:\/\/www.tucomarca.com\/wordpress\/segunda\/ca\/wp-json\/wp\/v2\/posts\/210048\/revisions"}],"wp:featuredmedia":[{"embeddable":true,"href":"https:\/\/www.tucomarca.com\/wordpress\/segunda\/ca\/wp-json\/wp\/v2\/media\/210046"}],"wp:attachment":[{"href":"https:\/\/www.tucomarca.com\/wordpress\/segunda\/ca\/wp-json\/wp\/v2\/media?parent=210048"}],"wp:term":[{"taxonomy":"category","embeddable":true,"href":"https:\/\/www.tucomarca.com\/wordpress\/segunda\/ca\/wp-json\/wp\/v2\/categories?post=210048"},{"taxonomy":"post_tag","embeddable":true,"href":"https:\/\/www.tucomarca.com\/wordpress\/segunda\/ca\/wp-json\/wp\/v2\/tags?post=210048"}],"curies":[{"name":"wp","href":"https:\/\/api.w.org\/{rel}","templated":true}]}}