{"id":210203,"date":"2024-02-07T09:00:00","date_gmt":"2024-02-07T08:00:00","guid":{"rendered":"https:\/\/www.tucomarca.com\/wordpress\/segunda\/?p=210203"},"modified":"2024-02-07T21:21:06","modified_gmt":"2024-02-07T20:21:06","slug":"mes-de-200-persones-i-100-tractors-de-la-unio-tallan-els-accessos-a-portcastello-en-protesta-per-les-importacions-de-paisos-tercers-fins-a-ser-desallotjats-per-la-policia","status":"publish","type":"post","link":"https:\/\/www.tucomarca.com\/wordpress\/segunda\/ca\/mes-de-200-persones-i-100-tractors-de-la-unio-tallan-els-accessos-a-portcastello-en-protesta-per-les-importacions-de-paisos-tercers-fins-a-ser-desallotjats-per-la-policia\/","title":{"rendered":"M\u00e9s de 200 persones i 100 tractors de La Uni\u00f3 tallan els accessos a PortCastell\u00f3 en protesta per les importacions de pa\u00efsos tercers fins a ser desallotjats per la polic\u00eda"},"content":{"rendered":"\n<h3 class=\"wp-block-heading\">La Uni\u00f3 sol\u00b7licita la dimissi\u00f3 de la subdelegada del Govern, Antonia Garc\u00eda Valls, per l&#8217;actuaci\u00f3 desmesurada de la policia i impedir tamb\u00e9 l&#8217;acc\u00e9s dels tractors al port.<\/h3>\n\n\n\n<figure class=\"wp-block-gallery has-nested-images columns-2 is-cropped wp-block-gallery-1 is-layout-flex wp-block-gallery-is-layout-flex\">\n<figure class=\"wp-block-image size-large\"><img loading=\"lazy\" decoding=\"async\" width=\"886\" height=\"590\" data-id=\"210200\" src=\"http:\/\/www.tucomarca.com\/wordpress\/segunda\/wp-content\/uploads\/2024\/02\/UnioTractors.jpg\" alt=\"\" class=\"wp-image-210200\" srcset=\"https:\/\/www.tucomarca.com\/wordpress\/segunda\/wp-content\/uploads\/2024\/02\/UnioTractors.jpg 886w, https:\/\/www.tucomarca.com\/wordpress\/segunda\/wp-content\/uploads\/2024\/02\/UnioTractors-300x200.jpg 300w, https:\/\/www.tucomarca.com\/wordpress\/segunda\/wp-content\/uploads\/2024\/02\/UnioTractors-768x511.jpg 768w\" sizes=\"auto, (max-width: 886px) 100vw, 886px\" \/><\/figure>\n\n\n\n<figure class=\"wp-block-image size-large\"><img loading=\"lazy\" decoding=\"async\" width=\"886\" height=\"590\" data-id=\"210198\" src=\"http:\/\/www.tucomarca.com\/wordpress\/segunda\/wp-content\/uploads\/2024\/02\/UnioPancarta.jpg\" alt=\"\" class=\"wp-image-210198\" srcset=\"https:\/\/www.tucomarca.com\/wordpress\/segunda\/wp-content\/uploads\/2024\/02\/UnioPancarta.jpg 886w, https:\/\/www.tucomarca.com\/wordpress\/segunda\/wp-content\/uploads\/2024\/02\/UnioPancarta-300x200.jpg 300w, https:\/\/www.tucomarca.com\/wordpress\/segunda\/wp-content\/uploads\/2024\/02\/UnioPancarta-768x511.jpg 768w\" sizes=\"auto, (max-width: 886px) 100vw, 886px\" \/><\/figure>\n\n\n\n<figure class=\"wp-block-image size-large\"><img loading=\"lazy\" decoding=\"async\" width=\"886\" height=\"590\" data-id=\"210196\" src=\"http:\/\/www.tucomarca.com\/wordpress\/segunda\/wp-content\/uploads\/2024\/02\/UnioProtesta.jpg\" alt=\"\" class=\"wp-image-210196\" srcset=\"https:\/\/www.tucomarca.com\/wordpress\/segunda\/wp-content\/uploads\/2024\/02\/UnioProtesta.jpg 886w, https:\/\/www.tucomarca.com\/wordpress\/segunda\/wp-content\/uploads\/2024\/02\/UnioProtesta-300x200.jpg 300w, https:\/\/www.tucomarca.com\/wordpress\/segunda\/wp-content\/uploads\/2024\/02\/UnioProtesta-768x511.jpg 768w\" sizes=\"auto, (max-width: 886px) 100vw, 886px\" \/><\/figure>\n<\/figure>\n\n\n\n<p>M\u00e9s de 200 persones a peu i 100 tractors de la Uni\u00f3 Llauradora han tallat hui els accessos a PortCastell\u00f3 durant quatre hores per a denunciar la cr\u00edtica situaci\u00f3 que viuen els llauradors i ramaders de la Comunitat Valenciana a causa de les males collites i els alts costos de producci\u00f3, que es topen amb les importacions deslleials procedents de tercers pa\u00efsos i la insufici\u00e8ncia de les mesures posades en marxa i l&#8217;assetjament al qual est\u00e0 sotm\u00e9s el sector.<\/p>\n\n\n\n<p>La Uni\u00f3 sol\u00b7licitar\u00e0 la dimissi\u00f3 de la subdelegada del Govern a Castell\u00f3, Antonia Garc\u00eda Valls, davant l&#8217;actuaci\u00f3 de les forces de seguretat de l&#8217;Estat que han impedit l&#8217;acc\u00e9s de 100 tractors a les instal\u00b7lacions del port arribats des de diferents punts de la Plana Alta per a participar en la protesta. Tamb\u00e9 han procedit a desallotjar amb agressivitat d&#8217;un en un als concentrats que estaven asseguts, pese al perm\u00eds sol\u00b7licitat el passat 15 de gener i autoritzat per a la protesta i abans fins i tot de complir-se l&#8217;hora prevista de finalitzaci\u00f3 que eren les 14 hores.<\/p>\n\n\n\n<p>Carles Peris, secretari general de La Uni\u00f3, qualifica de \u201clamentable i desmesurada l&#8217;actitud de la policia obeint ordres dels seus superiors que han impedit l&#8217;acc\u00e9s dels tractors a la protesta malgrat els molts quil\u00f2metres que han fet per a arribar fins all\u00ed, aix\u00ed com l&#8217;obligaci\u00f3 de desallotjar les instal\u00b7lacions de mala manera als participants en la protesta. En una situaci\u00f3 extraordin\u00e0ria amb el sector asfixiat \u00e9s molt lamentable aquesta actitud i per aix\u00f2 demanem la dimissi\u00f3 de la subdelegada perqu\u00e8 no \u00e9s tolerable el que hui se&#8217;ns ha fet\u201d, denuncia Peris.<\/p>\n\n\n\n<p>L&#8217;organitzaci\u00f3 celebrar\u00e0 quatre protestes m\u00e9s al llarg de de febrer. Despr\u00e9s d&#8217;aquesta protesta en la capital de la Plana, iniciar\u00e0 un calendari unitari de protestes en la Comunitat Valenciana al costat de totes les organitzacions agr\u00e0ries i cooperatives. En el port de Castell\u00f3 el 15 de febrer, el 16 de febrer en Alacant i en el port de Val\u00e8ncia el pr\u00f2xim 22 de febrer.<\/p>\n\n\n\n<p>Enmig d&#8217;aquestes accions de protesta conjunta hi haur\u00e0 un punt fort amb una gran tractorada a Madrid el 21 de febrer per part de totes les organitzacions territorials de la Uni\u00f3n de Uniones i que finalitzar\u00e0 a les portes del Ministeri d&#8217;Agricultura (MAPA) sota el lema \u201cEns sobren els motius\u201d. Els tractors arribaran fins a Madrid des de totes les comunitats aut\u00f2nomes, inclosa la nostra.<\/p>\n\n\n\n<p>L&#8217;organitzaci\u00f3 considera que hi ha suficients motius de pes per a convocar al sector a la mobilitzaci\u00f3 i d&#8217;ac\u00ed aquest calendari tan ampli i complet. \u201cLa compet\u00e8ncia deslleial de les importacions que no respecten les normes que ens imposen a nosaltres, els olivicultores i viticultors valencians s&#8217;han quedat fora de les ajudes de totes les Administracions; els cerealistes han tingut mala collita i baixos preus igual que molts altres sectors, el Govern signa un acord internacional per a retirar les ajudes al gasoil agr\u00edcola, els ramaders continuen sacrificant animals per uns plans de sanitat irracionals i patint els efectes de la falta de pastures, l&#8217;aprovaci\u00f3 constant de noves exig\u00e8ncies ambientals ens carreguen de m\u00e9s costos i m\u00e9s burocr\u00e0cia\u201d, s\u00f3n alguns dels assumptes sense resposta.<\/p>\n\n\n\n<p>Tamb\u00e9 insisteix La Uni\u00f3 que \u201cels ports de la Comunitat Valenciana fomenten les bonificacions per a l&#8217;entrada de productes agraris importats, el Govern incompleix les lleis i les sent\u00e8ncies dels tribunals com la del contracte de doble tarifa per al regadiu quan hi ha un increment de cost per la sequera i es rega m\u00e9s i m\u00e9s car, no s&#8217;atallen els danys als cultius que provoca la fauna salvatge, les assegurances agr\u00e0ries s\u00f3n cada vegada m\u00e9s cars i protegeixen menys. Sobren les raons per a eixir al carrer una altra vegada i a m\u00e9s durant diversos dies\u201d, opina l&#8217;organitzaci\u00f3 agr\u00e0ria.<\/p>\n","protected":false},"excerpt":{"rendered":"<div class=\"mh-excerpt\">La Uni\u00f3 sol\u00b7licita la dimissi\u00f3 de la subdelegada del Govern, Antonia Garc\u00eda Valls, per l&#8217;actuaci\u00f3 desmesurada de la policia i impedir tamb\u00e9 l&#8217;acc\u00e9s dels tractors al port. M\u00e9s de 200 persones a peu i 100 <a class=\"mh-excerpt-more\" href=\"https:\/\/www.tucomarca.com\/wordpress\/segunda\/ca\/mes-de-200-persones-i-100-tractors-de-la-unio-tallan-els-accessos-a-portcastello-en-protesta-per-les-importacions-de-paisos-tercers-fins-a-ser-desallotjats-per-la-policia\/\" title=\"M\u00e9s de 200 persones i 100 tractors de La Uni\u00f3 tallan els accessos a PortCastell\u00f3 en protesta per les importacions de pa\u00efsos tercers fins a ser desallotjats per la polic\u00eda\">[+] <\/a><\/div>\n","protected":false},"author":12,"featured_media":210195,"comment_status":"open","ping_status":"open","sticky":false,"template":"","format":"gallery","meta":{"footnotes":""},"categories":[10890,10905,10892,11046,10898,10948,10963,10894,10904,10912,10902,10947,10909,10896],"tags":[18022,20206],"class_list":{"0":"post-210203","1":"post","2":"type-post","3":"status-publish","4":"format-gallery","5":"has-post-thumbnail","7":"category-ademus","8":"category-agricultura-la-comarca-ca","9":"category-camp-de-turia-ca","10":"category-los-serranos-ca","11":"category-ventana-ca","12":"category-infraestructuras-ca","13":"category-la-canal-de-navarres-ca","14":"category-la-comarca-ca","15":"category-sin-categorizar-ca","16":"category-la-hoya-ca","17":"category-la-ribera-ca","18":"category-politica","19":"category-requena-utiel-ca","20":"category-seccion-ca","21":"tag-la-unio-llauradora-ca","22":"tag-protestas-agricultores-ca","23":"post_format-post-format-gallery"},"_links":{"self":[{"href":"https:\/\/www.tucomarca.com\/wordpress\/segunda\/ca\/wp-json\/wp\/v2\/posts\/210203","targetHints":{"allow":["GET"]}}],"collection":[{"href":"https:\/\/www.tucomarca.com\/wordpress\/segunda\/ca\/wp-json\/wp\/v2\/posts"}],"about":[{"href":"https:\/\/www.tucomarca.com\/wordpress\/segunda\/ca\/wp-json\/wp\/v2\/types\/post"}],"author":[{"embeddable":true,"href":"https:\/\/www.tucomarca.com\/wordpress\/segunda\/ca\/wp-json\/wp\/v2\/users\/12"}],"replies":[{"embeddable":true,"href":"https:\/\/www.tucomarca.com\/wordpress\/segunda\/ca\/wp-json\/wp\/v2\/comments?post=210203"}],"version-history":[{"count":0,"href":"https:\/\/www.tucomarca.com\/wordpress\/segunda\/ca\/wp-json\/wp\/v2\/posts\/210203\/revisions"}],"wp:featuredmedia":[{"embeddable":true,"href":"https:\/\/www.tucomarca.com\/wordpress\/segunda\/ca\/wp-json\/wp\/v2\/media\/210195"}],"wp:attachment":[{"href":"https:\/\/www.tucomarca.com\/wordpress\/segunda\/ca\/wp-json\/wp\/v2\/media?parent=210203"}],"wp:term":[{"taxonomy":"category","embeddable":true,"href":"https:\/\/www.tucomarca.com\/wordpress\/segunda\/ca\/wp-json\/wp\/v2\/categories?post=210203"},{"taxonomy":"post_tag","embeddable":true,"href":"https:\/\/www.tucomarca.com\/wordpress\/segunda\/ca\/wp-json\/wp\/v2\/tags?post=210203"}],"curies":[{"name":"wp","href":"https:\/\/api.w.org\/{rel}","templated":true}]}}