{"id":210295,"date":"2024-02-08T18:00:00","date_gmt":"2024-02-08T17:00:00","guid":{"rendered":"https:\/\/www.tucomarca.com\/wordpress\/segunda\/?p=210295"},"modified":"2024-02-08T20:25:32","modified_gmt":"2024-02-08T19:25:32","slug":"video-entrevista-lalcalde-de-turis-ismael-corell-fa-balanc-dels-primers-mesos-de-govern-i-ens-avanca-els-projectes-previstos-per-a-la-legislatura","status":"publish","type":"post","link":"https:\/\/www.tucomarca.com\/wordpress\/segunda\/ca\/video-entrevista-lalcalde-de-turis-ismael-corell-fa-balanc-dels-primers-mesos-de-govern-i-ens-avanca-els-projectes-previstos-per-a-la-legislatura\/","title":{"rendered":"V\u00eddeo-entrevista: l&#8217;alcalde de Tur\u00eds, Ismael Corell, fa balan\u00e7 dels primers mesos de govern i ens avan\u00e7a els projectes previstos per a la legislatura"},"content":{"rendered":"\n<figure class=\"wp-block-embed is-type-video is-provider-youtube wp-block-embed-youtube wp-embed-aspect-16-9 wp-has-aspect-ratio\"><div class=\"wp-block-embed__wrapper\">\n<iframe loading=\"lazy\" title=\"V\u00eddeo-entrevista: Ismael Corell hace balance de los primeros meses de esta legislatura en Tur\u00eds\" width=\"500\" height=\"281\" src=\"https:\/\/www.youtube.com\/embed\/B5DNHQnengQ?feature=oembed\" frameborder=\"0\" allow=\"accelerometer; autoplay; clipboard-write; encrypted-media; gyroscope; picture-in-picture; web-share\" referrerpolicy=\"strict-origin-when-cross-origin\" allowfullscreen><\/iframe>\n<\/div><\/figure>\n\n\n\n<p>L&#8217;alcalde de Tur\u00eds, Ismael Corell, ha detallat a <strong>tucomarca televisi\u00f3<\/strong> en aquesta v\u00eddeo-entrevista com s&#8217;han desenvolupat els primers mesos del govern que ell encap\u00e7ala en la localitat, els projectes previstos per a aquesta legislatura aix\u00ed com els detalls del pacte que la seua formaci\u00f3, el Partit Independent Per Tor\u00eds (PIPT), ha subscrit amb el Partit Popular per a garantir la governabilitat de Tur\u00eds durant la present legislatura.<\/p>\n","protected":false},"excerpt":{"rendered":"<div class=\"mh-excerpt\">L&#8217;alcalde de Tur\u00eds, Ismael Corell, ha detallat a tucomarca televisi\u00f3 en aquesta v\u00eddeo-entrevista com s&#8217;han desenvolupat els primers mesos del govern que ell encap\u00e7ala en la localitat, els projectes previstos per a aquesta legislatura aix\u00ed <a class=\"mh-excerpt-more\" href=\"https:\/\/www.tucomarca.com\/wordpress\/segunda\/ca\/video-entrevista-lalcalde-de-turis-ismael-corell-fa-balanc-dels-primers-mesos-de-govern-i-ens-avanca-els-projectes-previstos-per-a-la-legislatura\/\" title=\"V\u00eddeo-entrevista: l&#8217;alcalde de Tur\u00eds, Ismael Corell, fa balan\u00e7 dels primers mesos de govern i ens avan\u00e7a els projectes previstos per a la legislatura\">[+] <\/a><\/div>\n","protected":false},"author":1,"featured_media":210293,"comment_status":"open","ping_status":"open","sticky":false,"template":"","format":"video","meta":{"footnotes":""},"categories":[10905,10898,10948,10894,10904,10902,10947,10896,11047,11062],"tags":[19390,11077,11093],"class_list":{"0":"post-210295","1":"post","2":"type-post","3":"status-publish","4":"format-video","5":"has-post-thumbnail","7":"category-agricultura-la-comarca-ca","8":"category-ventana-ca","9":"category-infraestructuras-ca","10":"category-la-comarca-ca","11":"category-sin-categorizar-ca","12":"category-la-ribera-ca","13":"category-politica","14":"category-seccion-ca","15":"category-turis-ca","16":"category-videos","17":"tag-ismael-corell-ca","18":"tag-la-ribera-alta-ca","19":"tag-turis-ca","20":"post_format-post-format-video"},"_links":{"self":[{"href":"https:\/\/www.tucomarca.com\/wordpress\/segunda\/ca\/wp-json\/wp\/v2\/posts\/210295","targetHints":{"allow":["GET"]}}],"collection":[{"href":"https:\/\/www.tucomarca.com\/wordpress\/segunda\/ca\/wp-json\/wp\/v2\/posts"}],"about":[{"href":"https:\/\/www.tucomarca.com\/wordpress\/segunda\/ca\/wp-json\/wp\/v2\/types\/post"}],"author":[{"embeddable":true,"href":"https:\/\/www.tucomarca.com\/wordpress\/segunda\/ca\/wp-json\/wp\/v2\/users\/1"}],"replies":[{"embeddable":true,"href":"https:\/\/www.tucomarca.com\/wordpress\/segunda\/ca\/wp-json\/wp\/v2\/comments?post=210295"}],"version-history":[{"count":0,"href":"https:\/\/www.tucomarca.com\/wordpress\/segunda\/ca\/wp-json\/wp\/v2\/posts\/210295\/revisions"}],"wp:featuredmedia":[{"embeddable":true,"href":"https:\/\/www.tucomarca.com\/wordpress\/segunda\/ca\/wp-json\/wp\/v2\/media\/210293"}],"wp:attachment":[{"href":"https:\/\/www.tucomarca.com\/wordpress\/segunda\/ca\/wp-json\/wp\/v2\/media?parent=210295"}],"wp:term":[{"taxonomy":"category","embeddable":true,"href":"https:\/\/www.tucomarca.com\/wordpress\/segunda\/ca\/wp-json\/wp\/v2\/categories?post=210295"},{"taxonomy":"post_tag","embeddable":true,"href":"https:\/\/www.tucomarca.com\/wordpress\/segunda\/ca\/wp-json\/wp\/v2\/tags?post=210295"}],"curies":[{"name":"wp","href":"https:\/\/api.w.org\/{rel}","templated":true}]}}