{"id":210584,"date":"2024-02-09T09:09:00","date_gmt":"2024-02-09T08:09:00","guid":{"rendered":"https:\/\/www.tucomarca.com\/wordpress\/segunda\/?p=210584"},"modified":"2024-02-09T23:09:44","modified_gmt":"2024-02-09T22:09:44","slug":"ana-alcover-i-andrea-sala-seran-exaltades-aquest-dissabte-i-el-proxim-com-a-falleres-majors-2024-de-els-barris-de-turis","status":"publish","type":"post","link":"https:\/\/www.tucomarca.com\/wordpress\/segunda\/ca\/ana-alcover-i-andrea-sala-seran-exaltades-aquest-dissabte-i-el-proxim-com-a-falleres-majors-2024-de-els-barris-de-turis\/","title":{"rendered":"Ana Alcover i Andrea Sala seran exaltades aquest dissabte i el pr\u00f2xim com a Falleres\u00a0 Majors 2024 de Els Barris de Tur\u00eds"},"content":{"rendered":"\n<p>Aquest dissabte est\u00e0 prevista en el Teatre Ideal de Tur\u00eds, l&#8217;exaltaci\u00f3 de la Fallera Major de la comissi\u00f3 Els Barris, la comissi\u00f3 m\u00e9s nombrosa de la localitat, \u00e9s per aix\u00f2 que celebra la seua presentaci\u00f3 en dos dies diferents. El dissabte, a partir de les 18,00 hores, est\u00e0 prevista la posada de llarg d&#8217;Ana Alcover Ib\u00e1\u00f1ez, que espera aquest moment amb enorme il\u00b7lusi\u00f3 i que recollir\u00e0 el testimoni de Leonor Garc\u00eda Ballester.<\/p>\n\n\n\n<p>Mentre que el pr\u00f2xim sabado, 17 de febrer, tamb\u00e9 a les 18,00 hores, ser\u00e0 el torn de la xiqueta Andrea Sala Zafrilla. En totes dues exaltacions acompanyades pel President Infantil, Sergi Serrano Algarra i el President, Iv\u00e1n Torres Pic\u00f3. Durant l&#8217;acte tamb\u00e9 es donaran a con\u00e9ixer les corts d&#8217;honor que acompanyaran a les falleres durant aquest 2024.<\/p>\n\n\n\n<p>Les m\u00e0ximes representants de Els Barris esperen ja ansioses al fet que arriben les Falles per a poder gaudir amb les seues fam\u00edlies i la seua comissi\u00f3 d&#8217;unes inoblidables festes josefinas.<\/p>\n\n\n\n<figure class=\"wp-block-image size-large\"><img loading=\"lazy\" decoding=\"async\" width=\"819\" height=\"1024\" src=\"http:\/\/www.tucomarca.com\/wordpress\/segunda\/wp-content\/uploads\/2024\/02\/Barris-819x1024.jpg\" alt=\"\" class=\"wp-image-210579\" srcset=\"https:\/\/www.tucomarca.com\/wordpress\/segunda\/wp-content\/uploads\/2024\/02\/Barris-819x1024.jpg 819w, https:\/\/www.tucomarca.com\/wordpress\/segunda\/wp-content\/uploads\/2024\/02\/Barris-240x300.jpg 240w, https:\/\/www.tucomarca.com\/wordpress\/segunda\/wp-content\/uploads\/2024\/02\/Barris-768x960.jpg 768w, https:\/\/www.tucomarca.com\/wordpress\/segunda\/wp-content\/uploads\/2024\/02\/Barris.jpg 1127w\" sizes=\"auto, (max-width: 819px) 100vw, 819px\" \/><\/figure>\n","protected":false},"excerpt":{"rendered":"<div class=\"mh-excerpt\">Aquest dissabte est\u00e0 prevista en el Teatre Ideal de Tur\u00eds, l&#8217;exaltaci\u00f3 de la Fallera Major de la comissi\u00f3 Els Barris, la comissi\u00f3 m\u00e9s nombrosa de la localitat, \u00e9s per aix\u00f2 que celebra la seua presentaci\u00f3 <a class=\"mh-excerpt-more\" href=\"https:\/\/www.tucomarca.com\/wordpress\/segunda\/ca\/ana-alcover-i-andrea-sala-seran-exaltades-aquest-dissabte-i-el-proxim-com-a-falleres-majors-2024-de-els-barris-de-turis\/\" title=\"Ana Alcover i Andrea Sala seran exaltades aquest dissabte i el pr\u00f2xim com a Falleres\u00a0 Majors 2024 de Els Barris de Tur\u00eds\">[+] <\/a><\/div>\n","protected":false},"author":12,"featured_media":210582,"comment_status":"open","ping_status":"open","sticky":false,"template":"","format":"standard","meta":{"footnotes":""},"categories":[11019,10894,10904,10902,11007,10896,11047],"tags":[11712,19154,11356,11093],"class_list":{"0":"post-210584","1":"post","2":"type-post","3":"status-publish","4":"format-standard","5":"has-post-thumbnail","7":"category-agenda-ca","8":"category-la-comarca-ca","9":"category-sin-categorizar-ca","10":"category-la-ribera-ca","11":"category-ocio-y-cultura-ca","12":"category-seccion-ca","13":"category-turis-ca","14":"tag-falla-els-barris-ca","15":"tag-fallas-2024-ca","16":"tag-ribera-alta-ca","17":"tag-turis-ca"},"_links":{"self":[{"href":"https:\/\/www.tucomarca.com\/wordpress\/segunda\/ca\/wp-json\/wp\/v2\/posts\/210584","targetHints":{"allow":["GET"]}}],"collection":[{"href":"https:\/\/www.tucomarca.com\/wordpress\/segunda\/ca\/wp-json\/wp\/v2\/posts"}],"about":[{"href":"https:\/\/www.tucomarca.com\/wordpress\/segunda\/ca\/wp-json\/wp\/v2\/types\/post"}],"author":[{"embeddable":true,"href":"https:\/\/www.tucomarca.com\/wordpress\/segunda\/ca\/wp-json\/wp\/v2\/users\/12"}],"replies":[{"embeddable":true,"href":"https:\/\/www.tucomarca.com\/wordpress\/segunda\/ca\/wp-json\/wp\/v2\/comments?post=210584"}],"version-history":[{"count":0,"href":"https:\/\/www.tucomarca.com\/wordpress\/segunda\/ca\/wp-json\/wp\/v2\/posts\/210584\/revisions"}],"wp:featuredmedia":[{"embeddable":true,"href":"https:\/\/www.tucomarca.com\/wordpress\/segunda\/ca\/wp-json\/wp\/v2\/media\/210582"}],"wp:attachment":[{"href":"https:\/\/www.tucomarca.com\/wordpress\/segunda\/ca\/wp-json\/wp\/v2\/media?parent=210584"}],"wp:term":[{"taxonomy":"category","embeddable":true,"href":"https:\/\/www.tucomarca.com\/wordpress\/segunda\/ca\/wp-json\/wp\/v2\/categories?post=210584"},{"taxonomy":"post_tag","embeddable":true,"href":"https:\/\/www.tucomarca.com\/wordpress\/segunda\/ca\/wp-json\/wp\/v2\/tags?post=210584"}],"curies":[{"name":"wp","href":"https:\/\/api.w.org\/{rel}","templated":true}]}}